{"id":29138,"date":"2021-09-13T04:38:00","date_gmt":"2021-09-13T04:38:00","guid":{"rendered":"http:\/\/hoycordobaweb.com\/index.php\/2021\/09\/13\/la-izquierda-se-posiciono-como-la-tercera-fuera-a-nivel-nacional\/"},"modified":"2021-09-13T04:38:00","modified_gmt":"2021-09-13T04:38:00","slug":"la-izquierda-se-posiciono-como-la-tercera-fuera-a-nivel-nacional","status":"publish","type":"post","link":"http:\/\/hoycordobaweb.com\/index.php\/2021\/09\/13\/la-izquierda-se-posiciono-como-la-tercera-fuera-a-nivel-nacional\/","title":{"rendered":"La izquierda se posicion\u00f3 como la tercera fuera a nivel nacional"},"content":{"rendered":"<p><img src=\"http:\/\/hoycordobaweb.com\/wp-content\/uploads\/2021\/09\/la-izquierda-se-posiciono-como-la-tercera-fuera-a-nivel-nacional.jpg\"><\/p>\n<div><img src=\"http:\/\/hoycordobaweb.com\/wp-content\/uploads\/2021\/09\/la-izquierda-se-posiciono-como-la-tercera-fuera-a-nivel-nacional-2.jpg\" class=\"ff-og-image-inserted\"><\/div>\n<p> <iframe width=\"560\" height=\"315\" src=\"https:\/\/www.youtube.com\/embed\/Avdrp_xl1Wg?wmode=transparent&amp;showinfo=0&amp;autohide=1&amp;rel=0\" frameborder=\"0\" allowfullscreen>[embedded content]<\/iframe> <\/p>\n<p>El Frente de Izquierda-Unidad celebr\u00f3 sus n\u00fameros en las PASO.<\/p>\n<p>El<strong> Frente de Izquierda y los Trabajadores-Unidad se posicion\u00f3 como la tercera fuerza<\/strong> a nivel nacional en las primarias abiertas, simult\u00e1neas y obligatorias (PASO), tendencia que podr\u00eda representar una elecci\u00f3n hist\u00f3rica si el resultado se replica en las elecciones legislativas generales del 14 de noviembre.<\/p>\n<p>Con muy buenos resultados en la <strong>provincia de Buenos Aires<\/strong>, donde obtuvo el<strong> 5,21%<\/strong> de los votos (escrutadas el 95,4% de las mesas), el <strong>6,23%<\/strong> en la <strong>Ciudad de Buenos Aires<\/strong> (con el 98,64%d de las mesas escrutadas) y el <strong>23,37% en Jujuy<\/strong> (con el 97,15% de las mesas escrutadas), el FITU se convert\u00eda en la tercera fuerza a nivel nacional, luego del Frente de Todos y Juntos por el Cambio.<\/p>\n<p>En la provincia de Buenos Aires fue la tercera fuerza m\u00e1s votada, sumando 400.000 votos en tanto que en la Ciudad de Buenos Aires qued\u00f3 en cuarto lugar, detr\u00e1s de la agrupaci\u00f3n de derecha La Libertad Avanza, de Javier Milei.<\/p>\n<p>Siguiendo con la provincia de Buenos Aires, el principal distrito de la Argentina, la izquierda obtuvo el 5,18 por ciento de los votos (m\u00e1s de 400 mil votos), y qued\u00f3 detr\u00e1s de Juntos por el Cambio (38,16) y del Frente de Todos (33,53), y releg\u00f3 al cuarto lugar a la lista de \u201cAvanza Libertad\u201d que logr\u00f3 el 4,85 por ciento de los sufragios.<\/p>\n<p>En la interna de la provincia, la lista Unidad de la Izquierda, que postula al exdiputado <strong>Nicol\u00e1s del Ca\u00f1o<\/strong> y a <strong>Romina del Pla<\/strong>, obtuvo m\u00e1s del 80 por ciento de los votos del espacio, relegando a la n\u00f3mina que encabezaba Alejandro Bodart con Vilma Ripoll.<\/p>\n<p>En la Ciudad Aut\u00f3noma de Buenos Aires, el FIT-U qued\u00f3 en el cuarto puesto con el 6,22 por ciento de los votos, detr\u00e1s de Juntos por el Cambio (48,21), el Frente de Todos (24,64) y la Libertad Avanza (13,66).<\/p>\n<p>Dentro de la estructura de la izquierda el triunfo tambi\u00e9n fue para la lista Unidad de la Izquierda que postulaba como precandidata a diputada nacional a <strong>Myriam Bregman<\/strong> al obtener el 86 por ciento de los votos, relegando a la postulante de (R)Evolucionemos la Izquierda, Cele Fierro.<\/p>\n<p>En el resto del pa\u00eds, <strong>la izquierda lleg\u00f3 al cuarto lugar<\/strong>, como en <strong>Chubut<\/strong>, donde obtuvo casi el diez por ciento de los votos, y en C\u00f3rdoba alcanz\u00f2 el 4 por ciento.<\/p>\n<p>Milei, festej\u00f3 a lo Trump<\/p>\n<p>Otras de las sorpresas de las PASO de hoy fue el frente La Libertad Avanza, el espacio que postula al economista <strong>Javier Milei<\/strong>, que festej\u00f3 con sus seguidores en el bunker organizado en un hotel del GrandView Hotel.<\/p>\n<p>\u00abEn este primer paso que da el liberalismo, se llev\u00f3 el 25% de los votos (a nivel nacional) y en noviembre vamos a dejar terceros a los K y los vamos a sacar\u00bb, afirm\u00f3 en su mensaje a sus seguidores.<\/p>\n<p>Al grito de \u201cla casta tiene miedo\u201d, los militantes de Milei coparon el lugar en el que se aguardaron los resultados y donde se hab\u00edan dispuesto banderas argentinas que rodeaban una gran pantalla de led donde emit\u00edan los discursos que Milei pronunci\u00f3 durante los distintos actos de campa\u00f1a.<\/p>\n<p>En el interior del sal\u00f3n dispusieron el escenario, con la carteler\u00eda que lo representa: la figura de un le\u00f3n.<\/p>\n<p>Tambi\u00e9n se pod\u00eda ver a algunos j\u00f3venes envueltos en una bandera amarilla que llevaba dibujada una serpiente y la leyenda \u201cDon\u2019t tread on me\u201d que forma parte de la iconograf\u00eda de los grupos m\u00e1s radicalizados del partido Republicano de los Estados Unidos y de los seguidores del ex presidente Donald Trump.<\/p>\n<p>\u201c\u00a1Viva la libertad, carajo!\u201d, grit\u00f3 el candidato cuando subi\u00f3 al escenario y luego expres\u00f3: \u201cvine a despertar leones y los leones est\u00e1n despertando\u201d.<\/p>\n<p>Randazzo, uno de los grandes derrotados<\/p>\n<p>En cambio, el peronismo disidente que llevaba como precandidato en Buenos Aires a <strong>Florencio Randazzo<\/strong> hizo una pobre performance en general y fue uno de los grandes derrotados de la jornada.<\/p>\n<p>\u201cVamos con vos\u201d, que en la provincia de Buenos Aires, llev\u00f3 como primer precandidato a diputado nacional al ex ministro del Interior, Florencio Randazzo acompa\u00f1ado en el segundo lugar de la n\u00f3mina por la dirigente de la Uni\u00f3n Industrial Argentina (UIA), Carolina Castro, obtuvo el <strong>3,71%<\/strong>, lejos del 5,31% de votos que obtuvo en las PASO del 2017 cuando se present\u00f3 como precandidato a senador por el Frente Justicialista.<\/p>\n<p>\u00abQueremos agradecer con Carolina Castro a todas y todos los argentinos que hoy fueron a votar y felicitar a los ganadores de esta noche. Tambi\u00e9n agradecemos al espacio de #VamosConVos y a todos los candidatos y candidatas que nos acompa\u00f1aron en este camino que reci\u00e9n empieza\u00bb, escribi\u00f3 Randazzo esta noche en su cuenta de Twitter.<\/p>\n<p>En ese marco, continu\u00f3: \u00abSabemos que es dif\u00edcil, pero otra Buenos Aires es posible. Desde #VamosConVos continuaremos dando a conocer nuestras propuestas para que quienes voten tengan una verdadera alternativa para solucionar los problemas de nuestro pa\u00eds\u00bb. <\/p>\n","protected":false},"excerpt":{"rendered":"<p>[embedded content] El Frente de Izquierda-Unidad celebr\u00f3 sus n\u00fameros en las PASO. El Frente de Izquierda y los Trabajadores-Unidad se posicion\u00f3 como la tercera fuerza a nivel nacional en las primarias abiertas, simult\u00e1neas y obligatorias (PASO), tendencia que podr\u00eda representar una elecci\u00f3n hist\u00f3rica si el resultado se replica en las elecciones legislativas generales del 14 [&hellip;]<\/p>\n","protected":false},"author":1,"featured_media":29139,"comment_status":"open","ping_status":"closed","sticky":false,"template":"","format":"standard","meta":[],"categories":[19],"tags":[],"_links":{"self":[{"href":"http:\/\/hoycordobaweb.com\/index.php\/wp-json\/wp\/v2\/posts\/29138"}],"collection":[{"href":"http:\/\/hoycordobaweb.com\/index.php\/wp-json\/wp\/v2\/posts"}],"about":[{"href":"http:\/\/hoycordobaweb.com\/index.php\/wp-json\/wp\/v2\/types\/post"}],"author":[{"embeddable":true,"href":"http:\/\/hoycordobaweb.com\/index.php\/wp-json\/wp\/v2\/users\/1"}],"replies":[{"embeddable":true,"href":"http:\/\/hoycordobaweb.com\/index.php\/wp-json\/wp\/v2\/comments?post=29138"}],"version-history":[{"count":0,"href":"http:\/\/hoycordobaweb.com\/index.php\/wp-json\/wp\/v2\/posts\/29138\/revisions"}],"wp:featuredmedia":[{"embeddable":true,"href":"http:\/\/hoycordobaweb.com\/index.php\/wp-json\/wp\/v2\/media\/29139"}],"wp:attachment":[{"href":"http:\/\/hoycordobaweb.com\/index.php\/wp-json\/wp\/v2\/media?parent=29138"}],"wp:term":[{"taxonomy":"category","embeddable":true,"href":"http:\/\/hoycordobaweb.com\/index.php\/wp-json\/wp\/v2\/categories?post=29138"},{"taxonomy":"post_tag","embeddable":true,"href":"http:\/\/hoycordobaweb.com\/index.php\/wp-json\/wp\/v2\/tags?post=29138"}],"curies":[{"name":"wp","href":"https:\/\/api.w.org\/{rel}","templated":true}]}}