{"id":29074,"date":"2021-09-12T00:30:00","date_gmt":"2021-09-12T00:30:00","guid":{"rendered":"http:\/\/hoycordobaweb.com\/index.php\/2021\/09\/12\/cuales-son-los-cuidados-sanitarios-para-ir-a-votar\/"},"modified":"2021-09-12T00:30:00","modified_gmt":"2021-09-12T00:30:00","slug":"cuales-son-los-cuidados-sanitarios-para-ir-a-votar","status":"publish","type":"post","link":"http:\/\/hoycordobaweb.com\/index.php\/2021\/09\/12\/cuales-son-los-cuidados-sanitarios-para-ir-a-votar\/","title":{"rendered":"Cu\u00e1les son los cuidados sanitarios para ir a votar"},"content":{"rendered":"<p><img src=\"http:\/\/hoycordobaweb.com\/wp-content\/uploads\/2021\/09\/cuales-son-los-cuidados-sanitarios-para-ir-a-votar.jpg\"><\/p>\n<div class=\"image\" id=\"image\" readability=\"7\"> <img src=\"http:\/\/hoycordobaweb.com\/wp-content\/uploads\/2021\/09\/cuales-son-los-cuidados-sanitarios-para-ir-a-votar-2.jpg\" alt=\"Se recomienda llevar un bol\u00edgrafo propio para firmar el padr\u00f3n. Foto: Germ\u00e1n Pomar.\" title=\"Se recomienda llevar un bol\u00edgrafo propio para firmar el padr\u00f3n. Foto: Germ\u00e1n Pomar.\"><\/p>\n<p>Se recomienda llevar un bol\u00edgrafo propio para firmar el padr\u00f3n. Foto: Germ\u00e1n Pomar.<\/p>\n<\/div>\n<p>Los argentinos concurrir\u00e1n este domingo&nbsp; a votar en las elecciones primarias, abiertas, simult\u00e1neas y obligatorias (PASO) por primera vez con un protocolo sanitario por la pandemia de coronavirus, que incluye medidas de prevenci\u00f3n y organizativas e incorpora la figura de facilitadores sanitarios.<\/p>\n<p>El \u00abProtocolo sanitario de prevenci\u00f3n COVID-19 \u2013 Elecciones nacionales 2021\u00bb fue elaborado en forma conjunta por la Direcci\u00f3n Nacional Electoral del Ministerio de Interior y el Ministerio de Salud de la Naci\u00f3n.<\/p>\n<p>Luego, fue aprobado el 3 de agosto pasado mediante la Acordada Extraordinaria N\u00ba 83 de la C\u00e1mara Nacional Electoral.<\/p>\n<p> <iframe width=\"560\" height=\"315\" src=\"https:\/\/www.youtube.com\/embed\/PnfdXlxWPFU?wmode=transparent&amp;showinfo=0&amp;autohide=1&amp;rel=0\" frameborder=\"0\" allowfullscreen>[embedded content]<\/iframe> <\/p>\n<p>\u00bfQu\u00e9 vot\u00e1s en las PASO?<\/p>\n<p>El protocolo a la hora de ir a votar<\/p>\n<p><strong>Las siguientes preguntas y respuestas refieren a las principales medidas y recomendaciones previstas en el Protocolo para evitar contagios de coronavirus el d\u00eda de la votaci\u00f3n:<\/strong><\/p>\n<p><strong>&#8211; \u00bfEs obligatorio el uso del barbijo para ir a votar?<\/strong><br \/>S\u00ed, se debe utilizar barbijo correctamente durante toda la jornada de votaci\u00f3n.<\/p>\n<p><strong>&#8211; \u00bfLa distancia social ser\u00e1 obligatoria en los centros de votaci\u00f3n y mientras se espera para sufragar?<\/strong><br \/>Una de las recomendaciones del Protocolo es mantener distancia con otras personas como forma de evitar contagios.<\/p>\n<p><strong>&#8211; \u00bfQu\u00e9 otras medidas sanitarias debo cumplir cuando voy a votar?<\/strong><br \/>Se recomienda toser o estornudar sobre el pliegue del codo y evitar tocarse la cara.<\/p>\n<p><strong>&#8211; \u00bfDebo usar alcohol en gel?<\/strong><br \/>Se recomienda higienizar las manos con alcohol en gel o soluci\u00f3n sanitizante antes y despu\u00e9s de ingresar al cuarto oscuro.<\/p>\n<p><strong>&#8211; Los adultos mayores y las personas que integran grupos de riesgo, \u00bftienen alguna prioridad horaria para concurrir a votar?<\/strong><br \/>Los adultos mayores y las personas de grupos de riesgo tienen prioridad para votar entre las 10.30 y las 12.30.<\/p>\n<div class=\"image\" id=\"image\" readability=\"8\"> <img src=\"http:\/\/hoycordobaweb.com\/wp-content\/uploads\/2021\/09\/cuales-son-los-cuidados-sanitarios-para-ir-a-votar-3.jpg\" alt=\"Se recomienda higienizar las manos con alcohol en gel o soluci\u00f3n sanitizante antes y despu\u00e9s de ingresar al cuarto oscuro. Imagen de archivo.\" title=\"Se recomienda higienizar las manos con alcohol en gel o soluci\u00f3n sanitizante antes y despu\u00e9s de ingresar al cuarto oscuro. Imagen de archivo.\"><\/p>\n<p>Se recomienda higienizar las manos con alcohol en gel o soluci\u00f3n sanitizante antes y despu\u00e9s de ingresar al cuarto oscuro. Imagen de archivo.<\/p>\n<\/div>\n<p><strong>&#8211; \u00bfCu\u00e1les son las medidas sanitarias para evitar la manipulaci\u00f3n de documentaci\u00f3n al momento de votar?<\/strong><br \/>Se solicitar\u00e1 que la persona muestre su DNI y lo apoye sobre la mesa, mientras que la autoridad de mesa podr\u00e1 indicar al elector que se baje moment\u00e1neamente el barbijo para corroborar su identidad.<\/p>\n<p><strong>&#8211; \u00bfCu\u00e1les son las medidas previstas despu\u00e9s de introducir el sobre en la urna?<\/strong><br \/>El elector deber\u00e1 recoger el troquel y su DNI de la mesa de votaci\u00f3n.<\/p>\n<p><strong>&#8211; \u00bfDebo llevar mi propio bol\u00edgrafo el d\u00eda de la elecci\u00f3n?<\/strong><br \/>Se recomienda llevar un bol\u00edgrafo propio para firmar el padr\u00f3n.<\/p>\n<p><strong>&#8211; \u00bfC\u00f3mo cierro el sobre?<br \/><a href=\"https:\/\/www.telam.com.ar\/notas\/202109\/567761-como-cerrar-el-sobre-de-votacion-en-las-paso-del-domingo-proximo.html\" target=\"_blank\" rel=\"noopener noreferrer\">Se recomienda no salivar el sobre para cerrarlo<\/a><\/strong>. En su lugar, se puede utilizar pegamento o introducir la solapa dentro del sobre.<\/p>\n<p><strong>&#8211; \u00bfQu\u00e9 pasa si a las 18, hora de cierre de los comicios, hay votantes haciendo fila<\/strong><br \/>afuera del establecimiento?<br \/>En ese caso, el delegado judicial entregar\u00e1 un n\u00famero para certificar que a esa hora estaban presentes para votar, y se les permitir\u00e1 el ingreso a posterior.<\/p>\n<div class=\"image\" id=\"image\"> <img src=\"http:\/\/hoycordobaweb.com\/wp-content\/uploads\/2021\/09\/cuales-son-los-cuidados-sanitarios-para-ir-a-votar-4.jpg\" alt=\"Infograf\u00eda.\" title=\"Infograf\u00eda.\"><\/p>\n<p>Infograf\u00eda.<\/p>\n<\/div>\n<p><strong>&#8211; \u00bfPuedo ir acompa\u00f1ado a votar?<\/strong><br \/>Solo en el caso de que sea estrictamente necesario, se permitir\u00e1 el ingreso con acompa\u00f1antes a los lugares de votaci\u00f3n.<\/p>\n<p><strong>&#8211; \u00bfQui\u00e9n es el facilitador sanitario?<\/strong><br \/>Se trata de una figura creada en el marco del Protocolo y ser\u00e1 un integrante del comando electoral que se desempe\u00f1a en cada establecimiento de votaci\u00f3n.<\/p>\n<p><strong>&#8211; \u00bfCu\u00e1l es el rol del facilitador sanitario?<\/strong><br \/>Se encarga de ordenar el ingreso de los votantes, constatar el correcto uso de tapabocas, hacer respetar el distanciamiento social de dos metros entre las personas y limitar la capacidad de personas en los lugares de votaci\u00f3n. <\/p>\n","protected":false},"excerpt":{"rendered":"<p>Se recomienda llevar un bol\u00edgrafo propio para firmar el padr\u00f3n. Foto: Germ\u00e1n Pomar. Los argentinos concurrir\u00e1n este domingo&nbsp; a votar en las elecciones primarias, abiertas, simult\u00e1neas y obligatorias (PASO) por primera vez con un protocolo sanitario por la pandemia de coronavirus, que incluye medidas de prevenci\u00f3n y organizativas e incorpora la figura de facilitadores sanitarios. [&hellip;]<\/p>\n","protected":false},"author":1,"featured_media":29075,"comment_status":"open","ping_status":"closed","sticky":false,"template":"","format":"standard","meta":[],"categories":[19],"tags":[],"_links":{"self":[{"href":"http:\/\/hoycordobaweb.com\/index.php\/wp-json\/wp\/v2\/posts\/29074"}],"collection":[{"href":"http:\/\/hoycordobaweb.com\/index.php\/wp-json\/wp\/v2\/posts"}],"about":[{"href":"http:\/\/hoycordobaweb.com\/index.php\/wp-json\/wp\/v2\/types\/post"}],"author":[{"embeddable":true,"href":"http:\/\/hoycordobaweb.com\/index.php\/wp-json\/wp\/v2\/users\/1"}],"replies":[{"embeddable":true,"href":"http:\/\/hoycordobaweb.com\/index.php\/wp-json\/wp\/v2\/comments?post=29074"}],"version-history":[{"count":0,"href":"http:\/\/hoycordobaweb.com\/index.php\/wp-json\/wp\/v2\/posts\/29074\/revisions"}],"wp:featuredmedia":[{"embeddable":true,"href":"http:\/\/hoycordobaweb.com\/index.php\/wp-json\/wp\/v2\/media\/29075"}],"wp:attachment":[{"href":"http:\/\/hoycordobaweb.com\/index.php\/wp-json\/wp\/v2\/media?parent=29074"}],"wp:term":[{"taxonomy":"category","embeddable":true,"href":"http:\/\/hoycordobaweb.com\/index.php\/wp-json\/wp\/v2\/categories?post=29074"},{"taxonomy":"post_tag","embeddable":true,"href":"http:\/\/hoycordobaweb.com\/index.php\/wp-json\/wp\/v2\/tags?post=29074"}],"curies":[{"name":"wp","href":"https:\/\/api.w.org\/{rel}","templated":true}]}}