{"id":28965,"date":"2021-09-11T01:30:00","date_gmt":"2021-09-11T01:30:00","guid":{"rendered":"http:\/\/hoycordobaweb.com\/index.php\/2021\/09\/11\/la-afa-se-quedo-con-la-presidencia-de-la-camara-del-estatuto-del-jugador-de-fifa-doble-amarilla\/"},"modified":"2021-09-11T01:30:00","modified_gmt":"2021-09-11T01:30:00","slug":"la-afa-se-quedo-con-la-presidencia-de-la-camara-del-estatuto-del-jugador-de-fifa-doble-amarilla","status":"publish","type":"post","link":"http:\/\/hoycordobaweb.com\/index.php\/2021\/09\/11\/la-afa-se-quedo-con-la-presidencia-de-la-camara-del-estatuto-del-jugador-de-fifa-doble-amarilla\/","title":{"rendered":"La AFA se qued\u00f3 con la presidencia de la C\u00e1mara del Estatuto del Jugador de FIFA &#8211; Doble Amarilla"},"content":{"rendered":"<p>El <b>f\u00fatbol argentino<\/b> consigui\u00f3 el m\u00e1ximo cargo en el primer caso y logr\u00f3 meter un directivo en la CRD. \u00bfDe qui\u00e9nes se trata? <\/p>\n","protected":false},"excerpt":{"rendered":"<p>El f\u00fatbol argentino consigui\u00f3 el m\u00e1ximo cargo en el primer caso y logr\u00f3 meter un directivo en la CRD. \u00bfDe qui\u00e9nes se trata?<\/p>\n","protected":false},"author":1,"featured_media":0,"comment_status":"closed","ping_status":"closed","sticky":false,"template":"","format":"standard","meta":[],"categories":[22],"tags":[],"_links":{"self":[{"href":"http:\/\/hoycordobaweb.com\/index.php\/wp-json\/wp\/v2\/posts\/28965"}],"collection":[{"href":"http:\/\/hoycordobaweb.com\/index.php\/wp-json\/wp\/v2\/posts"}],"about":[{"href":"http:\/\/hoycordobaweb.com\/index.php\/wp-json\/wp\/v2\/types\/post"}],"author":[{"embeddable":true,"href":"http:\/\/hoycordobaweb.com\/index.php\/wp-json\/wp\/v2\/users\/1"}],"replies":[{"embeddable":true,"href":"http:\/\/hoycordobaweb.com\/index.php\/wp-json\/wp\/v2\/comments?post=28965"}],"version-history":[{"count":0,"href":"http:\/\/hoycordobaweb.com\/index.php\/wp-json\/wp\/v2\/posts\/28965\/revisions"}],"wp:attachment":[{"href":"http:\/\/hoycordobaweb.com\/index.php\/wp-json\/wp\/v2\/media?parent=28965"}],"wp:term":[{"taxonomy":"category","embeddable":true,"href":"http:\/\/hoycordobaweb.com\/index.php\/wp-json\/wp\/v2\/categories?post=28965"},{"taxonomy":"post_tag","embeddable":true,"href":"http:\/\/hoycordobaweb.com\/index.php\/wp-json\/wp\/v2\/tags?post=28965"}],"curies":[{"name":"wp","href":"https:\/\/api.w.org\/{rel}","templated":true}]}}