{"id":28819,"date":"2021-09-07T17:45:16","date_gmt":"2021-09-07T17:45:16","guid":{"rendered":"http:\/\/fono.fcm.unc.edu.ar\/?p=6920"},"modified":"2021-09-07T17:45:16","modified_gmt":"2021-09-07T17:45:16","slug":"coronavirus-desde-este-martes-se-vacunara-de-manera-espontanea-a-mayores-de-18-anos","status":"publish","type":"post","link":"http:\/\/hoycordobaweb.com\/index.php\/2021\/09\/07\/coronavirus-desde-este-martes-se-vacunara-de-manera-espontanea-a-mayores-de-18-anos\/","title":{"rendered":"Coronavirus: Desde este martes se vacunar\u00e1 de manera espont\u00e1nea a mayores de 18 a\u00f1os"},"content":{"rendered":"<h2 class=\"fusion-post-title\">Coronavirus: Desde este martes se vacunar\u00e1 de manera espont\u00e1nea a mayores de 18 a\u00f1os<\/h2>\n<div class=\"post-content\" readability=\"43.256975036711\">\n<p><img loading=\"lazy\" class=\"alignright wp-image-6921 size-fusion-400\" src=\"https:\/\/fono.fcm.unc.edu.ar\/wp-content\/uploads\/sites\/14\/2021\/09\/Vacuna-covid1-400x267.jpg\" alt width=\"400\" height=\"267\" srcset=\"https:\/\/fono.fcm.unc.edu.ar\/wp-content\/uploads\/sites\/14\/2021\/09\/Vacuna-covid1-200x133.jpg 200w, https:\/\/fono.fcm.unc.edu.ar\/wp-content\/uploads\/sites\/14\/2021\/09\/Vacuna-covid1-300x200.jpg 300w, https:\/\/fono.fcm.unc.edu.ar\/wp-content\/uploads\/sites\/14\/2021\/09\/Vacuna-covid1-400x267.jpg 400w, https:\/\/fono.fcm.unc.edu.ar\/wp-content\/uploads\/sites\/14\/2021\/09\/Vacuna-covid1-600x400.jpg 600w, https:\/\/fono.fcm.unc.edu.ar\/wp-content\/uploads\/sites\/14\/2021\/09\/Vacuna-covid1-768x512.jpg 768w, https:\/\/fono.fcm.unc.edu.ar\/wp-content\/uploads\/sites\/14\/2021\/09\/Vacuna-covid1-800x533.jpg 800w, https:\/\/fono.fcm.unc.edu.ar\/wp-content\/uploads\/sites\/14\/2021\/09\/Vacuna-covid1.jpg 990w\" sizes=\"(max-width: 400px) 100vw, 400px\">El gobierno de la Provincia de C\u00f3rdoba a trav\u00e9s de la autoridad sanitaria informa que, a partir del martes 7 de septiembre, las personas mayores de 18 a\u00f1os que no han recibido la primera dosis de la vacuna contra el Covid -19 y deseen vacunarse de manera voluntaria, podr\u00e1n presentarse de modo espont\u00e1neo y sin turno previo.<br \/>En C\u00f3rdoba Capital el centro de vacunaci\u00f3n asignados para la demanda espontanea son: Sheraton y Orfeo y en el Interior provincial se deber\u00e1 asistir al vacunatorio habitual para su coordinaci\u00f3n.<br \/>Asimismo, aquellas personas que perdieron su turno para colocarse la segunda dosis, pueden asistir tambi\u00e9n de manera espont\u00e1nea a los lugares indicados anteriormente para completar su esquema de inmunizaci\u00f3n con ambas dosis.<br \/>Las personas embarazadas y pu\u00e9rperas hasta 45 d\u00edas, tambi\u00e9n podr\u00e1n asistir de manera espont\u00e1nea a recibir la segunda dosis (sin necesidad de esperar turno de citaci\u00f3n) siempre que haya transcurrido el plazo m\u00ednimo de intervalo entre la primera y segunda dosis, conforme lo fij\u00f3 la autoridad sanitaria de acuerdo a la vacuna colocada.<br \/>Desde el Ministerio de Salud de la Provincia se recuerda la necesidad de seguir respetando las medidas de bioseguridad sanitaria establecidas y la aplicaci\u00f3n de los protocolos vigentes para evitar el contagio del Covid \u2013 19.<\/p>\n<p><em>(gentileza&nbsp;<a href=\"https:\/\/prensa.cba.gov.ar\/salud-2\/covid-19-desde-este-martes-se-vacunara-de-manera-espontanea-a-mayores-de-18-anos\/\" target=\"_blank\" rel=\"noopener noreferrer\">prensa.cba.gov.ar\/salud<\/a>)<\/em><\/p>\n<\/p><\/div>\n","protected":false},"excerpt":{"rendered":"<p>Coronavirus: Desde este martes se vacunar\u00e1 de manera espont\u00e1nea a mayores de 18 a\u00f1os El gobierno de la Provincia de C\u00f3rdoba a trav\u00e9s de la autoridad sanitaria informa que, a partir del martes 7 de septiembre, las personas mayores de 18 a\u00f1os que no han recibido la primera dosis de la vacuna contra el Covid [&hellip;]<\/p>\n","protected":false},"author":1,"featured_media":0,"comment_status":"closed","ping_status":"closed","sticky":false,"template":"","format":"standard","meta":[],"categories":[1],"tags":[],"_links":{"self":[{"href":"http:\/\/hoycordobaweb.com\/index.php\/wp-json\/wp\/v2\/posts\/28819"}],"collection":[{"href":"http:\/\/hoycordobaweb.com\/index.php\/wp-json\/wp\/v2\/posts"}],"about":[{"href":"http:\/\/hoycordobaweb.com\/index.php\/wp-json\/wp\/v2\/types\/post"}],"author":[{"embeddable":true,"href":"http:\/\/hoycordobaweb.com\/index.php\/wp-json\/wp\/v2\/users\/1"}],"replies":[{"embeddable":true,"href":"http:\/\/hoycordobaweb.com\/index.php\/wp-json\/wp\/v2\/comments?post=28819"}],"version-history":[{"count":0,"href":"http:\/\/hoycordobaweb.com\/index.php\/wp-json\/wp\/v2\/posts\/28819\/revisions"}],"wp:attachment":[{"href":"http:\/\/hoycordobaweb.com\/index.php\/wp-json\/wp\/v2\/media?parent=28819"}],"wp:term":[{"taxonomy":"category","embeddable":true,"href":"http:\/\/hoycordobaweb.com\/index.php\/wp-json\/wp\/v2\/categories?post=28819"},{"taxonomy":"post_tag","embeddable":true,"href":"http:\/\/hoycordobaweb.com\/index.php\/wp-json\/wp\/v2\/tags?post=28819"}],"curies":[{"name":"wp","href":"https:\/\/api.w.org\/{rel}","templated":true}]}}