{"id":28805,"date":"2021-09-08T01:12:00","date_gmt":"2021-09-08T01:12:00","guid":{"rendered":"http:\/\/hoycordobaweb.com\/index.php\/2021\/09\/08\/tove-jansson-la-famosa-ilustradora-infantil-que-retorna-como-narradora-de-novelas-inquietantes\/"},"modified":"2021-09-08T01:12:00","modified_gmt":"2021-09-08T01:12:00","slug":"tove-jansson-la-famosa-ilustradora-infantil-que-retorna-como-narradora-de-novelas-inquietantes","status":"publish","type":"post","link":"http:\/\/hoycordobaweb.com\/index.php\/2021\/09\/08\/tove-jansson-la-famosa-ilustradora-infantil-que-retorna-como-narradora-de-novelas-inquietantes\/","title":{"rendered":"Tove Jansson, la famosa ilustradora infantil que retorna como narradora de novelas inquietantes"},"content":{"rendered":"<p><img src=\"http:\/\/hoycordobaweb.com\/wp-content\/uploads\/2021\/09\/tove-jansson-la-famosa-ilustradora-infantil-que-retorna-como-narradora-de-novelas-inquietantes.jpg\"><\/p>\n<div class=\"image-left\" readability=\"7\"> <img src=\"http:\/\/hoycordobaweb.com\/wp-content\/uploads\/2021\/09\/tove-jansson-la-famosa-ilustradora-infantil-que-retorna-como-narradora-de-novelas-inquietantes-2.jpg\" alt=\"Tove Jansson (1914-2001).\" title=\"Tove Jansson (1914-2001).\"><\/p>\n<p>Tove Jansson (1914-2001).<\/p>\n<\/div>\n<p><strong>Artista visual e \u00edcono queer,<\/strong> la finlandesa <strong>Tove Jansson (1914-2001)<\/strong> ilumin\u00f3 centenares de infancias con<strong> \u00abLos Mumin\u00bb <\/strong>-la saga de trolls escandinavos que fue traducida a m\u00e1s de 50 lenguas y gener\u00f3 una vi\u00f1eta diaria por casi dos d\u00e9cadas- y reaparece ahora en la Argentina a trav\u00e9s de<strong> \u00abEl libro del verano\u00bb, \u00abLa verdad incre\u00edble\u00bb y la inminente \u00abFair Play\u00bb<\/strong>, una tr\u00edada de novelas que capturan por su cat\u00e1logo de personajes hura\u00f1os o indolentes que se camuflan con el g\u00e9lido paisaje del norte escandinavo y desatan lecturas sobre la condici\u00f3n maleable de la verdad o la rigidez de las estructuras religiosas del protestantismo.<\/p>\n<p>Para descubrir el desencanto o la soledad que se acumula detr\u00e1s de una trayectoria resonante no siempre hace falta hurgar en biograf\u00edas o archivos period\u00edsticos. La ficci\u00f3n funciona en muchos casos como un espacio maleable para alojar vocaciones frustradas o ajustar cuentas con el pasado, a veces a partir de procedimientos sutiles como el que pone en juego Tove Jansson, a quien es dif\u00edcil no asociar con el personaje de Anna en \u00abLa verdad incre\u00edble\u00bb, una famosa ilustradora de libros infantiles que vive recluida en una peque\u00f1a isla para preservar algo de la naturaleza ind\u00f3mita que el \u00e9xito pretende disciplinar con contratos cuantiosos y buenos modales.<\/p>\n<p>En esta historia, que se public\u00f3 hace unos meses en la Argentina, la autora parece escurrir algunas de las contradicciones que le dej\u00f3 su fama como autora de historias para ni\u00f1os, tan avasallante por momentos que, como su alter ego en la novela, se apart\u00f3 para manejar el asedio de editores y lectores a la distancia, as\u00ed como se resign\u00f3 a que su reconocimiento no vendr\u00eda por el lado de una impactante obra art\u00edstica sino por sus aportes al imaginario infantil.<\/p>\n<p><strong>Jansson fue una mujer adelantada a su tiempo. <\/strong>Nacida en 1914 en Helsinki, hija de artistas, suecoparlantes -una minor\u00eda en Finalndia-, se cri\u00f3 en una casa en la que su padre, escultor, y su madre, dise\u00f1adora gr\u00e1fica, montaban fiestas constantes y no se somet\u00edan a ninguna regla social. De ah\u00ed que ella pronto escribiera en su diario: \u00abQuiero ser una salvaje, no una artista\u00bb.<\/p>\n<div class=\"image\" id=\"image\" readability=\"7\"> <img src=\"http:\/\/hoycordobaweb.com\/wp-content\/uploads\/2021\/09\/tove-jansson-la-famosa-ilustradora-infantil-que-retorna-como-narradora-de-novelas-inquietantes-3.jpg\" alt=\"En la isla de Klovharu la autora recre\u00f3 esa sensaci\u00f3n de libertad de su ni\u00f1ez.\" title=\"En la isla de Klovharu la autora recre\u00f3 esa sensaci\u00f3n de libertad de su ni\u00f1ez.\"><\/p>\n<p>En la isla de Klovharu la autora recre\u00f3 esa sensaci\u00f3n de libertad de su ni\u00f1ez.<\/p>\n<\/div>\n<p>La <strong>creatividad<\/strong> era la norma en el espacio dom\u00e9stico de esta familia, que pasaba los veranos en el archipi\u00e9lago de Pellinki, donde pintaba, cortaba madera, esculp\u00eda y constru\u00eda refugios. A\u00f1os m\u00e1s tarde, <strong>en la isla de Klovharu la autora recre\u00f3 esa sensaci\u00f3n de libertad de su ni\u00f1ez:<\/strong> all\u00ed mont\u00f3 una caba\u00f1a y junto a su compa\u00f1era, la artista gr\u00e1fica finlandesa Tuulikki Pietil\u00e4, pas\u00f3 largas temporadas en un terreno dominado por tormentas y ventarrones interminables.<\/p>\n<div class=\"image-left\" readability=\"7\"> <img src=\"http:\/\/hoycordobaweb.com\/wp-content\/uploads\/2021\/09\/tove-jansson-la-famosa-ilustradora-infantil-que-retorna-como-narradora-de-novelas-inquietantes-4.jpg\" alt=\"Los Mumin convirtieron a Tove en la autora finlandesa m\u00e1s le\u00edda.\" title=\"Los Mumin convirtieron a Tove en la autora finlandesa m\u00e1s le\u00edda.\"><\/p>\n<p>Los Mumin convirtieron a Tove en la autora finlandesa m\u00e1s le\u00edda.<\/p>\n<\/div>\n<p>En pleno despegue de su vocaci\u00f3n art\u00edstica, el campo de la ilustraci\u00f3n se transform\u00f3 en una ocupaci\u00f3n arrolladora a partir de la de su saga <strong>\u00abLos Mumin\u00bb<\/strong>, una comunidad de c\u00e1ndidos hipop\u00f3tamos blancos que surgieron como un recreo fugaz al escenario s\u00f3rdido y sin rumbo que impon\u00eda la Segunda Guerra Mundial. Pero la persistencia del fen\u00f3meno desbord\u00f3 el per\u00edodo b\u00e9lico y la serie infantil altern\u00f3 entre distintos formatos hasta convertir a Tove en la autora finlandesa m\u00e1s le\u00edda, merecedora de distinciones como el premio Hans Christian Andersenn -el Nobel infantil- por el conjunto de su obra y el Gran Premio de la Academia Sueca.<\/p>\n<p>La fulgurante labor como caricaturista e ilustradora no s\u00f3lo sombre\u00f3 los deseos de sobresalir como artista visual: tambi\u00e9n escamote\u00f3 la fuerza del universo narrativo difundido tard\u00edamente en algunos de los pa\u00edses donde <strong>\u00abLos Mumin\u00bb se perpetuaron por generaciones a trav\u00e9s libros, historietas, pel\u00edculas animadas y todo tipo de merchandising. <\/strong>En la Argentina, por caso, esa tarea de hallazgo y rescate corri\u00f3 por cuenta del sello independiente Compa\u00f1\u00eda Naviera Ilimitada, que hace dos a\u00f1os encar\u00f3 la apuesta de dar a conocer la obra literaria de la escritora a partir del lanzamiento de una trilog\u00eda que entregar\u00e1 su \u00faltimo eslab\u00f3n en diciembre pr\u00f3ximo.<\/p>\n<div class=\"image-left\" readability=\"7\"> <img src=\"http:\/\/hoycordobaweb.com\/wp-content\/uploads\/2021\/09\/tove-jansson-la-famosa-ilustradora-infantil-que-retorna-como-narradora-de-novelas-inquietantes-5.jpg\" alt=\"&quot;El libro del verano&quot; editado por Compa\u00f1\u00eda Naviera Ilimitada.\" title=\"&quot;El libro del verano&quot; editado por Compa\u00f1\u00eda Naviera Ilimitada.\"><\/p>\n<p>\u00abEl libro del verano\u00bb editado por Compa\u00f1\u00eda Naviera Ilimitada.<\/p>\n<\/div>\n<p>El punto de partida fue la publicaci\u00f3n de <strong>\u00abEl libro del verano\u00bb<\/strong>, un libro que narra el at\u00edpico v\u00ednculo entre una abuela y su nieta durante la estaci\u00f3n m\u00e1s c\u00e1lida del paisaje finland\u00e9s. Una relaci\u00f3n que escapa a los estereotipos melosos de este tipo de parentesco: no hay sobreprotecci\u00f3n ni excesivo cari\u00f1o y la constataci\u00f3n de que transitan extremos opuestos de la vida -una crece mientras la otra declina- las funde de un extra\u00f1o modo.<\/p>\n<p>La visceralidad de la relaci\u00f3n se filtra en los intercambios m\u00e1s azarosos, como cuando ambas nadan y mientras la abuela descubre que ha perdido su dentadura la nena pregunta cu\u00e1ndo morir\u00e1, a lo que la mujer contesta: \u00abPronto. Pero no es asunto tuyo\u00bb. El resto de los intercambios fluye en una secuencia sin cronolog\u00edas precisas que pone en foco la presencia impactante de la naturaleza a trav\u00e9s de descripciones o apuntes sobre el mar, los animales o la luz.<\/p>\n<p><strong>\u00bfC\u00f3mo fue la trastienda que permiti\u00f3 empezar a desovillar esta obra que para otros mapas editoriales es todav\u00eda un hallazgo pendiente?<\/strong> \u00abEn 2017, est\u00e1bamos trabajando en los preparativos de la editorial, a\u00fan no hab\u00edamos publicado ning\u00fan libro, cuando escuchamos el nombre de Tove Jansson por primera vez. Lo primero que supimos de ella fue que era la creadora de los Mumin, esos personajes&nbsp;infantiles que parecen hipop\u00f3tamos, pero son trols del bosque. Que cuentan con decenas&nbsp;de libros e historietas, pel\u00edculas animadas, parque tem\u00e1tico y todo tipo de merchandising\u00bb, cuenta<strong> Andr\u00e9s Bel\u00e1ustegui, editor de Compa\u00f1\u00eda Naviera Ilimitada.<\/strong><\/p>\n<p>\u00abLe\u00edmos &#8216;El libro del verano&#8217;. Buscamos y le\u00edmos en ingl\u00e9s el resto de sus libros.&nbsp;No pod\u00edamos creer que una autora de semejante calidad hubiera pasado desapercibida&nbsp;tanto tiempo. Solo explicable, quiz\u00e1, por su monumental \u00e9xito como ilustradora y autora de<br \/>libros infantiles. Aunque ni as\u00ed. \u00a1Quer\u00edamos contratar todo! Obviamente no pod\u00edamos tanto. Nos cost\u00f3 mucho resignarnos a nuestras posibilidades. Sab\u00edamos que no es habitual encontrar un autor tan bueno, con tanta obra y que apenas haya sido traducida\u00bb, apunta.<\/p>\n<p><strong>El plus del plan de rescate que lleva adelante el sello fundado por Bel\u00e1ustegui y Claudia Arce es que incluy\u00f3 una traducci\u00f3n aut\u00f3ctona a cargo del escritor Christian Kupchik, con saberes acreditados en la lengua sueca<\/strong>: vivi\u00f3 quince a\u00f1os en Suecia, donde estudi\u00f3 filolog\u00eda n\u00f3rdica en la Universidad de Estocolmo, y sigue en contacto con esa cultura no s\u00f3lo a trav\u00e9s de su pasi\u00f3n por toda la literatura escandinava \u2013muy en particular su poes\u00eda\u2013 sino tambi\u00e9n por sus dos hijos mayores, que residen all\u00ed. \u00abToda la obra de Tove Jansson me resulta subyugante, por la crudeza con la que interviene en la psicolog\u00eda de los personajes. Son mundos plenos de matices, donde nada termina por ser lo que parece, con una intensidad dram\u00e1tica y una plasticidad singular\u00bb, dice a T\u00e9lam.<\/p>\n<p>\u00abEn el caso de &#8216;El libro del verano&#8217;, por ejemplo, resulta conmovedora la relaci\u00f3n entra esa abuela y Sof\u00eda, la peque\u00f1a nieta, porque se escapa de los clich\u00e9s cl\u00e1sicos de ese tipo de v\u00ednculos: por momentos la abuela es Sof\u00eda y en otros Sof\u00eda es la abuela. La intensidad dram\u00e1tica de sus respectivos descubrimientos fluye con cierta naturalidad, al punto de que no importa qui\u00e9n es la protagonista de lo que se narra, sino lo que se cuenta, la narraci\u00f3n en s\u00ed misma\u00bb, apunta.<\/p>\n<p><strong>Kupchik<\/strong> indica que el proceso de traducci\u00f3n<strong> fue fascinante, en m\u00e1s de un sentido<\/strong>. \u00abNo hay que olvidar que Tove Jansson en realidad fue una autora finlandesa, pero que perteneci\u00f3 a la minor\u00eda sueco-parlante. Esta minor\u00eda tuvo un rol fundamental en la cultura n\u00f3rdica, al punto que muchos de sus representantes (Edith S\u00f6dergrand, Elmer Diktonius, Gunnar Bj\u00f6rling) renovaron a comienzos del siglo XX la literatura sueca introduciendo el modernismo. La lengua finlandesa nada tiene que ver con el sueco -ni siquiera es indoeuropea-, de modo que sus autores son como habitantes de dos mundos, parecidos pero diferentes\u00bb, explica.<\/p>\n<p>\u00abEl trabajo de Tove con la lengua es excepcional: sabe c\u00f3mo definir situaciones apenas con un adjetivo o incluso, un silencio -acota el escritor-. Por momentos result\u00f3 todo un desaf\u00edo tomar elecciones a la hora de trasladar al castellano una descripci\u00f3n, en particular aplicada a la naturaleza: basta con pensar que los finlandeses tienen m\u00e1s de veinte formas para definir c\u00f3mo cae la nieve y su estado. En sueco no es igual, pero los matices y las formas prevalecen \u2013en particular todo lo que se relaciona con el mundo n\u00e1utico, las orograf\u00edas, las percepciones de lo natural, la intensidad de las tormentas, etc\u00bb.<\/p>\n<div class=\"image-left\" readability=\"8\"> <img src=\"http:\/\/hoycordobaweb.com\/wp-content\/uploads\/2021\/09\/tove-jansson-la-famosa-ilustradora-infantil-que-retorna-como-narradora-de-novelas-inquietantes-6.jpg\" alt=\"Se public\u00f3 el segundo libro de Jansson, &quot;La verdad incre\u00edble&quot;.\" title=\"Se public\u00f3 el segundo libro de Jansson, &quot;La verdad incre\u00edble&quot;.\"><\/p>\n<p>Se public\u00f3 el segundo libro de Jansson, \u00abLa verdad incre\u00edble\u00bb.<\/p>\n<\/div>\n<p>Hace unos meses, el sello lanz\u00f3<strong> el segundo libro de Jansson, \u00abLa verdad incre\u00edble\u00bb,<\/strong> una historia ambientada bajo el paralizante fr\u00edo n\u00f3rdico que utiliza el contrapunto entre dos mujeres de temperamento opuesto -Anna, la amable ilustradora de libros infantiles, y Katri, una mujer indolente y antisociable que debe mantener a su hermano menor- para instalar algunas reflexiones en torno a la verdad como una construcci\u00f3n, un relato adulterado que alguien pone en marcha para colonizar los territorios -mentales y geogr\u00e1ficos- de otro.<\/p>\n<p><strong>\u00bfQu\u00e9 lugar ocupa estas derivas sobre la relaci\u00f3n entre verdad y ficci\u00f3n en el pensamiento de Tove?<\/strong> El texto data de hace m\u00e1s de una d\u00e9cada pero el planteo es de una vigencia incuestionable en muchos de los libros que se han publicado recientemente. \u00abLo que la autora pone de relieve aqu\u00ed no s\u00f3lo es la condici\u00f3n maleable de la verdad, sino el criterio de doble moral que act\u00faa, determina y limita las conductas en estas sociedades. Algo que estuvo presente a lo largo de toda su producci\u00f3n, comenzando por la simp\u00e1tica familia de los Mumis \u2013aun cuando estaba dirigida a ni\u00f1os- y que se extendi\u00f3 a su obra narrativa. La matriz de ello hay que buscarlas en la rigidez de las estructuras religiosas del protestantismo\u00bb, indica <strong>Kupchik<\/strong>.<\/p>\n<p><strong>Tanto en \u00abEl libro del verano\u00bb como en \u00abLa verdad incre\u00edble\u00bb, la naturaleza y el paisaje tienen un rol decisivo.<\/strong> Se podr\u00eda inferir incluso que hay un v\u00ednculo o una relaci\u00f3n de causalidad entre el car\u00e1cter hura\u00f1o y solitario de algunos personajes centrales y ese paisaje que por momentos adquiere un matiz hostil. \u00abS\u00ed, la naturaleza juega un rol esencial, tan protag\u00f3nico como las vicisitudes de los humanos, sino m\u00e1s\u00bb, acota Kupchik.<\/p>\n<p>\u00abEn el mundo n\u00f3rdico las estaciones \u2013donde oto\u00f1o y primavera son simples rito de paso- juegan como un factor decisivo en la constituci\u00f3n perceptiva y psicol\u00f3gica de sus habitantes. Incluso el tiempo es absorbido de forma distinta: mientras en la temporada invernal, castigada por una oscuridad uniforme, las horas, los d\u00edas y los meses transcurren con una lentitud exacerbada, inalterable, estoica, el per\u00edodo estival se destaca por ser fugaz, luminoso, ilusorio. Aparecen criaturas vegetales o animales insospechadas, los sentidos se abren a la sorpresa\u00bb, se\u00f1ala el traductor.<\/p>\n<p>La cartograf\u00eda de <strong>\u00abLa verdad incre\u00edble\u00bb <\/strong>est\u00e1 delimitada por las inclemencias del clima y un bosque fantasma que dibuja geometr\u00edas fantasmag\u00f3ricas -gracias a ellas, el personaje de Katri logra su objetivo de mudarse con su hermano a la codiciada casa de la ilustradora, en apariencia para atenuar su soledad-mientras que a diferencia de la atm\u00f3sfera m\u00e1s buc\u00f3lica de \u00abEl libro del verano\u00bb aqu\u00ed la narraci\u00f3n avanza bajo un ritmo de thriller at\u00edpico en el que la intriga no est\u00e1 dada tanto por los episodios sino por las interpretaciones antag\u00f3nicas que hacen de las situaciones las protagonistas.<br \/>\u00abEs casi la contracara de &#8216;El verano&#8230;&#8217; en muchos sentidos. Un historia que transcurre en invierno y d\u00f3nde todo es m\u00e1s oscuro y filoso. Nos pareci\u00f3 que estos dos libros presentaban a Tove de la mejor forma. En sus paisajes, en sus intereses, en sus modos\u00bb, define <strong>Bel\u00e1ustegui<\/strong>.<\/p>\n<p><strong>Para diciembre, el sello tiene previsto el lanzamiento de la tercera novela de la escritora, \u00abFair Play\u00bb <\/strong>(\u00abJuego limpio\u00bb), centrada en la vida de Jonna y Mari, una pareja singular de dos mujeres grandes que trabajan como artistas. \u00abDespu\u00e9s del luminoso, c\u00e1ndido y profundo &#8216;El libro del verano&#8217;, y el oscuro, filoso y ambiguo &#8216;La verdad incre\u00edble&#8217;, nos pareci\u00f3 que la mejor forma de continuar era &#8216;Juego limpio&#8217;. Una novela con cap\u00edtulos breves, casi aut\u00f3nomos. Otra vez una relaci\u00f3n entre dos mujeres, en este caso que son pares, compa\u00f1eras, que comparten la vida. De alguna forma, este libro, profundiza y ampl\u00eda los intereses y preocupaciones de Tove\u00bb, anticipa <strong>Bel\u00e1ustegui<\/strong>.<\/p>\n<p>\u00abM\u00e1s all\u00e1 de las peripecias que hacen a la relaci\u00f3n, Tove vuelve aqu\u00ed sobre mucho de los temas que la obsesi\u00f3n: c\u00f3mo se manifiesta la cercan\u00eda con el otro, las limitaciones del tiempo, las posibilidades del arte y la cultura, su posici\u00f3n en la vida cotidiana -refiere <strong>Kupchik<\/strong>-. A diferencia de los libros anteriores, aqu\u00ed podemos seguir a las protagonistas ubicadas en escenarios por fuera del mundo n\u00f3rdico (Estados Unidos, M\u00e9xico, el sur de Europa\u2026) Aunque por supuesto, el archipi\u00e9lago \u2013f\u00edsico y sentimental- lo domina todo\u00bb, concluye.<\/p>\n","protected":false},"excerpt":{"rendered":"<p>Tove Jansson (1914-2001). Artista visual e \u00edcono queer, la finlandesa Tove Jansson (1914-2001) ilumin\u00f3 centenares de infancias con \u00abLos Mumin\u00bb -la saga de trolls escandinavos que fue traducida a m\u00e1s de 50 lenguas y gener\u00f3 una vi\u00f1eta diaria por casi dos d\u00e9cadas- y reaparece ahora en la Argentina a trav\u00e9s de \u00abEl libro del verano\u00bb, [&hellip;]<\/p>\n","protected":false},"author":1,"featured_media":28806,"comment_status":"open","ping_status":"closed","sticky":false,"template":"","format":"standard","meta":[],"categories":[19],"tags":[],"_links":{"self":[{"href":"http:\/\/hoycordobaweb.com\/index.php\/wp-json\/wp\/v2\/posts\/28805"}],"collection":[{"href":"http:\/\/hoycordobaweb.com\/index.php\/wp-json\/wp\/v2\/posts"}],"about":[{"href":"http:\/\/hoycordobaweb.com\/index.php\/wp-json\/wp\/v2\/types\/post"}],"author":[{"embeddable":true,"href":"http:\/\/hoycordobaweb.com\/index.php\/wp-json\/wp\/v2\/users\/1"}],"replies":[{"embeddable":true,"href":"http:\/\/hoycordobaweb.com\/index.php\/wp-json\/wp\/v2\/comments?post=28805"}],"version-history":[{"count":0,"href":"http:\/\/hoycordobaweb.com\/index.php\/wp-json\/wp\/v2\/posts\/28805\/revisions"}],"wp:featuredmedia":[{"embeddable":true,"href":"http:\/\/hoycordobaweb.com\/index.php\/wp-json\/wp\/v2\/media\/28806"}],"wp:attachment":[{"href":"http:\/\/hoycordobaweb.com\/index.php\/wp-json\/wp\/v2\/media?parent=28805"}],"wp:term":[{"taxonomy":"category","embeddable":true,"href":"http:\/\/hoycordobaweb.com\/index.php\/wp-json\/wp\/v2\/categories?post=28805"},{"taxonomy":"post_tag","embeddable":true,"href":"http:\/\/hoycordobaweb.com\/index.php\/wp-json\/wp\/v2\/tags?post=28805"}],"curies":[{"name":"wp","href":"https:\/\/api.w.org\/{rel}","templated":true}]}}