{"id":28764,"date":"2021-09-08T01:18:45","date_gmt":"2021-09-08T01:18:45","guid":{"rendered":"http:\/\/hoycordobaweb.com\/index.php\/2021\/09\/08\/cuando-volvera-el-publico-a-las-canchas-en-el-futbol-argentino-minutouno\/"},"modified":"2021-09-08T01:18:45","modified_gmt":"2021-09-08T01:18:45","slug":"cuando-volvera-el-publico-a-las-canchas-en-el-futbol-argentino-minutouno","status":"publish","type":"post","link":"http:\/\/hoycordobaweb.com\/index.php\/2021\/09\/08\/cuando-volvera-el-publico-a-las-canchas-en-el-futbol-argentino-minutouno\/","title":{"rendered":"Cu\u00e1ndo volver\u00e1 el p\u00fablico a las canchas en el <b>f\u00fatbol argentino<\/b> &#8211; MinutoUno"},"content":{"rendered":"<p>Este jueves se llevar\u00e1 a cabo la prueba piloto del regreso del p\u00fablico a las canchas del <b>f\u00fatbol argentino<\/b> durante el partido entre Argentina y Bolivia en el&nbsp;&#8230; <\/p>\n","protected":false},"excerpt":{"rendered":"<p>Este jueves se llevar\u00e1 a cabo la prueba piloto del regreso del p\u00fablico a las canchas del f\u00fatbol argentino durante el partido entre Argentina y Bolivia en el&nbsp;&#8230;<\/p>\n","protected":false},"author":1,"featured_media":0,"comment_status":"closed","ping_status":"closed","sticky":false,"template":"","format":"standard","meta":[],"categories":[22],"tags":[],"_links":{"self":[{"href":"http:\/\/hoycordobaweb.com\/index.php\/wp-json\/wp\/v2\/posts\/28764"}],"collection":[{"href":"http:\/\/hoycordobaweb.com\/index.php\/wp-json\/wp\/v2\/posts"}],"about":[{"href":"http:\/\/hoycordobaweb.com\/index.php\/wp-json\/wp\/v2\/types\/post"}],"author":[{"embeddable":true,"href":"http:\/\/hoycordobaweb.com\/index.php\/wp-json\/wp\/v2\/users\/1"}],"replies":[{"embeddable":true,"href":"http:\/\/hoycordobaweb.com\/index.php\/wp-json\/wp\/v2\/comments?post=28764"}],"version-history":[{"count":0,"href":"http:\/\/hoycordobaweb.com\/index.php\/wp-json\/wp\/v2\/posts\/28764\/revisions"}],"wp:attachment":[{"href":"http:\/\/hoycordobaweb.com\/index.php\/wp-json\/wp\/v2\/media?parent=28764"}],"wp:term":[{"taxonomy":"category","embeddable":true,"href":"http:\/\/hoycordobaweb.com\/index.php\/wp-json\/wp\/v2\/categories?post=28764"},{"taxonomy":"post_tag","embeddable":true,"href":"http:\/\/hoycordobaweb.com\/index.php\/wp-json\/wp\/v2\/tags?post=28764"}],"curies":[{"name":"wp","href":"https:\/\/api.w.org\/{rel}","templated":true}]}}