{"id":2870,"date":"2020-10-05T20:08:52","date_gmt":"2020-10-05T20:08:52","guid":{"rendered":"https:\/\/www.perfil.com\/noticias\/politica\/sergio-massa-sobre-el-regreso-a-clases.phtml"},"modified":"2020-10-05T20:08:52","modified_gmt":"2020-10-05T20:08:52","slug":"nicolas-trotta-no-hace-falta-la-vacuna-para-volver-a-clases","status":"publish","type":"post","link":"http:\/\/hoycordobaweb.com\/index.php\/2020\/10\/05\/nicolas-trotta-no-hace-falta-la-vacuna-para-volver-a-clases\/","title":{"rendered":"Nicol\u00e1s Trotta: \u201cNo hace falta la vacuna para volver a clases\u201d"},"content":{"rendered":"<p><img src=\"http:\/\/hoycordobaweb.com\/wp-content\/uploads\/2020\/10\/nicolas-trotta-no-hace-falta-la-vacuna-para-volver-a-clases.jpg\"><\/p>\n<div><img src=\"http:\/\/hoycordobaweb.com\/wp-content\/uploads\/2020\/10\/nicolas-trotta-no-hace-falta-la-vacuna-para-volver-a-clases-2.jpg\" class=\"ff-og-image-inserted\"><\/div>\n<aside class=\"relatedPost\">\n<h3>Noticias Relacionadas<\/h3>\n<\/aside>\n<p>El ministro de Educaci\u00f3n de la Naci\u00f3n<a target=\"_blank\" href=\"https:\/\/www.perfil.com\/tags\/Nicol%C3%A1s-Trotta\" rel=\"noopener noreferrer\"> Nicol\u00e1s Trotta<\/a> anticip\u00f3 este lunes 5 de octubre que este martes 6 de octubre habr\u00e1 novedades sobre el regreso a las aulas: <strong>\u00abNo hace falta una vacuna para volver a las clases\u00bb<\/strong>, dijo.<\/p>\n<p>\u00abTenemos que aprender a convivir&nbsp;con el Covid. No hace falta una vacuna para volver a las clases, pero s\u00ed&nbsp;tiene&nbsp;que haber ciertos datos objetivos que nos permitan dar pasos sin exponer&nbsp;a nuestra comunidad educativa\u00bb, afirm\u00f3 en di\u00e1logo con <em>A24<\/em>.&nbsp;<\/p>\n<p>M\u00e1s temprano, el presidente de la C\u00e1mara de Diputados Sergio Massa hab\u00eda declarado&nbsp;que <strong>los alumnos del \u00faltimo a\u00f1o de primaria y secundaria de todo el pa\u00eds \u201cdeber\u00edan volver ya a clases\u201d<\/strong>. Sobre este tema, Trotta se\u00f1al\u00f3 que comparte \u00abesa voluntad\u00bb con Massa y a\u00f1adi\u00f3: \u00abTenemos una agenda de trabajo en com\u00fan\u00bb.<\/p>\n<p>El presidente de la C\u00e1mara de Diputados Sergio Massa&nbsp;indic\u00f3&nbsp;que \u00abl<strong>os chicos de sexto grado y sexto a\u00f1o de todo el pa\u00eds deber\u00edan volver ya a clases\u00bb, en un Zoom con dirigentes del Frennte Renovador<\/strong>.<\/p>\n<p>Luego de m\u00e1s de un semestre de clases virtuales,&nbsp;<a target=\"_blank\" href=\"https:\/\/www.perfil.com\/noticias\/reperfilar\/nicolas-trotta-nunca-estuvo-en-debate-la-posibilidad-del-reinicio-de-clases.phtml\" rel=\"noopener noreferrer\">el Gobierno nacional deber\u00e1&nbsp;decidir <\/a>sobre si un distrito regresa o no&nbsp;a las escuelas y esto podr\u00eda definirse ma\u00f1ana seg\u00fan indic\u00f3 Trotta.<\/p>\n<p><strong>\u00abSe debe armar un protocolo aprovechando los espacios de una escuela de muchos alumnos.<\/strong> Si se aborda solo a un grupo para que terminen y puedan cerrar bien su ciclo no deber\u00eda ser un problema\u00bb, consider\u00f3 el titular de la C\u00e1mara baja en un Zoom con dirigentes del Frente Renovador de todo el pa\u00eds.<\/p>\n<p class=\"destacadoNota\"><a target=\"_blank\" href=\"https:\/\/www.perfil.com\/noticias\/educacion\/san-luis-retoma-el-lunes-5-las-clases-presenciales-en-zonas-rurales.phtml\" rel=\"noopener noreferrer\">San Luis retoma el lunes 5 las clases presenciales en zonas rurales<\/a><\/p>\n<p>Massa les pidi\u00f3 a legisladores e intendentes de su espacio que trasladen esta idea a los gobernadores y ministros de Educaci\u00f3n de sus ciudades: \u00abHay que permitirles cerrar bien a quienes terminan ciclo y pasan a una nueva etapa de su vida. Debiera de imponernos a todos hacer el esfuerzo\u00bb, resalt\u00f3.<\/p>\n<p>De esta forma, el l\u00edder del Frente Renovador&nbsp;acerc\u00f3 posturas con el jefe de Gobierno porte\u00f1o <a target=\"_blank\" href=\"https:\/\/www.perfil.com\/tags\/horacio-rodr%C3%ADguez-larreta\" rel=\"noopener noreferrer\">Horacio Rodr\u00edguez Larreta<\/a>, mientras el Ministerio de Educaci\u00f3n nacional se resiste a adoptar&nbsp;el plan de regreso a clases paulatino que impulsa la gesti\u00f3n de la Ciudad.<\/p>\n<p class=\"destacadoNota\"><a target=\"_blank\" href=\"https:\/\/www.perfil.com\/noticias\/bloomberg\/bc-covid-puede-propagarse-por-aire-en-interiores-mas-de-18m-cdc.phtml\" rel=\"noopener noreferrer\">El coronavirus se puede propagar por el aire en interiores y contagiar a m\u00e1s de 1,8 metros de distancia<\/a><\/p>\n<p>El gobernador bonaerense&nbsp;Axel Kicillof hab\u00eda criticado la semana pasada&nbsp;la posici\u00f3n del gobierno porte\u00f1o y dijo que no se puede \u00absometer a los chicos a experimentos\u00bb, y se\u00f1al\u00f3: \u00abVamos a llevarles la escuela a los chicos. Esto no se arregla con marketing ni con la tele\u00bb.<\/p>\n<p>CI\/MC<\/p>\n","protected":false},"excerpt":{"rendered":"<p>Noticias Relacionadas El ministro de Educaci\u00f3n de la Naci\u00f3n Nicol\u00e1s Trotta anticip\u00f3 este lunes 5 de octubre que este martes 6 de octubre habr\u00e1 novedades sobre el regreso a las aulas: \u00abNo hace falta una vacuna para volver a las clases\u00bb, dijo. \u00abTenemos que aprender a convivir&nbsp;con el Covid. No hace falta una vacuna para [&hellip;]<\/p>\n","protected":false},"author":1,"featured_media":2871,"comment_status":"closed","ping_status":"closed","sticky":false,"template":"","format":"standard","meta":[],"categories":[1],"tags":[],"_links":{"self":[{"href":"http:\/\/hoycordobaweb.com\/index.php\/wp-json\/wp\/v2\/posts\/2870"}],"collection":[{"href":"http:\/\/hoycordobaweb.com\/index.php\/wp-json\/wp\/v2\/posts"}],"about":[{"href":"http:\/\/hoycordobaweb.com\/index.php\/wp-json\/wp\/v2\/types\/post"}],"author":[{"embeddable":true,"href":"http:\/\/hoycordobaweb.com\/index.php\/wp-json\/wp\/v2\/users\/1"}],"replies":[{"embeddable":true,"href":"http:\/\/hoycordobaweb.com\/index.php\/wp-json\/wp\/v2\/comments?post=2870"}],"version-history":[{"count":0,"href":"http:\/\/hoycordobaweb.com\/index.php\/wp-json\/wp\/v2\/posts\/2870\/revisions"}],"wp:featuredmedia":[{"embeddable":true,"href":"http:\/\/hoycordobaweb.com\/index.php\/wp-json\/wp\/v2\/media\/2871"}],"wp:attachment":[{"href":"http:\/\/hoycordobaweb.com\/index.php\/wp-json\/wp\/v2\/media?parent=2870"}],"wp:term":[{"taxonomy":"category","embeddable":true,"href":"http:\/\/hoycordobaweb.com\/index.php\/wp-json\/wp\/v2\/categories?post=2870"},{"taxonomy":"post_tag","embeddable":true,"href":"http:\/\/hoycordobaweb.com\/index.php\/wp-json\/wp\/v2\/tags?post=2870"}],"curies":[{"name":"wp","href":"https:\/\/api.w.org\/{rel}","templated":true}]}}