{"id":28625,"date":"2021-09-06T03:15:53","date_gmt":"2021-09-06T03:15:53","guid":{"rendered":"https:\/\/www.ole.com.ar\/river-plate\/marcelo-gallardo-river-conferencia_0_kO-YkYOr4.html"},"modified":"2021-09-06T03:15:53","modified_gmt":"2021-09-06T03:15:53","slug":"los-9-conceptos-mas-destacados-de-la-conferencia-de-gallardo","status":"publish","type":"post","link":"http:\/\/hoycordobaweb.com\/index.php\/2021\/09\/06\/los-9-conceptos-mas-destacados-de-la-conferencia-de-gallardo\/","title":{"rendered":"Los 9 conceptos m\u00e1s destacados de la conferencia de Gallardo"},"content":{"rendered":"<p><img src=\"http:\/\/hoycordobaweb.com\/wp-content\/uploads\/2021\/09\/los-9-conceptos-mas-destacados-de-la-conferencia-de-gallardo.jpg\"><\/p>\n<div><img src=\"http:\/\/hoycordobaweb.com\/wp-content\/uploads\/2021\/09\/los-9-conceptos-mas-destacados-de-la-conferencia-de-gallardo.jpg\" class=\"ff-og-image-inserted\"><\/div>\n<h2><strong>LAS FRASES M\u00c1S DESTACADAS DE <a alt=\"marcelo-gallardo\" class=\"slug\" href=\"https:\/\/www.ole.com.ar\/tema\/marcelo-gallardo.html\" target=\"_blank\" title=\"marcelo-gallardo\" rel=\"noopener noreferrer\">GALLARDO<\/a><\/strong><\/h2>\n<p><mark><strong>1-El an\u00e1lisis del partido\u200b<\/strong><\/mark><\/p>\n<p>-\u00abEl an\u00e1lisis es muy claro. El primer tiempo no hicimos pie, Independiente estuvo mejor, nos presion\u00f3, fue m\u00e1s preciso con la pelota, m\u00e1s din\u00e1mico, y nosotros no tuvimos mucha respuesta. Nos fuimos al descanso y hab\u00eda que mejorar y cambiar la postura, la din\u00e1mica del equipo. Y creo que en el segundo tiempo tuvimos una postura diferente, con un Independiente que se repleg\u00f3 un poco tuvimos el control y llegamos al empate. Fue muy marcado el partido, un tiempo para cada uno. Y ante un equipo que va a estar ah\u00ed en la disputa por el campeonato con todos los inconvenientes que tuvimos en esta semana para armar el equipo y dem\u00e1s, estos cuatro puntos de seis con toda esa problem\u00e1tica nos van a venir bien.&nbsp;Ahora toca recuperar y tambi\u00e9n recuperar a los jugadores que se sumen y con un equipo m\u00e1s completo pensar de manera distinta, al menos hasta que toque la pr\u00f3xima fecha FIFA\u201d.<\/p>\n<p><strong><mark>2-La charla en el entretiempo<\/mark><\/strong><\/p>\n<p>-\u201cPeor de lo que jugamos en el primer tiempo no lo \u00edbamos a hacer. Hab\u00eda que no quedarse con esa imagen, esa impresi\u00f3n, ten\u00edamos que reaccionar, resolver mejor las situaciones con y sin pelota y tener una postura diferente en cuanto a lo que el rival sab\u00edamos que nos iba a proponer, esa primera hora de Independiente muy buena. Que no nos sorprendi\u00f3: sab\u00edamos que iba a ser as\u00ed. Pero no supimos resolver esa primera media hora con recursos que nos permitieran salir y emparejar un partido con otra inteligencia. Nos hicieron el gol y estuvimos sin reaccionar. Eso fue lo que nos pas\u00f3. Por eso la primera mitad peor no se pod\u00eda jugar. Luego cambiamos y qued\u00f3 otra imagen con un equipo muy diezmado, a uno de los equipos que van a ser protagonistas le pudimos empatar\u00bb.<\/p>\n<p><strong><mark>3-\u00bfAparecen las variantes que se necesitan&nbsp;para pelear?<\/mark><\/strong><\/p>\n<p>-\u201cEs verdad que salimos bien parados dentro de toda esa problem\u00e1tica. Hubiese sido peor pero as\u00ed y todo me parece que sigue siendo para nosotros una dificultad, porque m\u00e1s all\u00e1 de los lesionados que tuvimos, muchos lesionados importantes, tambi\u00e9n los seleccionados, entonces me gustar\u00eda pelear en igualdad de condiciones pero no lo pudimos hacer. Pero estos puntos que sacamos en esas circunstancias nos van a hacer tomar aire para lo que venga y apuntarle a lo que venga con mayor optimismo\u00bb.<\/p>\n<p><strong><mark>4-Pe\u00f1a y Zuculini como defensores<\/mark><\/strong><\/p>\n<p>-\u201cEso s\u00ed es un punto para destacar. Claramente. Dos jugadores que no est\u00e1n acostumbrados a esa posici\u00f3n, jugaron dos partidos seguidos y cumplieron. Tanto Bruno, si bien no lo desconoce por haber entrenado, se la banc\u00f3 bien y respondi\u00f3 con su entusiasmo y su actitud. Y Felipe Pe\u00f1a que es muy inteligente, que ha sabido aprovechar estos dos partidos y posicionarse como una opci\u00f3n a lo que viene y eso es bueno para nosotros. Est\u00e1 acostumbrado a ser volante central, hab\u00eda jugado en sus inicios de central, pero es una buena aparici\u00f3n para contar para el futuro\u201d.<\/p>\n<p><strong><mark>5-Sobre Rollheiser<\/mark><\/strong><\/p>\n<p>-\u201cEstuvimos evaluando la posibilidad de que iniciara en estos d\u00edas. Pero decid\u00ed por la entrada de Nico de la Cruz, que se recuper\u00f3, en los dos \u00faltimos entrenamientos trabaj\u00f3 con normalidad y decid\u00ed que fuera variante. Esas son las respuestas positivas que veas alternativas que entran desde el banco y que te puedan generar cierto cambio. A veces sucede, otras no. Pero las b\u00fasquedas son por ah\u00ed. Encontrar respuestas desde el banco que puedan cambiarnos la ecuaci\u00f3n o darnos otra din\u00e1mica\u201d.<\/p>\n<p><strong><mark>6-Palavecino desde que lleg\u00f3<\/mark><\/strong><\/p>\n<p>-\u201cLos jugadores que todav\u00eda no pueden estar en su mejor forma o jugar su mejor f\u00fatbol es cuesti\u00f3n de que no pierdan confianza, de que s\u00ed entiendan que hay momentos que atravesar, que no hay que bajar los brazos, que tirar la toalla, que hay que seguir insistiendo. River te genera eso. Es una instituci\u00f3n que te exige demasiado y que a veces una racha de malos rendimientos te puede hacer bajar la mirada. Y eso es lo que no debe pasar. Conf\u00edo en los jugadores que tengo m\u00e1s all\u00e1 de los bajos rendimientos que vienen atravesando y, a partir de ah\u00ed, est\u00e1 en ellos generar esas intenciones de salir adelante. Lo m\u00edo es trabajar y saben que van a ir sumando minutos, a medida que vayan teniendo posibilidades y que tienen la chance de dar vuelta situaciones. El f\u00fatbol es as\u00ed: todo el tiempo te da esa posibilidad, lo que no ten\u00e9s que hacer es bajar la mirada\u00bb.<\/p>\n<p><strong><mark>7-Sobre los lesionados<\/mark><\/strong><\/p>\n<p>-\u201cAhora vamos a tener unos diez d\u00edas de descanso para recuperar a los lesionados que est\u00e1n en proceso de recuperaci\u00f3n. Fabrizio es el que m\u00e1s cerca est\u00e1 de recuperarse esta semana para que a partir del fin de la semana que viene pueda estar en condiciones. Lo de Su\u00e1rez es una inc\u00f3gnita, viene arrastrando una sinovitis que a veces lo deja y a veces no. Y lo que pase en el d\u00eda a d\u00eda. Y lo de Maidana est\u00e1 un poco m\u00e1s demorado. Porque todav\u00eda no ha podido entrenarse con normalidad, tiene un poco m\u00e1s de tiempo para hacerlo\u201d.<\/p>\n<p><strong><mark>8-Sinovitis en la rodilla de <a alt=\"franco-armani\" class=\"slug\" href=\"https:\/\/www.ole.com.ar\/tema\/franco-armani.html\" target=\"_blank\" title=\"franco-armani\" rel=\"noopener noreferrer\">Armani<\/a><\/mark><\/strong><\/p>\n<p>-\u201cLo que habl\u00f3 el m\u00e9dico con el jugador y el m\u00e9dico de la Selecci\u00f3n es que le iban a hacer un estudio en estos d\u00edas. Y veremos. No tenemos mucha informaci\u00f3n precisa m\u00e1s que lo que ha salido en los medios. Luego habr\u00e1 que revisarlo y ver en qu\u00e9 situaci\u00f3n est\u00e1\u201d.<\/p>\n<p><strong><mark>9-\u00bfQu\u00e9 valor tiene este receso?<\/mark><\/strong><\/p>\n<p>-\u201cTiene un valor importante en todo sentido, nos viene muy bien. Nos viene muy bien. Recuperar un poco de aire, de energ\u00edas, lesionados, jugadores y despu\u00e9s de todo eso vamos a recuperarnos un poco m\u00e1s y tener optimismo y buena energ\u00eda para lo que venga. Haber sorteado esta etapa no fue f\u00e1cil porque dimos ventajas, y en esas ventajas nos hemos repuesto, lo bancamos con mucha responsabilidad. No nos desprendimos de los de arriba y, si bien no hemos jugado nuestro mejor f\u00fatbol, le pusimos el pecho y sumamos. De ac\u00e1 en adelante espero que todo sea m\u00e1s positivo\u201d.<\/p>\n<p><opta-widget sport=\"football\" widget=\"timeline\" competition=\"724\" season=\"2021\" match=\"2218465\" template=\"normal\" live=\"true\" orientation=\"horizontal\" vertical_timebar_height=\"260\" show_match_header=\"true\" show_score=\"true\" show_crests=\"true\" show_assists=\"all\" show_team_formation=\"true\" show_clock=\"true\" show_period_dividers=\"true\" show_halftime_score=\"false\" show_date=\"true\" date_format=\"dddd D MMMM YYYY\" show_attendance=\"true\" show_images=\"true\" show_referee=\"true\" show_venue=\"true\" show_cards=\"all\" show_goals=\"true\" show_penalties_missed=\"true\" show_subs=\"false\" show_goals_combined=\"false\" show_shootouts=\"false\" show_competition_name=\"true\" competition_naming=\"full\" team_naming=\"full\" player_naming=\"full\" show_live=\"true\" show_logo=\"false\" show_title=\"true\" breakpoints=\"400, 700\"><\/opta-widget><opta-widget sport=\"football\" widget=\"matchstats\" competition=\"724\" season=\"2021\" match=\"2218465\" template=\"lineups\" live=\"true\" side=\"both\" column_count=\"1\" side_by_side=\"true\" show_match_header=\"true\" show_score=\"true\" show_halftime_score=\"false\" show_crests=\"false\" show_team_formation=\"true\" show_competition_name=\"true\" show_date=\"false\" date_format=\"dddd D MMMM YYYY\" order_by=\"position\" group_by_position=\"false\" show_position=\"true\" show_images=\"false\" show_key=\"false\" show_starters=\"true\" show_goalkeepers=\"true\" show_defenders=\"true\" show_midfielders=\"true\" show_forwards=\"true\" show_subs=\"true\" show_unused_subs=\"false\" show_managers=\"true\" show_captain=\"false\" show_match_events=\"true\" competition_naming=\"full\" team_naming=\"full\" player_naming=\"full\" show_live=\"false\" show_logo=\"false\" show_title=\"true\" breakpoints=\"400, 700\"><\/opta-widget><opta-widget widget=\"commentary\" competition=\"724\" season=\"2021\" match=\"2218465\" template=\"normal\" live=\"true\" data_type=\"auto\" order_by=\"time_descending\" show_event_icons=\"true\" show_minor_events=\"true\" fixed_height_comments=\"300\" show_live=\"true\" show_logo=\"false\" show_title=\"true\" breakpoints=\"400\" sport=\"football\"><\/opta-widget><opta-widget sport=\"football\" widget=\"heatmap\" competition=\"724\" season=\"2021\" match=\"2218465\" preselected_player template=\"normal\" live=\"true\" show_maps=\"all\" orientation=\"horizontal\" side=\"both\" dimension=\"2D\" one_direction=\"false\" show_match_header=\"true\" show_score=\"true\" show_halftime_score=\"false\" show_crests=\"false\" show_team_formation=\"true\" show_competition_name=\"true\" show_date=\"true\" date_format=\"dddd D MMMM YYYY\" show_team_sheets=\"true\" show_subs=\"true\" show_position=\"true\" show_timecontrols=\"true\" show_timecontrols_buttons=\"true\" show_timecontrols_bar=\"true\" show_tooltips=\"false\" competition_naming=\"full\" team_naming=\"full\" player_naming=\"full\" show_logo=\"false\" show_title=\"true\" breakpoints=\"400, 700\"><\/opta-widget><opta-widget widget=\"standings\" competition=\"724\" season=\"2021\" template=\"normal\" live=\"true\" default_nav=\"1\" side=\"combined\" data_detail=\"default\" show_key=\"true\" show_crests=\"true\" points_in_first_column=\"true\" lose_before_draw=\"false\" competition_naming=\"full\" team_naming=\"full\" date_format=\"dddd D MMMM YYYY\" sorting=\"false\" show_live=\"false\" show_relegation_average=\"true\" show_logo=\"true\" show_title=\"true\" breakpoints=\"382\" sport=\"football\"><\/opta-widget> <\/p>\n<div class=\"entry-tags\">\n<h2>TEMAS QUE APARECEN EN ESTA NOTA<\/h2>\n<\/p><\/div>\n","protected":false},"excerpt":{"rendered":"<p>LAS FRASES M\u00c1S DESTACADAS DE GALLARDO 1-El an\u00e1lisis del partido\u200b -\u00abEl an\u00e1lisis es muy claro. El primer tiempo no hicimos pie, Independiente estuvo mejor, nos presion\u00f3, fue m\u00e1s preciso con la pelota, m\u00e1s din\u00e1mico, y nosotros no tuvimos mucha respuesta. Nos fuimos al descanso y hab\u00eda que mejorar y cambiar la postura, la din\u00e1mica del [&hellip;]<\/p>\n","protected":false},"author":1,"featured_media":28626,"comment_status":"open","ping_status":"closed","sticky":false,"template":"","format":"standard","meta":[],"categories":[16],"tags":[],"_links":{"self":[{"href":"http:\/\/hoycordobaweb.com\/index.php\/wp-json\/wp\/v2\/posts\/28625"}],"collection":[{"href":"http:\/\/hoycordobaweb.com\/index.php\/wp-json\/wp\/v2\/posts"}],"about":[{"href":"http:\/\/hoycordobaweb.com\/index.php\/wp-json\/wp\/v2\/types\/post"}],"author":[{"embeddable":true,"href":"http:\/\/hoycordobaweb.com\/index.php\/wp-json\/wp\/v2\/users\/1"}],"replies":[{"embeddable":true,"href":"http:\/\/hoycordobaweb.com\/index.php\/wp-json\/wp\/v2\/comments?post=28625"}],"version-history":[{"count":0,"href":"http:\/\/hoycordobaweb.com\/index.php\/wp-json\/wp\/v2\/posts\/28625\/revisions"}],"wp:featuredmedia":[{"embeddable":true,"href":"http:\/\/hoycordobaweb.com\/index.php\/wp-json\/wp\/v2\/media\/28626"}],"wp:attachment":[{"href":"http:\/\/hoycordobaweb.com\/index.php\/wp-json\/wp\/v2\/media?parent=28625"}],"wp:term":[{"taxonomy":"category","embeddable":true,"href":"http:\/\/hoycordobaweb.com\/index.php\/wp-json\/wp\/v2\/categories?post=28625"},{"taxonomy":"post_tag","embeddable":true,"href":"http:\/\/hoycordobaweb.com\/index.php\/wp-json\/wp\/v2\/tags?post=28625"}],"curies":[{"name":"wp","href":"https:\/\/api.w.org\/{rel}","templated":true}]}}