{"id":28517,"date":"2021-09-03T19:30:27","date_gmt":"2021-09-03T19:30:27","guid":{"rendered":"https:\/\/www.trendencias.com\/moda-famosas\/penelope-cruz-kristen-stewart-se-van-fiesta-venecia"},"modified":"2021-09-03T19:30:27","modified_gmt":"2021-09-03T19:30:27","slug":"penelope-cruz-y-kristen-stewart-se-van-de-fiesta-en-venecia","status":"publish","type":"post","link":"http:\/\/hoycordobaweb.com\/index.php\/2021\/09\/03\/penelope-cruz-y-kristen-stewart-se-van-de-fiesta-en-venecia\/","title":{"rendered":"Pen\u00e9lope Cruz y Kristen Stewart se van de fiesta en Venecia"},"content":{"rendered":"<p><strong>El Festival de Venecia<\/strong> es un no parar de presentaciones, estrenos y fiestas. Esta noche se han celebrado los estrenos de dos de las pel\u00edculas m\u00e1s esperadas del a\u00f1o: <em>Dune, <\/em>protagonizada por <a href=\"https:\/\/www.trendencias.com\/alfombra-roja\/festival-venecia-2021-todos-looks-alfombra-roja-zendaya-kristen-stewart-como-protagonista-tercer-dia\">Zendaya<\/a> y Javier Bardem, y <em>Spencer,<\/em> esta \u00faltima protagonizada por <a href=\"https:\/\/www.trendencias.com\/moda-famosas\/kristen-stewart-sabe-aunar-elegancia-clasicismo-toques-modernos-asi-ha-demostrado-a-su-llegada-al-festival-venecia\">Kristen Stewart.<\/a><\/p>\n<p><!-- BREAK 1 --><\/p>\n<p>Despu\u00e9s de la alfombra roja, Kristen Stewart se ha cambiado de <em>look <\/em>para asistir a la<strong> fiesta de Yves Saint Laurent, <\/strong>evento al tambi\u00e9n ha acudido <a href=\"https:\/\/www.trendencias.com\/alfombra-roja\/festival-venecia-2021-todos-looks-alfombra-roja-ceremonia-inauguracion\">Pen\u00e9lope Cruz,<\/a> que lleva en la ciudad de los canales desde el pasado mi\u00e9rcoles. <strong>En la fiesta de YSL ambas con <\/strong><em><strong>looks <\/strong><\/em><strong>de Chanel, <\/strong>una en blanco y otra en negro.<\/p>\n<p><!-- BREAK 2 --> <\/p>\n<div class=\"article-asset article-asset-normal article-asset-center\">\n<div class=\"desvio-container\">\n<div class=\"desvio\">\n<div class=\"desvio-figure js-desvio-figure\"> <a href=\"https:\/\/www.trendencias.com\/alfombra-roja\/festival-venecia-2021-todos-looks-alfombra-roja-zendaya-kristen-stewart-como-protagonista-tercer-dia\"> <img alt=\"Festival de Venecia 2021: todos los looks de la alfombra roja con Zendaya y Kristen Stewart como protagonista del tercer d\u00eda \" src=\"http:\/\/hoycordobaweb.com\/wp-content\/uploads\/2021\/09\/penelope-cruz-y-kristen-stewart-se-van-de-fiesta-en-venecia.jpg\"> <\/a> <\/div><\/div><\/div>\n<\/div>\n<h2>Pen\u00e9lope Cruz<\/h2>\n<div class=\"article-asset-image article-asset-normal article-asset-center\">\n<div class=\"asset-content\">\n<div class=\"base-wrapper-image\"> <img class=\"sf-lazy centro_sinmarco\" data-sf-srcset=\"http:\/\/hoycordobaweb.com\/wp-content\/uploads\/2021\/09\/penelope-cruz-y-kristen-stewart-se-van-de-fiesta-en-venecia-1.jpg 450w, http:\/\/hoycordobaweb.com\/wp-content\/uploads\/2021\/09\/penelope-cruz-y-kristen-stewart-se-van-de-fiesta-en-venecia-6.jpg 681w,http:\/\/hoycordobaweb.com\/wp-content\/uploads\/2021\/09\/penelope-cruz-y-kristen-stewart-se-van-de-fiesta-en-venecia-7.jpg 1024w, http:\/\/hoycordobaweb.com\/wp-content\/uploads\/2021\/09\/penelope-cruz-y-kristen-stewart-se-van-de-fiesta-en-venecia-8.jpg 1366w,\" data-sf-src=\"http:\/\/hoycordobaweb.com\/wp-content\/uploads\/2021\/09\/penelope-cruz-y-kristen-stewart-se-van-de-fiesta-en-venecia-1.jpg\" alt=\"Penelope Cruz\"> <noscript><img alt=\"Penelope Cruz\" class=\"centro_sinmarco\" src=\"http:\/\/hoycordobaweb.com\/wp-content\/uploads\/2021\/09\/penelope-cruz-y-kristen-stewart-se-van-de-fiesta-en-venecia-1.jpg\"><\/noscript> <\/div><\/div>\n<\/div>\n<p>Pe se ha enfundado en un vestido de terciopelo negro. Un dise\u00f1o de escote palabra de honor con un toque encorsetada y falda ligeramente plisada, combinado con una capa de calada de punto negro. Un <em>look<\/em> firmado por <strong>Chanel<\/strong> que ha completado con sandalias negras con un original tac\u00f3n de perlas y <em>clutch <\/em>caja acolchado en color negro y con detalle de cadena plateada, tambi\u00e9n de la <em>maison.<\/em><\/p>\n<p><!-- BREAK 3 --><\/p>\n<p>Como peinado se ha decantado por melena recogida con una coleta alta y llamativos pendientes, adem\u00e1s de una llamativa manicura granate.<\/p>\n<p><!-- BREAK 4 --><\/p>\n<div class=\"article-asset-image article-asset-normal article-asset-center\">\n<div class=\"asset-content\">\n<div class=\"base-wrapper-image\"> <img class=\"sf-lazy centro_sinmarco\" data-sf-srcset=\"http:\/\/hoycordobaweb.com\/wp-content\/uploads\/2021\/09\/penelope-cruz-y-kristen-stewart-se-van-de-fiesta-en-venecia-2.jpg 450w, http:\/\/hoycordobaweb.com\/wp-content\/uploads\/2021\/09\/penelope-cruz-y-kristen-stewart-se-van-de-fiesta-en-venecia-9.jpg 681w,http:\/\/hoycordobaweb.com\/wp-content\/uploads\/2021\/09\/penelope-cruz-y-kristen-stewart-se-van-de-fiesta-en-venecia-10.jpg 1024w, http:\/\/hoycordobaweb.com\/wp-content\/uploads\/2021\/09\/penelope-cruz-y-kristen-stewart-se-van-de-fiesta-en-venecia-11.jpg 1366w,\" data-sf-src=\"http:\/\/hoycordobaweb.com\/wp-content\/uploads\/2021\/09\/penelope-cruz-y-kristen-stewart-se-van-de-fiesta-en-venecia-2.jpg\" alt=\"Penelope Cruz\"> <noscript><img alt=\"Penelope Cruz\" class=\"centro_sinmarco\" src=\"http:\/\/hoycordobaweb.com\/wp-content\/uploads\/2021\/09\/penelope-cruz-y-kristen-stewart-se-van-de-fiesta-en-venecia-2.jpg\"><\/noscript> <\/div><\/div>\n<\/div>\n<h2>Kristen Stewart<\/h2>\n<div class=\"article-asset-image article-asset-normal article-asset-center\">\n<div class=\"asset-content\">\n<div class=\"base-wrapper-image\"> <img class=\"sf-lazy centro_sinmarco\" data-sf-srcset=\"http:\/\/hoycordobaweb.com\/wp-content\/uploads\/2021\/09\/penelope-cruz-y-kristen-stewart-se-van-de-fiesta-en-venecia-3.jpg 450w, http:\/\/hoycordobaweb.com\/wp-content\/uploads\/2021\/09\/penelope-cruz-y-kristen-stewart-se-van-de-fiesta-en-venecia-12.jpg 681w,http:\/\/hoycordobaweb.com\/wp-content\/uploads\/2021\/09\/penelope-cruz-y-kristen-stewart-se-van-de-fiesta-en-venecia-13.jpg 1024w, http:\/\/hoycordobaweb.com\/wp-content\/uploads\/2021\/09\/penelope-cruz-y-kristen-stewart-se-van-de-fiesta-en-venecia-14.jpg 1366w,\" data-sf-src=\"http:\/\/hoycordobaweb.com\/wp-content\/uploads\/2021\/09\/penelope-cruz-y-kristen-stewart-se-van-de-fiesta-en-venecia-3.jpg\" alt=\"Penelope Cruz\"> <noscript><img alt=\"Penelope Cruz\" class=\"centro_sinmarco\" src=\"http:\/\/hoycordobaweb.com\/wp-content\/uploads\/2021\/09\/penelope-cruz-y-kristen-stewart-se-van-de-fiesta-en-venecia-3.jpg\"><\/noscript> <\/div><\/div>\n<\/div>\n<p><a href=\"https:\/\/www.trendencias.com\/moda-famosas\/kristen-stewart-sabe-aunar-elegancia-clasicismo-toques-modernos-asi-ha-demostrado-a-su-llegada-al-festival-venecia\">Kristen Stewart <\/a>ha apostado por el color blanco. La actriz ha lucido una chaqueta joya de <em>tweed<\/em> que es un aut\u00e9ntico flechazo. Un modelo en color blanco con adornos de estrellas, hojas, el n\u00famero cinco y botones joya, que ha combinado con un pantal\u00f3n <em>slouchy<\/em> de talle alto. Dos piezas de <em>Chanel, <\/em>que ha completado con salones blancos y melena recogida en una coleta informal con flequillo suelto.<\/p>\n<p><!-- BREAK 5 --><\/p>\n<div class=\"article-asset-image article-asset-normal article-asset-center\">\n<div class=\"asset-content\">\n<div class=\"base-wrapper-image\"> <img class=\"sf-lazy centro_sinmarco\" data-sf-srcset=\"http:\/\/hoycordobaweb.com\/wp-content\/uploads\/2021\/09\/penelope-cruz-y-kristen-stewart-se-van-de-fiesta-en-venecia-4.jpg 450w, http:\/\/hoycordobaweb.com\/wp-content\/uploads\/2021\/09\/penelope-cruz-y-kristen-stewart-se-van-de-fiesta-en-venecia-15.jpg 681w,http:\/\/hoycordobaweb.com\/wp-content\/uploads\/2021\/09\/penelope-cruz-y-kristen-stewart-se-van-de-fiesta-en-venecia-16.jpg 1024w, http:\/\/hoycordobaweb.com\/wp-content\/uploads\/2021\/09\/penelope-cruz-y-kristen-stewart-se-van-de-fiesta-en-venecia-17.jpg 1366w,\" data-sf-src=\"http:\/\/hoycordobaweb.com\/wp-content\/uploads\/2021\/09\/penelope-cruz-y-kristen-stewart-se-van-de-fiesta-en-venecia-4.jpg\" alt=\"Penelope Cruz\"> <noscript><img alt=\"Penelope Cruz\" class=\"centro_sinmarco\" src=\"http:\/\/hoycordobaweb.com\/wp-content\/uploads\/2021\/09\/penelope-cruz-y-kristen-stewart-se-van-de-fiesta-en-venecia-4.jpg\"><\/noscript> <\/div><\/div>\n<\/div>\n<p>Fotos | Gtres<\/p>\n","protected":false},"excerpt":{"rendered":"<p>El Festival de Venecia es un no parar de presentaciones, estrenos y fiestas. Esta noche se han celebrado los estrenos de dos de las pel\u00edculas m\u00e1s esperadas del a\u00f1o: Dune, protagonizada por Zendaya y Javier Bardem, y Spencer, esta \u00faltima protagonizada por Kristen Stewart. Despu\u00e9s de la alfombra roja, Kristen Stewart se ha cambiado de [&hellip;]<\/p>\n","protected":false},"author":1,"featured_media":28518,"comment_status":"closed","ping_status":"closed","sticky":false,"template":"","format":"standard","meta":[],"categories":[1],"tags":[],"_links":{"self":[{"href":"http:\/\/hoycordobaweb.com\/index.php\/wp-json\/wp\/v2\/posts\/28517"}],"collection":[{"href":"http:\/\/hoycordobaweb.com\/index.php\/wp-json\/wp\/v2\/posts"}],"about":[{"href":"http:\/\/hoycordobaweb.com\/index.php\/wp-json\/wp\/v2\/types\/post"}],"author":[{"embeddable":true,"href":"http:\/\/hoycordobaweb.com\/index.php\/wp-json\/wp\/v2\/users\/1"}],"replies":[{"embeddable":true,"href":"http:\/\/hoycordobaweb.com\/index.php\/wp-json\/wp\/v2\/comments?post=28517"}],"version-history":[{"count":0,"href":"http:\/\/hoycordobaweb.com\/index.php\/wp-json\/wp\/v2\/posts\/28517\/revisions"}],"wp:featuredmedia":[{"embeddable":true,"href":"http:\/\/hoycordobaweb.com\/index.php\/wp-json\/wp\/v2\/media\/28518"}],"wp:attachment":[{"href":"http:\/\/hoycordobaweb.com\/index.php\/wp-json\/wp\/v2\/media?parent=28517"}],"wp:term":[{"taxonomy":"category","embeddable":true,"href":"http:\/\/hoycordobaweb.com\/index.php\/wp-json\/wp\/v2\/categories?post=28517"},{"taxonomy":"post_tag","embeddable":true,"href":"http:\/\/hoycordobaweb.com\/index.php\/wp-json\/wp\/v2\/tags?post=28517"}],"curies":[{"name":"wp","href":"https:\/\/api.w.org\/{rel}","templated":true}]}}