{"id":28402,"date":"2021-09-02T09:58:00","date_gmt":"2021-09-02T09:58:00","guid":{"rendered":"https:\/\/fm-comunicar.com.ar\/contenido\/18120\/comenzo-la-vacunacion-antirrabica-para-perros-y-gatos-en-la-zona-rural"},"modified":"2021-09-02T09:58:00","modified_gmt":"2021-09-02T09:58:00","slug":"comenzo-la-vacunacion-antirrabica-para-perros-y-gatos-en-la-zona-rural","status":"publish","type":"post","link":"http:\/\/hoycordobaweb.com\/index.php\/2021\/09\/02\/comenzo-la-vacunacion-antirrabica-para-perros-y-gatos-en-la-zona-rural\/","title":{"rendered":"Comenz\u00f3 la vacunaci\u00f3n antirr\u00e1bica para perros y gatos en la zona rural"},"content":{"rendered":"<p>Entre este jueves y el s\u00e1bado los vacunadores pasar\u00e1n por los barrios Aires de Caroya, Los Cha\u00f1ares, Belgrano, Puesto Viejo, Tronco Pozo y Estaci\u00f3n Caroya.<img src=\"http:\/\/hoycordobaweb.com\/wp-content\/uploads\/2021\/09\/comenzo-la-vacunacion-antirrabica-para-perros-y-gatos-en-la-zona-rural.jpg\"><\/p>\n","protected":false},"excerpt":{"rendered":"<p>Entre este jueves y el s\u00e1bado los vacunadores pasar\u00e1n por los barrios Aires de Caroya, Los Cha\u00f1ares, Belgrano, Puesto Viejo, Tronco Pozo y Estaci\u00f3n Caroya.<\/p>\n","protected":false},"author":1,"featured_media":28403,"comment_status":"closed","ping_status":"closed","sticky":false,"template":"","format":"standard","meta":[],"categories":[18],"tags":[],"_links":{"self":[{"href":"http:\/\/hoycordobaweb.com\/index.php\/wp-json\/wp\/v2\/posts\/28402"}],"collection":[{"href":"http:\/\/hoycordobaweb.com\/index.php\/wp-json\/wp\/v2\/posts"}],"about":[{"href":"http:\/\/hoycordobaweb.com\/index.php\/wp-json\/wp\/v2\/types\/post"}],"author":[{"embeddable":true,"href":"http:\/\/hoycordobaweb.com\/index.php\/wp-json\/wp\/v2\/users\/1"}],"replies":[{"embeddable":true,"href":"http:\/\/hoycordobaweb.com\/index.php\/wp-json\/wp\/v2\/comments?post=28402"}],"version-history":[{"count":0,"href":"http:\/\/hoycordobaweb.com\/index.php\/wp-json\/wp\/v2\/posts\/28402\/revisions"}],"wp:featuredmedia":[{"embeddable":true,"href":"http:\/\/hoycordobaweb.com\/index.php\/wp-json\/wp\/v2\/media\/28403"}],"wp:attachment":[{"href":"http:\/\/hoycordobaweb.com\/index.php\/wp-json\/wp\/v2\/media?parent=28402"}],"wp:term":[{"taxonomy":"category","embeddable":true,"href":"http:\/\/hoycordobaweb.com\/index.php\/wp-json\/wp\/v2\/categories?post=28402"},{"taxonomy":"post_tag","embeddable":true,"href":"http:\/\/hoycordobaweb.com\/index.php\/wp-json\/wp\/v2\/tags?post=28402"}],"curies":[{"name":"wp","href":"https:\/\/api.w.org\/{rel}","templated":true}]}}