{"id":28330,"date":"2021-09-01T18:55:57","date_gmt":"2021-09-01T18:55:57","guid":{"rendered":"http:\/\/fono.fcm.unc.edu.ar\/?p=6867"},"modified":"2021-09-01T18:55:57","modified_gmt":"2021-09-01T18:55:57","slug":"practicas-de-primer-nivel-reunion-informativa","status":"publish","type":"post","link":"http:\/\/hoycordobaweb.com\/index.php\/2021\/09\/01\/practicas-de-primer-nivel-reunion-informativa\/","title":{"rendered":"Pr\u00e1cticas de Primer Nivel: reuni\u00f3n informativa"},"content":{"rendered":"<p><img loading=\"lazy\" class=\"size-medium wp-image-6005 alignright\" src=\"https:\/\/fono.fcm.unc.edu.ar\/wp-content\/uploads\/sites\/14\/2021\/04\/Practicas-de-Primer-Nivel-300x213.jpg\" alt width=\"300\" height=\"213\" srcset=\"https:\/\/fono.fcm.unc.edu.ar\/wp-content\/uploads\/sites\/14\/2021\/04\/Practicas-de-Primer-Nivel-200x142.jpg 200w, https:\/\/fono.fcm.unc.edu.ar\/wp-content\/uploads\/sites\/14\/2021\/04\/Practicas-de-Primer-Nivel-300x214.jpg 300w, https:\/\/fono.fcm.unc.edu.ar\/wp-content\/uploads\/sites\/14\/2021\/04\/Practicas-de-Primer-Nivel-400x284.jpg 400w, https:\/\/fono.fcm.unc.edu.ar\/wp-content\/uploads\/sites\/14\/2021\/04\/Practicas-de-Primer-Nivel-600x426.jpg 600w, https:\/\/fono.fcm.unc.edu.ar\/wp-content\/uploads\/sites\/14\/2021\/04\/Practicas-de-Primer-Nivel-768x545.jpg 768w, https:\/\/fono.fcm.unc.edu.ar\/wp-content\/uploads\/sites\/14\/2021\/04\/Practicas-de-Primer-Nivel-800x568.jpg 800w, https:\/\/fono.fcm.unc.edu.ar\/wp-content\/uploads\/sites\/14\/2021\/04\/Practicas-de-Primer-Nivel-1024x727.jpg 1024w, https:\/\/fono.fcm.unc.edu.ar\/wp-content\/uploads\/sites\/14\/2021\/04\/Practicas-de-Primer-Nivel-1200x852.jpg 1200w, https:\/\/fono.fcm.unc.edu.ar\/wp-content\/uploads\/sites\/14\/2021\/04\/Practicas-de-Primer-Nivel-1536x1090.jpg 1536w, https:\/\/fono.fcm.unc.edu.ar\/wp-content\/uploads\/sites\/14\/2021\/04\/Practicas-de-Primer-Nivel.jpg 1747w\" sizes=\"(max-width: 300px) 100vw, 300px\">Se realizar\u00e1 una reuni\u00f3n informativa relacionada a&nbsp;la Comisi\u00f3n de septiembre para las y los estudiantes que est\u00e1n en condiciones de realizar las <em><strong>Pr\u00e1cticas de Primer Nivel<\/strong><\/em>&nbsp; y que completaron el formulario del relevamiento que llev\u00f3 a cabo la SAE de la Escuela de Fonoaudiolog\u00eda.<\/p>\n<p><strong>D\u00eda<\/strong>: viernes 3 de septiembre<\/p>\n<p><strong>Hora<\/strong>: 14:45 horas<br \/>Recibir\u00e1n el link de enlace a la reuni\u00f3n v\u00eda correo electr\u00f3nico.<\/p>\n","protected":false},"excerpt":{"rendered":"<p>Se realizar\u00e1 una reuni\u00f3n informativa relacionada a&nbsp;la Comisi\u00f3n de septiembre para las y los estudiantes que est\u00e1n en condiciones de realizar las Pr\u00e1cticas de Primer Nivel&nbsp; y que completaron el formulario del relevamiento que llev\u00f3 a cabo la SAE de la Escuela de Fonoaudiolog\u00eda. D\u00eda: viernes 3 de septiembre Hora: 14:45 horasRecibir\u00e1n el link de [&hellip;]<\/p>\n","protected":false},"author":1,"featured_media":0,"comment_status":"closed","ping_status":"closed","sticky":false,"template":"","format":"standard","meta":[],"categories":[1],"tags":[],"_links":{"self":[{"href":"http:\/\/hoycordobaweb.com\/index.php\/wp-json\/wp\/v2\/posts\/28330"}],"collection":[{"href":"http:\/\/hoycordobaweb.com\/index.php\/wp-json\/wp\/v2\/posts"}],"about":[{"href":"http:\/\/hoycordobaweb.com\/index.php\/wp-json\/wp\/v2\/types\/post"}],"author":[{"embeddable":true,"href":"http:\/\/hoycordobaweb.com\/index.php\/wp-json\/wp\/v2\/users\/1"}],"replies":[{"embeddable":true,"href":"http:\/\/hoycordobaweb.com\/index.php\/wp-json\/wp\/v2\/comments?post=28330"}],"version-history":[{"count":0,"href":"http:\/\/hoycordobaweb.com\/index.php\/wp-json\/wp\/v2\/posts\/28330\/revisions"}],"wp:attachment":[{"href":"http:\/\/hoycordobaweb.com\/index.php\/wp-json\/wp\/v2\/media?parent=28330"}],"wp:term":[{"taxonomy":"category","embeddable":true,"href":"http:\/\/hoycordobaweb.com\/index.php\/wp-json\/wp\/v2\/categories?post=28330"},{"taxonomy":"post_tag","embeddable":true,"href":"http:\/\/hoycordobaweb.com\/index.php\/wp-json\/wp\/v2\/tags?post=28330"}],"curies":[{"name":"wp","href":"https:\/\/api.w.org\/{rel}","templated":true}]}}