{"id":28316,"date":"2021-09-01T01:44:00","date_gmt":"2021-09-01T01:44:00","guid":{"rendered":"http:\/\/hoycordobaweb.com\/index.php\/2021\/09\/01\/piden-la-separacion-del-director-denunciado-por-apologia-del-terrorismo-de-estado\/"},"modified":"2021-09-01T01:44:00","modified_gmt":"2021-09-01T01:44:00","slug":"piden-la-separacion-del-director-denunciado-por-apologia-del-terrorismo-de-estado","status":"publish","type":"post","link":"http:\/\/hoycordobaweb.com\/index.php\/2021\/09\/01\/piden-la-separacion-del-director-denunciado-por-apologia-del-terrorismo-de-estado\/","title":{"rendered":"Piden la separaci\u00f3n del director denunciado por apolog\u00eda del terrorismo de Estado"},"content":{"rendered":"<p><img src=\"http:\/\/hoycordobaweb.com\/wp-content\/uploads\/2021\/09\/piden-la-separacion-del-director-denunciado-por-apologia-del-terrorismo-de-estado.jpg\"><\/p>\n<div class=\"image\" id=\"image\" readability=\"8\"> <img src=\"http:\/\/hoycordobaweb.com\/wp-content\/uploads\/2021\/09\/piden-la-separacion-del-director-denunciado-por-apologia-del-terrorismo-de-estado-2.jpg\" alt=\"Alb\u00f3nico se desempe\u00f1a en el \u00e1rea de la educaci\u00f3n p\u00fablica desde hace m\u00e1s de 15 a\u00f1os. Foto: Carreira Victor \" title=\"Alb\u00f3nico se desempe\u00f1a en el \u00e1rea de la educaci\u00f3n p\u00fablica desde hace m\u00e1s de 15 a\u00f1os. Foto: Carreira Victor \"><\/p>\n<p>Alb\u00f3nico se desempe\u00f1a en el \u00e1rea de la educaci\u00f3n p\u00fablica desde hace m\u00e1s de 15 a\u00f1os. Foto: Carreira Victor <\/p>\n<\/div>\n<p>Representantes de la comunidad educativa de la <strong>escuela \u00abTom\u00e1s Santa Coloma\u00bb<\/strong>, del barrio porte\u00f1o de Parque Chacabuco, exigieron este martes la <strong>separaci\u00f3n <\/strong>del director del establecimiento, <strong>Gustavo Alb\u00f3nico<\/strong>, denunciado por<a href=\"https:\/\/www.telam.com.ar\/notas\/202108\/566287-apdh-repudio-director-apologia-terrorismo-estado.html\" target=\"_blank\" rel=\"noopener noreferrer\"> <strong>apolog\u00eda del terrorismo de Estado<\/strong><\/a> y de los cr\u00edmenes de lesa humanidad de la dictadura en las redes sociales.<\/p>\n<p>\u00abExigimos que separen a Gustavo Alb\u00f3nico del cargo de director de nuestra escuela en la que <strong>no es ni ser\u00e1 bienvenido<\/strong>. Nuestros hijxs no pueden ser v\u00edctimas de esta situaci\u00f3n\u00bb, dice una carta presentada este martes al Ministerio de Educaci\u00f3n porte\u00f1o, seg\u00fan inform\u00f3 a T\u00e9lam Marian Bermejo, que preside la cooperadora de la escuela Nro. 2 del Distrito Escolar 8.<\/p>\n<p>\u00abAcompa\u00f1amos esta nota con las <strong>m\u00e1s de 1000 firmas<\/strong> <strong>y adhesiones en apoyo a este reclamo <\/strong>que hemos recibido durante estos d\u00edas\u00bb, agrega la nota distribuida a los medios, entre los cuales T\u00e9lam.<\/p>\n<p>Alb\u00f3nico, que se desempe\u00f1a en el \u00e1rea de la educaci\u00f3n p\u00fablica desde hace m\u00e1s de 15 a\u00f1os, accedi\u00f3 el lunes pasado, a trav\u00e9s de un concurso, al cargo de director de la escuela primaria n\u00famero 2, del distrito escolar 8, que qued\u00f3 vacante tras la jubilaci\u00f3n -en 2020- de su directora y la renuncia de la docente que la reemplaz\u00f3 durante la primera parte de este a\u00f1o.<\/p>\n<div class=\"image\" id=\"image\" readability=\"7\"> <img src=\"http:\/\/hoycordobaweb.com\/wp-content\/uploads\/2021\/09\/piden-la-separacion-del-director-denunciado-por-apologia-del-terrorismo-de-estado-3.jpg\" alt=\"Alb\u00f3nico est\u00e1 denunciado por apolog\u00eda del terrorismo de Estado. Foto: Carreira Victor \" title=\"Alb\u00f3nico est\u00e1 denunciado por apolog\u00eda del terrorismo de Estado. Foto: Carreira Victor \"><\/p>\n<p>Alb\u00f3nico est\u00e1 denunciado por apolog\u00eda del terrorismo de Estado. Foto: Carreira Victor <\/p>\n<\/div>\n<p>\u00abNuestrxs hijxs ya est\u00e1n expresando malestar an\u00edmico con manifestaciones tales como no querer ir a la escuela, angustiarse y tener miedo de ir al ba\u00f1o, entre otras.<\/p>\n<p>\u00ab<strong>Hacemos responsables a las autoridades del Ministerio de Educaci\u00f3n de CABA <\/strong>por la vulneraci\u00f3n de estos derechos de lxs ni\u00f1xs en una escuela de su jurisdicci\u00f3n, y por la afectaci\u00f3n ps\u00edquica que ya ha empezado a manifestarse en muchxs ni\u00f1xs\u00bb, agrega la nota entregada este martes a la cartera de Educaci\u00f3n porte\u00f1a.<\/p>\n<p>\u00abMuchas familias est\u00e1n pensando en pedir el pase a otras escuelas, y algunas no han enviado a sus ni\u00f1xs durante la semana anterior por temor.<\/p>\n<p>\u00abNo podemos permitir que la presencia de esta persona <strong>desintegre el tejido social <\/strong>que exist\u00eda en nuestra comunidad educativa. No podemos buscar la soluci\u00f3n individual cambiando a lxs ni\u00f1xs de escuela, y no podemos resignar al equipo docente que tanto queremos a la autoridad de una persona que piensa estas aberraciones\u00bb, abunda el reclamo elevado este martes a las autoridades.<\/p>\n<div class=\"image\" id=\"image\" readability=\"8\"> <img src=\"http:\/\/hoycordobaweb.com\/wp-content\/uploads\/2021\/09\/piden-la-separacion-del-director-denunciado-por-apologia-del-terrorismo-de-estado.png\" alt=\"&quot;Exigimos que separen a Gustavo Alb\u00f3nico&quot;, dice la carta. Foto: Carreira Victor \" title=\"&quot;Exigimos que separen a Gustavo Alb\u00f3nico&quot;, dice la carta. Foto: Carreira Victor \"><\/p>\n<p>\u00abExigimos que separen a Gustavo Alb\u00f3nico\u00bb, dice la carta. Foto: Carreira Victor <\/p>\n<\/div>\n<p>\u00abEl Sr. Gustavo Alb\u00f3nico no solo ha expresado p\u00fablicamente sus <strong>mensajes negacionistas, mis\u00f3ginos y aberrantes<\/strong> de modo muy grosero, sino que posterior al reclamo de la comunidad educativa en mayo pasado cerr\u00f3 su cuenta sin haber pedido las debidas disculpas p\u00fablicas.<\/p>\n<p>\u00abNos negamos a aceptar en nuestra escuela una autoridad que encarna en sus pensamientos valores y principios opuestos a los objetivos del proyecto institucional que nuestra escuela lleva a cabo hace a\u00f1os a trav\u00e9s de los consejos de aula y la resoluci\u00f3n de conflictos a trav\u00e9s de la palabra, entre otras acciones, y por lo que ha sido elegida por muchxs de nosotrxs como la escuela para nuestrxs hijxs.\u00bb, sostiene la carta acompa\u00f1ada por un millar de firmas y adhesiones.<\/p>\n<p>Alb\u00f3nico realiz\u00f3 posteos en sus redes sociales en los cuales hizo <strong>apolog\u00eda de los cr\u00edmenes de lesa humanidad de la dictadura<\/strong>, expres\u00f3 su <strong>ideolog\u00eda violenta y machista<\/strong>, y <strong>reclam\u00f3 el cierre del Inadi y el Ministerio de Mujeres<\/strong>.<\/p>\n<p>En una de las publicaciones, retuite\u00f3 un posteo que mostraba el mensaje #AbranLasEscuelas acompa\u00f1ado por la imagen de la ex Escuela de Mec\u00e1nica de la Armada, uno de los centros clandestinos de tortura de la \u00faltima dictadura c\u00edvico-militar.<\/p>\n<p>El docente aludido ejerci\u00f3 cargos al frente de grados del nivel primario en distintas escuelas porte\u00f1as, y en mayo pasado fue nombrado como director de un establecimiento de Saavedra, no obstante su designaci\u00f3n no prosper\u00f3 ante el reclamo de la comunidad educativa de la zona. <\/p>\n","protected":false},"excerpt":{"rendered":"<p>Alb\u00f3nico se desempe\u00f1a en el \u00e1rea de la educaci\u00f3n p\u00fablica desde hace m\u00e1s de 15 a\u00f1os. Foto: Carreira Victor Representantes de la comunidad educativa de la escuela \u00abTom\u00e1s Santa Coloma\u00bb, del barrio porte\u00f1o de Parque Chacabuco, exigieron este martes la separaci\u00f3n del director del establecimiento, Gustavo Alb\u00f3nico, denunciado por apolog\u00eda del terrorismo de Estado y [&hellip;]<\/p>\n","protected":false},"author":1,"featured_media":28317,"comment_status":"open","ping_status":"closed","sticky":false,"template":"","format":"standard","meta":[],"categories":[19],"tags":[],"_links":{"self":[{"href":"http:\/\/hoycordobaweb.com\/index.php\/wp-json\/wp\/v2\/posts\/28316"}],"collection":[{"href":"http:\/\/hoycordobaweb.com\/index.php\/wp-json\/wp\/v2\/posts"}],"about":[{"href":"http:\/\/hoycordobaweb.com\/index.php\/wp-json\/wp\/v2\/types\/post"}],"author":[{"embeddable":true,"href":"http:\/\/hoycordobaweb.com\/index.php\/wp-json\/wp\/v2\/users\/1"}],"replies":[{"embeddable":true,"href":"http:\/\/hoycordobaweb.com\/index.php\/wp-json\/wp\/v2\/comments?post=28316"}],"version-history":[{"count":0,"href":"http:\/\/hoycordobaweb.com\/index.php\/wp-json\/wp\/v2\/posts\/28316\/revisions"}],"wp:featuredmedia":[{"embeddable":true,"href":"http:\/\/hoycordobaweb.com\/index.php\/wp-json\/wp\/v2\/media\/28317"}],"wp:attachment":[{"href":"http:\/\/hoycordobaweb.com\/index.php\/wp-json\/wp\/v2\/media?parent=28316"}],"wp:term":[{"taxonomy":"category","embeddable":true,"href":"http:\/\/hoycordobaweb.com\/index.php\/wp-json\/wp\/v2\/categories?post=28316"},{"taxonomy":"post_tag","embeddable":true,"href":"http:\/\/hoycordobaweb.com\/index.php\/wp-json\/wp\/v2\/tags?post=28316"}],"curies":[{"name":"wp","href":"https:\/\/api.w.org\/{rel}","templated":true}]}}