{"id":28314,"date":"2021-09-01T01:50:00","date_gmt":"2021-09-01T01:50:00","guid":{"rendered":"http:\/\/hoycordobaweb.com\/index.php\/2021\/09\/01\/pastrana-sin-el-proceso-de-1998-no-hubiera-habido-acuerdo-en-2016-con-las-farc\/"},"modified":"2021-09-01T01:50:00","modified_gmt":"2021-09-01T01:50:00","slug":"pastrana-sin-el-proceso-de-1998-no-hubiera-habido-acuerdo-en-2016-con-las-farc","status":"publish","type":"post","link":"http:\/\/hoycordobaweb.com\/index.php\/2021\/09\/01\/pastrana-sin-el-proceso-de-1998-no-hubiera-habido-acuerdo-en-2016-con-las-farc\/","title":{"rendered":"Pastrana: sin el proceso de 1998 no hubiera habido acuerdo en 2016 con las FARC"},"content":{"rendered":"<p><img src=\"http:\/\/hoycordobaweb.com\/wp-content\/uploads\/2021\/09\/pastrana-sin-el-proceso-de-1998-no-hubiera-habido-acuerdo-en-2016-con-las-farc.jpg\"><\/p>\n<div class=\"image\" id=\"image\" readability=\"9\"> <img src=\"http:\/\/hoycordobaweb.com\/wp-content\/uploads\/2021\/09\/pastrana-sin-el-proceso-de-1998-no-hubiera-habido-acuerdo-en-2016-con-las-farc-2.jpg\" alt=\"&quot;Sin el Plan Colombia, no hubiera existido la seguridad democr\u00e1tica&quot;, afirm\u00f3 Pastrana\" title=\"&quot;Sin el Plan Colombia, no hubiera existido la seguridad democr\u00e1tica&quot;, afirm\u00f3 Pastrana\"><\/p>\n<p>\u00abSin el Plan Colombia, no hubiera existido la seguridad democr\u00e1tica\u00bb, afirm\u00f3 Pastrana<\/p>\n<\/div>\n<p>El expresidente colombiano Andr\u00e9s Pastrana consider\u00f3 este martes que las frustradas conversaciones de paz que se llevaron a cabo durante su mandato en los a\u00f1os 90 fueron la base para que varios a\u00f1os despu\u00e9s, en 2016, pudiera acordarse el cese de la lucha armada con las FARC, y resalt\u00f3 que hizo \u201ctodo lo posible\u201d para pacificar al pa\u00eds, aunque no lo haya logrado.<\/p>\n<p><strong>\u00abSin el Plan Colombia, no hubiera existido la seguridad democr\u00e1tica; sin aquellos procesos de paz, los acuerdos de La Habana no hubieran encontrado las bases de su construcci\u00f3n; sin nuestra lucha por los derechos humanos y la profesionalizaci\u00f3n de las Fuerzas Militares, la legitimidad del Estado se hubiera perdido\u00bb<\/strong>, remarc\u00f3 Pastrana en una defensa cerrada de su mandato.<\/p>\n<p>El exmandatario, que gobern\u00f3 el pa\u00eds entre 1998 y 2002, se present\u00f3 en forma voluntaria ante la llamada Comisi\u00f3n de la Verdad, donde reivindic\u00f3 los di\u00e1logos de El Cagu\u00e1n, unas negociaciones con las FARC para terminar el conflicto armado interno, iniciadas en 1998 que terminaron sin acuerdos.<\/p>\n<p>Pastrana lament\u00f3 que \u201cmucho se han tergiversado los procesos de paz\u201d de su Gobierno, pero puso de relieve que se pas\u00f3 \u201cde un Estado fallido a un Estado pujante\u201d.<\/p>\n<p><strong>\u201cEs cierto que no logr\u00e9 la paz, pero puedo decir con certeza que lo que se ha avanzado es gracias a lo que nosotros sembramos<\/strong>\u00ab, dijo, seg\u00fan consign\u00f3 el sitio del diario El Tiempo.<\/p>\n<p>Admiti\u00f3 que esa b\u00fasqueda por la paz le cost\u00f3 su \u201cprestigio pol\u00edtico\u201d por el proceso fallido, m\u00e1s all\u00e1 del respaldo que tuvo de varios partidos pol\u00edticos y la comunidad internacional. \u00abLa guerrilla fue la que siempre busc\u00f3 romper el proceso de paz\u00bb, se quej\u00f3.<\/p>\n<div class=\"js-code\" readability=\"6.8\">\n<blockquote class=\"twitter-tweet\" readability=\"7.65\">\n<p lang=\"es\" dir=\"ltr\">Dejo acta de conciliaci\u00f3n del frente de la paz contra la violencia donde consta el compromiso de todos los partidos pol\u00edticos, gremios, comunidad internacional (m\u00e1s de 30 pa\u00edses) que apoyaban el proceso de paz en mi gobierno <a href=\"https:\/\/twitter.com\/hashtag\/EnVivo?src=hash&amp;ref_src=twsrc%5Etfw\">#EnVivo<\/a> <a href=\"https:\/\/t.co\/6lPNRbIBSR\">pic.twitter.com\/6lPNRbIBSR<\/a><\/p>\n<p>\u2014 Andr\u00e9s Pastrana A (@AndresPastrana_) <a href=\"https:\/\/twitter.com\/AndresPastrana_\/status\/1432809269209010183?ref_src=twsrc%5Etfw\">August 31, 2021<\/a><\/p><\/blockquote><\/div>\n<p>Las FARC, en cambio, denunciaron en ese momento que el proceso de paz fracas\u00f3 porque el Gobierno nunca acept\u00f3 combatir y frenar la violencia de los grupos paramilitares, por entonces muy activos en el pa\u00eds y con fuertes v\u00ednculos con el Estado.<\/p>\n<p>Pastrana narr\u00f3 tambi\u00e9n puntillosamente los pasos de las negociaciones, la chance perdida de una reuni\u00f3n con el entonces l\u00edder de las FARC, Manuel Marulanda, alias Tirofijo, y las trabas que aparec\u00edan que le dejaban en claro que \u201c<strong>no iba a ser f\u00e1cil\u201d el proceso.<\/strong><\/p>\n<p>Celebr\u00f3 igualmente el entendimiento para liberar a m\u00e1s de 300 uniformados secuestrados y lament\u00f3 que las FARC congelaran las conversaciones cinco veces.<\/p>\n<p><strong>\u00abSiempre he sostenido que la paz atropell\u00f3 a las FARC\u00bb,<\/strong> dijo, y rese\u00f1\u00f3 que el proceso fue en declive porque la guerrilla secuestr\u00f3 un avi\u00f3n, dinamit\u00f3 un puente en Antioquia y busc\u00f3 volar el acueducto de Bogot\u00e1, adem\u00e1s de usar la zona de despeje militar para cometer delitos.<\/p>\n<p><strong>\u00abPuedo salir hoy de aqu\u00ed con la frente en alto: hice todo lo posible y lo que estaba en mis manos para hacer la paz en Colombia. No lo logr\u00e9; tristemente, no lo logr\u00e9. \u00bfCu\u00e1ntas vidas se hubieran salvado, cu\u00e1ntos muertos hubi\u00e9ramos evitado si se hubiera firmado la paz? Ellos no estaban preparados\u201d,<\/strong> expres\u00f3. <\/p>\n","protected":false},"excerpt":{"rendered":"<p>\u00abSin el Plan Colombia, no hubiera existido la seguridad democr\u00e1tica\u00bb, afirm\u00f3 Pastrana El expresidente colombiano Andr\u00e9s Pastrana consider\u00f3 este martes que las frustradas conversaciones de paz que se llevaron a cabo durante su mandato en los a\u00f1os 90 fueron la base para que varios a\u00f1os despu\u00e9s, en 2016, pudiera acordarse el cese de la lucha [&hellip;]<\/p>\n","protected":false},"author":1,"featured_media":28315,"comment_status":"open","ping_status":"closed","sticky":false,"template":"","format":"standard","meta":[],"categories":[19],"tags":[],"_links":{"self":[{"href":"http:\/\/hoycordobaweb.com\/index.php\/wp-json\/wp\/v2\/posts\/28314"}],"collection":[{"href":"http:\/\/hoycordobaweb.com\/index.php\/wp-json\/wp\/v2\/posts"}],"about":[{"href":"http:\/\/hoycordobaweb.com\/index.php\/wp-json\/wp\/v2\/types\/post"}],"author":[{"embeddable":true,"href":"http:\/\/hoycordobaweb.com\/index.php\/wp-json\/wp\/v2\/users\/1"}],"replies":[{"embeddable":true,"href":"http:\/\/hoycordobaweb.com\/index.php\/wp-json\/wp\/v2\/comments?post=28314"}],"version-history":[{"count":0,"href":"http:\/\/hoycordobaweb.com\/index.php\/wp-json\/wp\/v2\/posts\/28314\/revisions"}],"wp:featuredmedia":[{"embeddable":true,"href":"http:\/\/hoycordobaweb.com\/index.php\/wp-json\/wp\/v2\/media\/28315"}],"wp:attachment":[{"href":"http:\/\/hoycordobaweb.com\/index.php\/wp-json\/wp\/v2\/media?parent=28314"}],"wp:term":[{"taxonomy":"category","embeddable":true,"href":"http:\/\/hoycordobaweb.com\/index.php\/wp-json\/wp\/v2\/categories?post=28314"},{"taxonomy":"post_tag","embeddable":true,"href":"http:\/\/hoycordobaweb.com\/index.php\/wp-json\/wp\/v2\/tags?post=28314"}],"curies":[{"name":"wp","href":"https:\/\/api.w.org\/{rel}","templated":true}]}}