{"id":28304,"date":"2021-09-01T07:33:07","date_gmt":"2021-09-01T07:33:07","guid":{"rendered":"https:\/\/www.mujerhoy.com\/moda\/no-te-pierdas\/alba-carrillo-zapatos-tacon-comodo-zara-negros-joya-baratos-look-invitada-20210831121331-nt.html"},"modified":"2021-09-01T07:33:07","modified_gmt":"2021-09-01T07:33:07","slug":"los-zapatos-de-tacon-comodo-de-zara-de-alba-carrillo-una-joya-perfecta-para-tu-proximo-look-de-invitada","status":"publish","type":"post","link":"http:\/\/hoycordobaweb.com\/index.php\/2021\/09\/01\/los-zapatos-de-tacon-comodo-de-zara-de-alba-carrillo-una-joya-perfecta-para-tu-proximo-look-de-invitada\/","title":{"rendered":"Los zapatos de tac\u00f3n c\u00f3modo de Zara de Alba Carrillo, una joya perfecta para tu pr\u00f3ximo look de invitada"},"content":{"rendered":"<p><!-- AUTHOR --><!-- COMPONENTS --><\/p>\n<p class=\"voc-paragraph\"><strong>Alba Carrillo<\/strong> ha dejado claro en m\u00e1s de una ocasi\u00f3n que es otra de las famosas que no puede resistirse a<br \/>\n<strong> los chollos de Zara <\/strong>y ha lucido en redes y en televisi\u00f3n alguna prendas del gigante de Inidtex con la que ha triunfado. <a data-voc-vtm-id=\"in-text-traffic\" href=\"https:\/\/www.mujerhoy.com\/moda\/no-te-pierdas\/conjunto-punto-zara-home-zuecos-mujer-look-comodo-ponible-barato-alba-carrillo-20210819144815-nt.html\">Este conjunto con zuecos<\/a> es un buen ejemplo y <a data-voc-vtm-id=\"in-text-traffic\" href=\"https:\/\/www.mujerhoy.com\/moda\/no-te-pierdas\/vestido-rayas-zara-alba-carrillo-barato-favorece-arrasa-instagram-television-20210823105436-nt.html\">este vestido de rayas barat\u00edsimo<\/a> arras\u00f3 en su perfil de Instagram. Ahora, ha vuelto a apostar por Zara para salir en televisi\u00f3n y lo ha hecho con unos <strong>zapatos de tac\u00f3n ideales<\/strong>.\n<\/p>\n<p class=\"voc-paragraph\">La colaboradora de televisi\u00f3n particip\u00f3 en el programa &#8216;La \u00faltima cena&#8217; de Telecinco y para la ocasi\u00f3n escogi\u00f3 un <strong>bonito vestido midi blanco de lunares negros <\/strong>&#8211;<br \/>\n<a data-voc-vtm-id=\"in-text-traffic\" href=\"https:\/\/www.mujerhoy.com\/moda\/no-te-pierdas\/vestido-lunares-hecho-espana-barato-alba-carrillo-triunfa-television-rejuvenece-comodo-bonito-20210828100733-nt.html\">que hemos copiado aqu\u00ed<\/a>-. Un look ideal que puede ser una buena inspiraci\u00f3n de invitada y que combinado, seg\u00fan ella misma ha explicado en su perfil de Instagram, con unos <strong>tacones negros de Zara<\/strong>.\n<\/p>\n<p class=\"voc-paragraph\">Se trata de unos<br \/>\n<strong> zapatos con un tac\u00f3n medio<\/strong> no muy altos -por eso decimos que son c\u00f3modos- y, aunque tenga un tac\u00f3n fino, no lo es demasiado y pueden ser bastante confortables. Se trata de un zapato cerrado de punta triangular que llevan un detalle joya en la parte central. \u00bfLa mala noticia? Que est\u00e1n desaparecidos de la web de Zara por lo que<br \/>\n<strong> suponemos que, o est\u00e1n agotados o son de otra temporada<\/strong>.\n<\/p>\n<div class=\"voc-detail__cmp\">\n<div class=\"voc-article-container\">\n<article class=\"voc-article voc-article--cmp-photo-text\">\n<div class=\"voc-img-container\"><picture>\n<div class=\"voc-horizontal voc-img-icon-link\"><img class=\"lazy\" loading=\"lazy\" data-original=\"\/\/static.mujerhoy.com\/www\/multimedia\/202108\/31\/media\/cortadas\/zapatos-joya-zara-negros-knIE--624x624@MujerHoy.JPG\" alt><\/div>\n<\/picture>\n<p class=\"figure-caption \"><span class=\"voc-photo-author\"> zara <\/span><\/p>\n<\/div>\n<\/article>\n<\/div>\n<\/div>\n<p class=\"voc-paragraph\">Pero si te han gustado tanto como a nosotras, tranquila porque hay dos modelos muy similares con los que puedes copiar este look de Alba. El primero de ellos <strong>tiene el tac\u00f3n algo m\u00e1s alto, son destalonados y van atados con cuerdas al tobillo<\/strong>. Cuestan <strong>49,95 euros<\/strong> y tambi\u00e9n llevan un aplique joya en color plateado en la punta.\n<\/p>\n<div class=\"voc-detail__cmp\">\n<div class=\"voc-article-container\">\n<article class=\"voc-article voc-article--cmp-photo-text\">\n<div class=\"voc-img-container\"><picture>\n<div class=\"voc-horizontal voc-img-icon-link\"><img class=\"lazy\" loading=\"lazy\" data-original=\"\/\/static.mujerhoy.com\/www\/multimedia\/202108\/31\/media\/cortadas\/zapatos-tacon-comodo-zara-knIE--624x624@MujerHoy.JPG\" alt><\/div>\n<\/picture>\n<p class=\"figure-caption \"><span class=\"voc-photo-author\"> zara <\/span><\/p>\n<\/div>\n<\/article>\n<\/div>\n<\/div>\n<p class=\"voc-paragraph\">Si por el contrario, buscas<br \/>\n<strong> algo m\u00e1s bajo y c\u00f3modo<\/strong>, Zara tiene otro dise\u00f1o destalonado, con tira para sujetar en el tobillo y con la hebilla similar al anterior. Este cuesta<br \/>\n<strong> 49,95 euros<\/strong>, est\u00e1 disponible en m\u00e1s colores y es mucho m\u00e1s ponible. Incluso para a\u00f1adir a un look b\u00e1sico de vaqueros y camiseta blancas. \u00a1Ideales!\n<\/p>\n<div class=\"voc-detail__cmp voc-detail__cmp--pad-lr voc-detail__cmp--pad-lr--bdr\">\n<div class=\"voc-ficha-detail__wrapper\">\n<section class=\"voc-ficha-detail\">\n<h4 class=\"voc-ficha-detail-title voc-title-section\">te recomendamos<\/h4>\n<\/section>\n<\/div>\n<\/div>\n<p><!-- TOPICS --><\/p>\n","protected":false},"excerpt":{"rendered":"<p>Alba Carrillo ha dejado claro en m\u00e1s de una ocasi\u00f3n que es otra de las famosas que no puede resistirse a los chollos de Zara y ha lucido en redes y en televisi\u00f3n alguna prendas del gigante de Inidtex con la que ha triunfado. Este conjunto con zuecos es un buen ejemplo y este vestido [&hellip;]<\/p>\n","protected":false},"author":1,"featured_media":28305,"comment_status":"closed","ping_status":"closed","sticky":false,"template":"","format":"standard","meta":[],"categories":[1],"tags":[],"_links":{"self":[{"href":"http:\/\/hoycordobaweb.com\/index.php\/wp-json\/wp\/v2\/posts\/28304"}],"collection":[{"href":"http:\/\/hoycordobaweb.com\/index.php\/wp-json\/wp\/v2\/posts"}],"about":[{"href":"http:\/\/hoycordobaweb.com\/index.php\/wp-json\/wp\/v2\/types\/post"}],"author":[{"embeddable":true,"href":"http:\/\/hoycordobaweb.com\/index.php\/wp-json\/wp\/v2\/users\/1"}],"replies":[{"embeddable":true,"href":"http:\/\/hoycordobaweb.com\/index.php\/wp-json\/wp\/v2\/comments?post=28304"}],"version-history":[{"count":0,"href":"http:\/\/hoycordobaweb.com\/index.php\/wp-json\/wp\/v2\/posts\/28304\/revisions"}],"wp:featuredmedia":[{"embeddable":true,"href":"http:\/\/hoycordobaweb.com\/index.php\/wp-json\/wp\/v2\/media\/28305"}],"wp:attachment":[{"href":"http:\/\/hoycordobaweb.com\/index.php\/wp-json\/wp\/v2\/media?parent=28304"}],"wp:term":[{"taxonomy":"category","embeddable":true,"href":"http:\/\/hoycordobaweb.com\/index.php\/wp-json\/wp\/v2\/categories?post=28304"},{"taxonomy":"post_tag","embeddable":true,"href":"http:\/\/hoycordobaweb.com\/index.php\/wp-json\/wp\/v2\/tags?post=28304"}],"curies":[{"name":"wp","href":"https:\/\/api.w.org\/{rel}","templated":true}]}}