{"id":2813,"date":"2020-10-05T20:17:00","date_gmt":"2020-10-05T20:17:00","guid":{"rendered":"http:\/\/hoycordobaweb.com\/index.php\/2020\/10\/05\/kulfas-aseguro-que-se-buscara-potenciar-una-matriz-productiva-diversificada\/"},"modified":"2020-10-05T20:17:00","modified_gmt":"2020-10-05T20:17:00","slug":"kulfas-aseguro-que-se-buscara-potenciar-una-matriz-productiva-diversificada","status":"publish","type":"post","link":"http:\/\/hoycordobaweb.com\/index.php\/2020\/10\/05\/kulfas-aseguro-que-se-buscara-potenciar-una-matriz-productiva-diversificada\/","title":{"rendered":"Kulfas asegur\u00f3 que se buscar\u00e1 \u00abpotenciar una matriz productiva diversificada\u00bb"},"content":{"rendered":"<p><img src=\"http:\/\/hoycordobaweb.com\/wp-content\/uploads\/2020\/10\/kulfas-aseguro-que-se-buscara-potenciar-una-matriz-productiva-diversificada.jpg\"><\/p>\n<div class=\"image\" id=\"image\"> <img src=\"http:\/\/hoycordobaweb.com\/wp-content\/uploads\/2020\/10\/kulfas-aseguro-que-se-buscara-potenciar-una-matriz-productiva-diversificada-2.jpg\" alt title><\/div>\n<p><strong>El ministro de Desarrollo Productivo, Mat\u00edas Kulfas, asegur\u00f3 hoy que su cartera se propone \u00abreactivar la industria nacional y potenciar una matriz productiva diversificada en las exportaciones\u00bb, al exponer ante los diputados detalles del proyecto de Presupuesto <\/strong>para el pr\u00f3ximo a\u00f1o.<\/p>\n<p>Kulfas brind\u00f3 hoy un informe ante la Comisi\u00f3n de Presupuesto de la C\u00e1mara de Diputados -que conduce Carlos Heller (Frente de Todos)-, en el marco de las reuniones informativas donde brindan detalles sobre las previsiones proyectadas en la ley de gastos y recursos para 2021.<\/p>\n<p>Kulfas dijo que la \u00abeconom\u00eda argentina toc\u00f3 fondo en el mes de abril. Fue el momento m\u00e1s complicado de la pandemia tanto en nuestro pa\u00eds como en todo el mundo. Desde entonces lo que se ve es una recuperaci\u00f3n mes a mes de la econom\u00eda\u00bb.<\/p>\n<p>\u00abLa industria ya opera en niveles similares al a\u00f1o pasado, aunque con realidades sectoriales heterog\u00e9neas. Se ven algunos cambios en el perfil de consumo, es decir b\u00e1sicamente una adaptaci\u00f3n a una vida con menor movilidad social\u00bb, agreg\u00f3.<\/p>\n<p>Sobre los planes de la cartera para 2021, Kulfas dijo que \u00abel primero de los objetivos estrat\u00e9gicos de la pol\u00edtica del Ministerio de Desarrollo Productivo para 2021, tiene que ver con reactivar la industria nacional y potenciar una matriz productiva diversificada tambi\u00e9n en las exportaciones\u00bb.<\/p>\n<p>Al explicar aspectos del presupuesto estimado para el ministerio -por un monto total de 130 mil millones de pesos-, destac\u00f3 la importancia que tendr\u00e1 el FOGAR \u00abcomo mecanismo de financiamiento para promover la inversi\u00f3n de todos los proyectos productivos\u00bb<\/p>\n<p>\u00abNo queremos que nos quede un solo proyecto rentable y con desarrollo sin financiamiento para llegar al entramado de pymes de todos el pa\u00eds\u00bb, agreg\u00f3.<\/p>\n<p>Al respecto, Kulfas destac\u00f3 que la cartera trabaja \u00abpensando en todo el tejido productivo del pa\u00eds. Hasta marzo se hab\u00edan asistido con cr\u00e9ditos a 20.000 pymes, en pademia llegamos a 46.000l en forma directa y a 540.000 de peque\u00f1os contribuyentes\u00bb, detall\u00f3.<\/p>\n<p>\u00abDe ninguna manera implementamos medidas para ocho multinacionales lo hacemos pensando en el entramado de 600 mil pymes que son empleadores\u00bb, subray\u00f3 el funcionario al responder preguntas realizadas por legisladores de la oposici\u00f3n.<\/p>\n<p>\u00abSi nosotros podemos agregar valor y transformar la soja y el ma\u00edz en industrias c\u00e1rnicas, vamos a poder exportar en valor y vamos a generar mas empleo\u00bb, sostuvo el ministro. <\/p>\n","protected":false},"excerpt":{"rendered":"<p>El ministro de Desarrollo Productivo, Mat\u00edas Kulfas, asegur\u00f3 hoy que su cartera se propone \u00abreactivar la industria nacional y potenciar una matriz productiva diversificada en las exportaciones\u00bb, al exponer ante los diputados detalles del proyecto de Presupuesto para el pr\u00f3ximo a\u00f1o. Kulfas brind\u00f3 hoy un informe ante la Comisi\u00f3n de Presupuesto de la C\u00e1mara de [&hellip;]<\/p>\n","protected":false},"author":1,"featured_media":2814,"comment_status":"open","ping_status":"closed","sticky":false,"template":"","format":"standard","meta":[],"categories":[19],"tags":[],"_links":{"self":[{"href":"http:\/\/hoycordobaweb.com\/index.php\/wp-json\/wp\/v2\/posts\/2813"}],"collection":[{"href":"http:\/\/hoycordobaweb.com\/index.php\/wp-json\/wp\/v2\/posts"}],"about":[{"href":"http:\/\/hoycordobaweb.com\/index.php\/wp-json\/wp\/v2\/types\/post"}],"author":[{"embeddable":true,"href":"http:\/\/hoycordobaweb.com\/index.php\/wp-json\/wp\/v2\/users\/1"}],"replies":[{"embeddable":true,"href":"http:\/\/hoycordobaweb.com\/index.php\/wp-json\/wp\/v2\/comments?post=2813"}],"version-history":[{"count":0,"href":"http:\/\/hoycordobaweb.com\/index.php\/wp-json\/wp\/v2\/posts\/2813\/revisions"}],"wp:featuredmedia":[{"embeddable":true,"href":"http:\/\/hoycordobaweb.com\/index.php\/wp-json\/wp\/v2\/media\/2814"}],"wp:attachment":[{"href":"http:\/\/hoycordobaweb.com\/index.php\/wp-json\/wp\/v2\/media?parent=2813"}],"wp:term":[{"taxonomy":"category","embeddable":true,"href":"http:\/\/hoycordobaweb.com\/index.php\/wp-json\/wp\/v2\/categories?post=2813"},{"taxonomy":"post_tag","embeddable":true,"href":"http:\/\/hoycordobaweb.com\/index.php\/wp-json\/wp\/v2\/tags?post=2813"}],"curies":[{"name":"wp","href":"https:\/\/api.w.org\/{rel}","templated":true}]}}