{"id":28121,"date":"2021-08-25T23:45:29","date_gmt":"2021-08-25T23:45:29","guid":{"rendered":"http:\/\/fono.fcm.unc.edu.ar\/?p=6818"},"modified":"2021-08-25T23:45:29","modified_gmt":"2021-08-25T23:45:29","slug":"proyecto-de-divulgacion-de-la-fonoaudiologia","status":"publish","type":"post","link":"http:\/\/hoycordobaweb.com\/index.php\/2021\/08\/25\/proyecto-de-divulgacion-de-la-fonoaudiologia\/","title":{"rendered":"Proyecto de Divulgaci\u00f3n de la Fonoaudiolog\u00eda"},"content":{"rendered":"<h2 class=\"fusion-post-title\">Proyecto de Divulgaci\u00f3n de la Fonoaudiolog\u00eda<\/h2>\n<div class=\"post-content\" readability=\"36\">\n<p><img loading=\"lazy\" class=\"alignright wp-image-6819 size-fusion-400\" src=\"https:\/\/fono.fcm.unc.edu.ar\/wp-content\/uploads\/sites\/14\/2021\/08\/WhatsApp-Image-2021-08-25-at-20.39.23-400x400.jpeg\" alt width=\"400\" height=\"400\" srcset=\"https:\/\/fono.fcm.unc.edu.ar\/wp-content\/uploads\/sites\/14\/2021\/08\/WhatsApp-Image-2021-08-25-at-20.39.23-66x66.jpeg 66w, https:\/\/fono.fcm.unc.edu.ar\/wp-content\/uploads\/sites\/14\/2021\/08\/WhatsApp-Image-2021-08-25-at-20.39.23-150x150.jpeg 150w, https:\/\/fono.fcm.unc.edu.ar\/wp-content\/uploads\/sites\/14\/2021\/08\/WhatsApp-Image-2021-08-25-at-20.39.23-200x200.jpeg 200w, https:\/\/fono.fcm.unc.edu.ar\/wp-content\/uploads\/sites\/14\/2021\/08\/WhatsApp-Image-2021-08-25-at-20.39.23-300x300.jpeg 300w, https:\/\/fono.fcm.unc.edu.ar\/wp-content\/uploads\/sites\/14\/2021\/08\/WhatsApp-Image-2021-08-25-at-20.39.23-400x400.jpeg 400w, https:\/\/fono.fcm.unc.edu.ar\/wp-content\/uploads\/sites\/14\/2021\/08\/WhatsApp-Image-2021-08-25-at-20.39.23-600x600.jpeg 600w, https:\/\/fono.fcm.unc.edu.ar\/wp-content\/uploads\/sites\/14\/2021\/08\/WhatsApp-Image-2021-08-25-at-20.39.23-768x768.jpeg 768w, https:\/\/fono.fcm.unc.edu.ar\/wp-content\/uploads\/sites\/14\/2021\/08\/WhatsApp-Image-2021-08-25-at-20.39.23-800x800.jpeg 800w, https:\/\/fono.fcm.unc.edu.ar\/wp-content\/uploads\/sites\/14\/2021\/08\/WhatsApp-Image-2021-08-25-at-20.39.23-1024x1024.jpeg 1024w, https:\/\/fono.fcm.unc.edu.ar\/wp-content\/uploads\/sites\/14\/2021\/08\/WhatsApp-Image-2021-08-25-at-20.39.23.jpeg 1080w\" sizes=\"(max-width: 400px) 100vw, 400px\">Se llev\u00f3 a cabo una reuni\u00f3n con Asalfa, Facaf y el Hospital Universitario Austral para tratar el <span>&nbsp;Proyecto de Divulgaci\u00f3n de la Fonoaudiolog\u00eda. <\/span><\/p>\n<p>Proyectando y creciendo como disciplina a lo largo de nuestro pa\u00eds.<\/p>\n<\/p><\/div>\n","protected":false},"excerpt":{"rendered":"<p>Proyecto de Divulgaci\u00f3n de la Fonoaudiolog\u00eda Se llev\u00f3 a cabo una reuni\u00f3n con Asalfa, Facaf y el Hospital Universitario Austral para tratar el &nbsp;Proyecto de Divulgaci\u00f3n de la Fonoaudiolog\u00eda. Proyectando y creciendo como disciplina a lo largo de nuestro pa\u00eds.<\/p>\n","protected":false},"author":1,"featured_media":0,"comment_status":"closed","ping_status":"closed","sticky":false,"template":"","format":"standard","meta":[],"categories":[1],"tags":[],"_links":{"self":[{"href":"http:\/\/hoycordobaweb.com\/index.php\/wp-json\/wp\/v2\/posts\/28121"}],"collection":[{"href":"http:\/\/hoycordobaweb.com\/index.php\/wp-json\/wp\/v2\/posts"}],"about":[{"href":"http:\/\/hoycordobaweb.com\/index.php\/wp-json\/wp\/v2\/types\/post"}],"author":[{"embeddable":true,"href":"http:\/\/hoycordobaweb.com\/index.php\/wp-json\/wp\/v2\/users\/1"}],"replies":[{"embeddable":true,"href":"http:\/\/hoycordobaweb.com\/index.php\/wp-json\/wp\/v2\/comments?post=28121"}],"version-history":[{"count":0,"href":"http:\/\/hoycordobaweb.com\/index.php\/wp-json\/wp\/v2\/posts\/28121\/revisions"}],"wp:attachment":[{"href":"http:\/\/hoycordobaweb.com\/index.php\/wp-json\/wp\/v2\/media?parent=28121"}],"wp:term":[{"taxonomy":"category","embeddable":true,"href":"http:\/\/hoycordobaweb.com\/index.php\/wp-json\/wp\/v2\/categories?post=28121"},{"taxonomy":"post_tag","embeddable":true,"href":"http:\/\/hoycordobaweb.com\/index.php\/wp-json\/wp\/v2\/tags?post=28121"}],"curies":[{"name":"wp","href":"https:\/\/api.w.org\/{rel}","templated":true}]}}