{"id":28119,"date":"2021-08-30T02:30:00","date_gmt":"2021-08-30T02:30:00","guid":{"rendered":"http:\/\/hoycordobaweb.com\/index.php\/2021\/08\/30\/velez-goleo-a-godoy-cruz-y-el-gallego-mendez-se-fue-del-tomba\/"},"modified":"2021-08-30T02:30:00","modified_gmt":"2021-08-30T02:30:00","slug":"velez-goleo-a-godoy-cruz-y-el-gallego-mendez-se-fue-del-tomba","status":"publish","type":"post","link":"http:\/\/hoycordobaweb.com\/index.php\/2021\/08\/30\/velez-goleo-a-godoy-cruz-y-el-gallego-mendez-se-fue-del-tomba\/","title":{"rendered":"V\u00e9lez gole\u00f3 a Godoy Cruz y el \u00abGallego\u00bb M\u00e9ndez se fue del \u00abTomba\u00bb"},"content":{"rendered":"<p><img src=\"http:\/\/hoycordobaweb.com\/wp-content\/uploads\/2021\/08\/velez-goleo-a-godoy-cruz-y-el-gallego-mendez-se-fue-del-tomba.jpg\"><\/p>\n<div class=\"image\" id=\"image\"> <img src=\"http:\/\/hoycordobaweb.com\/wp-content\/uploads\/2021\/08\/velez-goleo-a-godoy-cruz-y-el-gallego-mendez-se-fue-del-tomba-2.jpg\" alt title><\/div>\n<p>V\u00e9lez se luci\u00f3 este domingo al vencer a Godoy Cruz por 3 a 0, en Liniers, en partido de la novena fecha de la Liga Profesional de F\u00fatbol.<\/p>\n<p>Tras la finalizaci\u00f3n del encuentro,<strong> el \u00abGallego\u00bb Sebasti\u00e1n M\u00e9ndez le comunic\u00f3 a sus jugadores su alejamiento de la direcci\u00f3n t\u00e9cnica<\/strong>.<\/p>\n<p>Federico Mancuello marc\u00f3 la apertura en el primer tiempo y en el segundo, N\u00e9stor Breitenbrauch, de Godoy Cruz, con gol en contra, aument\u00f3 para V\u00e9lez, que con Agust\u00edn Bouzat cerr\u00f3 la goleada.<\/p>\n<p>Al comienzo del juego, el equipo mendocino busc\u00f3 presionar la salida del local para ponerlo inc\u00f3modo y provocarle alg\u00fan error, tratando de sacar provecho para inquietar al guardavalla Lucas Hoyos.<\/p>\n<p>Lo que no pudo imponer el elenco conducido por el exzaguero de V\u00e9lez Sebasti\u00e1n M\u00e9ndez, porque los del \u00abFort\u00edn\u00bb pronto se acomodaron mejor en el campo y con la posesi\u00f3n de la pelota establecieron condiciones para pasar a prevalecer en las acciones.<\/p>\n<p>As\u00ed, Federico Mancuello comenz\u00f3 a destacarse al distribuir el juego; en especial con habilitaciones para los desbordes de Luca Orellano por la derecha.<\/p>\n<p>De ese modo, los conducidos por Mauricio Pellegrino contaron con tres situaciones claras como para marcar la apertura con las sesiones del extremo derecho.<\/p>\n<p>Primero, con un centro atr\u00e1s para Thiago Almada y en las otras dos con sesiones para las entradas de Lucas Janson; situaciones que fueron resultas con lucidas intervenciones por el arquero paraguayo Juan Esp\u00ednola para evitar la ca\u00edda de su valla.<\/p>\n<p>Mientras, el \u00abtombino\u00bb trataba de ordenarse en el fondo para contener esos embates velezanos y procuraba responder con r\u00e1pidas r\u00e9plicas, las que no contaron con las definiciones correctas y escasas exigencias para la defensa local, que volvi\u00f3 a contar con el zaguero izquierdo Lautaro Giannetti, despu\u00e9s de tres fechas, repuesto de un esguince en la rodilla derecha.<\/p>\n<div class=\"image\" id=\"image\"> <img src=\"http:\/\/hoycordobaweb.com\/wp-content\/uploads\/2021\/08\/velez-goleo-a-godoy-cruz-y-el-gallego-mendez-se-fue-del-tomba-3.jpg\" alt title><\/div>\n<p>En los tramos finales, otra vez apareci\u00f3 Esp\u00ednola para ahogarle el gol a Juan Mart\u00edn Lucero, pero cuando el mejor de Godoy Cruz impresionaba como inexpugnable, apareci\u00f3 el mejor de V\u00e9lez para enfrentarlo y vulnerarlo: Mancuello.<\/p>\n<p>El exvolante izquierdo de Independiente inici\u00f3 una destacada maniobra ofensiva colectiva, que \u00e9l mismo se adelant\u00f3 para culminarla llegando libre por la banda central para definir con un zurdazo rastrero y a la derecha del paraguayo, a los 44 minutos, d\u00e1ndole la merecida ventaja a los de Liniers.<\/p>\n<p>En el complemento, el conjunto visitante ajust\u00f3 m\u00e1s las marcas y con el crecimiento de la labor del volante Mart\u00edn Ojeda m\u00e1s un par de cambios ofensivos, logr\u00f3 equilibrar el desarrollo y hasta ponerlo en aprietos al rival. Frente a esto, de a poco V\u00e9lez, con menor intensidad, retorn\u00f3 a convertir en figura al arquero Esp\u00ednola, que tap\u00f3 un par de tiros muy peligrosos, hasta que en el cuarto de hora final impuso su potencia la &#8216;V&#8217; para cerrar el justo \u00e9xito.<\/p>\n<p>Un centro del ingresado Ricardo Centuri\u00f3n, que se desvi\u00f3 en Breitenbruch para vencer su propia valla, a los 35 minutos; y la definici\u00f3n de otro ingresado, Bouzat, V\u00e9lez termin\u00f3 goleando y reafirmando su levantada en el torneo.<\/p>\n<p>En el que lleva tres partidos al hilo sin perder, con dos goleadas y un empate, ubic\u00e1ndose 14to con 10 unidades despu\u00e9s de un muy pobre comienzo.<\/p>\n<p>En tanto, Godoy Cruz sum\u00f3 su cuarta jornada en fila sin vencer, con tres derrotas y un empate, que lo pusieron \u00faltimo en la tabla de promedios.<\/p>\n<p>Por la d\u00e9cima fecha, V\u00e9lez volver\u00e1 a ser local al recibir a Uni\u00f3n de Santa Fe, el lunes 6 a las 20.15; el d\u00eda anterior a las 13.30, Godoy Cruz recibir\u00e1 la visita de Gimnasia.<\/p>\n<p>S\u00edntesis<\/p>\n<p>V\u00e9lez Sarsfield: Lucas Hoyos; Tom\u00e1s Guidara, Mat\u00edas De los Santos, Lautaro Gianetti y Francisco Ortega; Santiago C\u00e1seres y Federico Mancuello; Luca Orellano, Thiago Almada y Lucas Janson; Juan Mart\u00edn Lucero. DT: Mauricio Pellegrino.<\/p>\n<p>Godoy Cruz (Mendoza): Juan Esp\u00ednola; El\u00edas L\u00f3pez, Gianluca Ferrari, N\u00e9stor Breitenbruch y Dami\u00e1n P\u00e9rez; Nelson Acevedo; Mart\u00edn Ojeda, Gonzalo Abrego, Ezequiel Bullaude y Sebasti\u00e1n Lom\u00f3naco; Alan Cantero. DT: Sebasti\u00e1n M\u00e9ndez.<\/p>\n<p>Gol en el primer tiempo: 44m, Mancuello (V).<\/p>\n<p>Goles en el segundo tiempo: 35m, Breitenbruch (GC), en contra de su valla; y 37m, Bouzat (V).<\/p>\n<p>Cambios en el segundo tiempo: 11m, Tom\u00e1s Badaloni por L\u00f3pez (GC), Mat\u00edas Ram\u00edrez por Cantero (GC) y Manuel Llano por Lom\u00f3naco (GC); 22m, Agust\u00edn Bouzat por Janson (V); 27m, Ricardo Centuri\u00f3n por Orellano (V) y Cristian Tarragona por Lucero (V); 29m, Valent\u00edn Burgoa por Abrego (GC); 37m, Leonardo Jara por Mancuello (V) y Ger\u00f3nimo Poblete por Almada (V).<\/p>\n<p>Amonestado: Ortega (V).<\/p>\n<p>\u00c1rbitro: Mauro Vigliano.<\/p>\n<p>Estadio: Jos\u00e9 Amalfitani (V\u00e9lez Sarsfield). <\/p>\n","protected":false},"excerpt":{"rendered":"<p>V\u00e9lez se luci\u00f3 este domingo al vencer a Godoy Cruz por 3 a 0, en Liniers, en partido de la novena fecha de la Liga Profesional de F\u00fatbol. Tras la finalizaci\u00f3n del encuentro, el \u00abGallego\u00bb Sebasti\u00e1n M\u00e9ndez le comunic\u00f3 a sus jugadores su alejamiento de la direcci\u00f3n t\u00e9cnica. Federico Mancuello marc\u00f3 la apertura en el [&hellip;]<\/p>\n","protected":false},"author":1,"featured_media":28120,"comment_status":"open","ping_status":"closed","sticky":false,"template":"","format":"standard","meta":[],"categories":[16],"tags":[],"_links":{"self":[{"href":"http:\/\/hoycordobaweb.com\/index.php\/wp-json\/wp\/v2\/posts\/28119"}],"collection":[{"href":"http:\/\/hoycordobaweb.com\/index.php\/wp-json\/wp\/v2\/posts"}],"about":[{"href":"http:\/\/hoycordobaweb.com\/index.php\/wp-json\/wp\/v2\/types\/post"}],"author":[{"embeddable":true,"href":"http:\/\/hoycordobaweb.com\/index.php\/wp-json\/wp\/v2\/users\/1"}],"replies":[{"embeddable":true,"href":"http:\/\/hoycordobaweb.com\/index.php\/wp-json\/wp\/v2\/comments?post=28119"}],"version-history":[{"count":0,"href":"http:\/\/hoycordobaweb.com\/index.php\/wp-json\/wp\/v2\/posts\/28119\/revisions"}],"wp:featuredmedia":[{"embeddable":true,"href":"http:\/\/hoycordobaweb.com\/index.php\/wp-json\/wp\/v2\/media\/28120"}],"wp:attachment":[{"href":"http:\/\/hoycordobaweb.com\/index.php\/wp-json\/wp\/v2\/media?parent=28119"}],"wp:term":[{"taxonomy":"category","embeddable":true,"href":"http:\/\/hoycordobaweb.com\/index.php\/wp-json\/wp\/v2\/categories?post=28119"},{"taxonomy":"post_tag","embeddable":true,"href":"http:\/\/hoycordobaweb.com\/index.php\/wp-json\/wp\/v2\/tags?post=28119"}],"curies":[{"name":"wp","href":"https:\/\/api.w.org\/{rel}","templated":true}]}}