{"id":28039,"date":"2021-08-28T03:10:00","date_gmt":"2021-08-28T03:10:00","guid":{"rendered":"http:\/\/hoycordobaweb.com\/index.php\/2021\/08\/28\/el-archivo-general-de-la-nacion-cumple-200-anos-y-busca-difundir-sus-historias-no-contadas\/"},"modified":"2021-08-28T03:10:00","modified_gmt":"2021-08-28T03:10:00","slug":"el-archivo-general-de-la-nacion-cumple-200-anos-y-busca-difundir-sus-historias-no-contadas","status":"publish","type":"post","link":"http:\/\/hoycordobaweb.com\/index.php\/2021\/08\/28\/el-archivo-general-de-la-nacion-cumple-200-anos-y-busca-difundir-sus-historias-no-contadas\/","title":{"rendered":"El Archivo General de la Naci\u00f3n cumple 200 a\u00f1os y busca difundir sus historias no contadas"},"content":{"rendered":"<p><img src=\"http:\/\/hoycordobaweb.com\/wp-content\/uploads\/2021\/08\/el-archivo-general-de-la-nacion-cumple-200-anos-y-busca-difundir-sus-historias-no-contadas.jpg\"><\/p>\n<p> <iframe width=\"560\" height=\"315\" src=\"https:\/\/www.youtube.com\/embed\/7QN2W2hBVrY?wmode=transparent&amp;showinfo=0&amp;autohide=1&amp;rel=0\" frameborder=\"0\" allowfullscreen>[embedded content]<\/iframe> <\/p>\n<p>El Archivo General de la Naci\u00f3n cumple 200 a\u00f1os, se digitaliza y repiensa c\u00f3mo gestionar la memoria<\/p>\n<p>A punto de cumplir 200 a\u00f1os, el Archivo General de la Naci\u00f3n (AGN) busca no s\u00f3lo ser custodio de la historia argentina -contada en general por figuras masculinas- sino tambi\u00e9n difundir los hechos menos narrados sobre comunidades ind\u00edgenas, afrodescendientes, mujeres y colectivo LGBTIQ+.<\/p>\n<blockquote class=\"small-left\" readability=\"6\">\n<p>Volver accesible la documentaci\u00f3n del archivo es una de las principales tareas que tienen sus trabajadoras y trabajadores<span class=\"comilla\">\u201d<\/span><\/p>\n<\/blockquote>\n<p>Roc\u00edo Caldentey, jefa del Departamento de Documentos Fotogr\u00e1ficos del AGN; M\u00e9rida Doussou Sekel, afroargentina y profesora de Historia; y Graciela Queirolo, historiadora especializada en mujeres y trabajo, conversaron con T\u00e9lam sobre las dificultades y oportunidades para investigar sobre estos temas y el rol del AGN.<\/p>\n<div class=\"image-right\"> <img src=\"http:\/\/hoycordobaweb.com\/wp-content\/uploads\/2021\/08\/el-archivo-general-de-la-nacion-cumple-200-anos-y-busca-difundir-sus-historias-no-contadas-2.jpg\" alt title><\/div>\n<p>El AGN tiene, actualmente, tres funciones sociales. Por un lado, <strong>act\u00faa como fuente para consultas en investigaciones hist\u00f3ricas o de Ciencias Sociales<\/strong>, pero tambi\u00e9n<strong> es parte de la memoria institucional<\/strong>, y por \u00faltimo <strong>sus documentos act\u00faan como garant\u00eda de derechos<\/strong>.<\/p>\n<p>En este sentido, la archivista Caldentey cont\u00f3 que \u00abun caso paradigm\u00e1tico en el AGN fue la contribuci\u00f3n a trav\u00e9s de los documentos generados por el Ministerio del Interior para la comprobaci\u00f3n de los delitos de lesa humanidad en relaci\u00f3n a las matanzas ocurridas con la poblaci\u00f3n aut\u00f3ctona pilag\u00e1 en la d\u00e9cada de los &#8217;40 bajo el Gobierno peronista\u00bb.<\/p>\n<div class=\"image\" id=\"image\" readability=\"8\"> <img src=\"http:\/\/hoycordobaweb.com\/wp-content\/uploads\/2021\/08\/el-archivo-general-de-la-nacion-cumple-200-anos-y-busca-difundir-sus-historias-no-contadas-3.jpg\" alt=\"Las fotograf\u00edas de la poblaci\u00f3n afrodescendiente iban a una secci\u00f3n denominada &quot;Negros&quot;. Foto: Leo Vaca\" title=\"Las fotograf\u00edas de la poblaci\u00f3n afrodescendiente iban a una secci\u00f3n denominada &quot;Negros&quot;. Foto: Leo Vaca\"><\/p>\n<p>Las fotograf\u00edas de la poblaci\u00f3n afrodescendiente iban a una secci\u00f3n denominada \u00abNegros\u00bb. Foto: Leo Vaca<\/p>\n<\/div>\n<p>Volver accesible la documentaci\u00f3n del archivo, que cumplir\u00e1 200 a\u00f1os este s\u00e1bado, es una de las principales tareas que tienen sus trabajadoras y trabajadores, lo cual implica clasificar, recomponer los contextos en que fueron producidos los documentos y realizar descripciones que permitan llegar a ellos de una forma m\u00e1s sencilla.<\/p>\n<p>Caldentey cit\u00f3 como ejemplo la forma en que se guardaban las fotograf\u00edas de la poblaci\u00f3n afrodescendiente: iban a una secci\u00f3n denominada \u00abNegros\u00bb.<\/p>\n<p>Entonces el dilema que se plante\u00f3 fue pensar \u00abqu\u00e9 pasa si yo borro esa huella de c\u00f3mo el Estado entendi\u00f3 a esa poblaci\u00f3n en un momento dado. Yo estoy borrando esa interpretaci\u00f3n del Estado violenta, racista, pero no estamos haciendo que el Estado se haga cargo de qu\u00e9 pol\u00edticas llev\u00f3 adelante\u00bb, explic\u00f3.<\/p>\n<div class=\"image\" id=\"image\" readability=\"8\"> <img src=\"http:\/\/hoycordobaweb.com\/wp-content\/uploads\/2021\/08\/el-archivo-general-de-la-nacion-cumple-200-anos-y-busca-difundir-sus-historias-no-contadas-4.jpg\" alt=\"El AGN es parte de la memoria institucional y sus documentos act\u00faan como garant\u00eda de derechos. Foto: Leo Vaca\" title=\"El AGN es parte de la memoria institucional y sus documentos act\u00faan como garant\u00eda de derechos. Foto: Leo Vaca\"><\/p>\n<p>El AGN es parte de la memoria institucional y sus documentos act\u00faan como garant\u00eda de derechos. Foto: Leo Vaca<\/p>\n<\/div>\n<p>La activista antirracista <strong>Doussou Sekel trabaja en la recuperaci\u00f3n de la afroargentinidad en la historia argentina y actualmente busca que esa labor se materialice en talleres p\u00fablicos y privados <\/strong>que puedan ser financiados por el Gobierno de su provincia, Santa Fe.<\/p>\n<p>Para ella, en Argentina \u00abhay un racismo epist\u00e9mico muy profundo, que tiene que ver con parte del racismo estructural, donde no se ven los intelectuales negros y negras y tampoco la historia de nuestra negritud\u00bb.<\/p>\n<p>Doussou Sekel busca derribar los mitos asociados a la poblaci\u00f3n afrodescendiente en el pa\u00eds, como que \u00aben Argentina no hay negros\u00bb o que hubo una \u00abesclavitud ben\u00e9vola\u00bb.<\/p>\n<p>Entre los documentos que habitan en el Archivo encontr\u00f3 <strong>pruebas judiciales de la \u00e9poca colonial \u00abdonde se puede ver, por ejemplo, demandas de esclavizados a sus amos por malos tratos\u00bb y tambi\u00e9n en los testamentos \u00abdado que las personas esclavizadas figuraban como objetos heredables\u00bb<\/strong>. Otras est\u00e1n en la literatura, los peri\u00f3dicos afroargentinos o las fotograf\u00edas como las del AGN, agreg\u00f3.<\/p>\n<div class=\"image\" id=\"image\" readability=\"8\"> <img src=\"http:\/\/hoycordobaweb.com\/wp-content\/uploads\/2021\/08\/el-archivo-general-de-la-nacion-cumple-200-anos-y-busca-difundir-sus-historias-no-contadas-5.jpg\" alt=\"El Archivo General de la Naci\u00f3n (AGN) naci\u00f3 como Archivo de la Provincia de Buenos Aires el 28 de agosto de 1821. Foto: Leo Vaca\" title=\"El Archivo General de la Naci\u00f3n (AGN) naci\u00f3 como Archivo de la Provincia de Buenos Aires el 28 de agosto de 1821. Foto: Leo Vaca\"><\/p>\n<p>El Archivo General de la Naci\u00f3n (AGN) naci\u00f3 como Archivo de la Provincia de Buenos Aires el 28 de agosto de 1821. Foto: Leo Vaca<\/p>\n<\/div>\n<p>Por otra parte, en cuanto a la poblaci\u00f3n LGBTIQ+, Caldentey explic\u00f3 que como \u00abhist\u00f3ricamente fue perseguida y reprimida, buena parte de los registros que hay son los de las fuerzas represivas. La polic\u00eda tiene un rol central en la generaci\u00f3n de documentos sobre estas poblaciones\u00bb.<\/p>\n<p>Las mujeres trabajando y cuidando tambi\u00e9n son fotograf\u00edas que aparecen a lo largo y ancho del Archivo. En este sentido, Caldentey destac\u00f3 tres formas de evidenciar la relaci\u00f3n entre mujeres y archivos.<\/p>\n<p>\u00abUna es la visibilizaci\u00f3n: se <strong>recuperan los registros fotogr\u00e1ficos en donde se puede ver la acci\u00f3n de las mujeres<\/strong>. Despu\u00e9s, por otro lado, est\u00e1 todo lo que tiene que ver con recuperar c\u00f3mo esos documentos son huellas de formas de entender a la mujer y su rol\u00bb, indic\u00f3.<\/p>\n<blockquote readability=\"8\">\n<p>\u00abQuienes organizamos los archivos de los grandes hombres y de las grandes figuras masculinas somos, generalmente, mujeres\u00bb<span class=\"comilla\">\u201d<\/span><\/p>\n<p><span>Roc\u00edo Caldentey<\/span><\/p>\n<\/blockquote>\n<p>Graciela Queirolo, investigadora del Conicet e historiadora especializada en mujeres y trabajo, cont\u00f3 a T\u00e9lam que \u00abla producci\u00f3n creci\u00f3 much\u00edsimo\u00bb, en comparaci\u00f3n a cuando ella comenz\u00f3 a investigar en los 2000 este tema.<\/p>\n<p>En su trabajo tuvo dificultades con las fuentes principalmente porque, para ella, \u00abhay que saber qu\u00e9 se busca y qu\u00e9 preguntas se le hacen\u00bb.<\/p>\n<div class=\"image\" id=\"image\" readability=\"8\"> <img src=\"http:\/\/hoycordobaweb.com\/wp-content\/uploads\/2021\/08\/el-archivo-general-de-la-nacion-cumple-200-anos-y-busca-difundir-sus-historias-no-contadas-6.jpg\" alt=\"Desde el inicio de la pandemia se encuentra restringido el acceso al p\u00fablico de forma presencial. Foto: Leo Vaca\" title=\"Desde el inicio de la pandemia se encuentra restringido el acceso al p\u00fablico de forma presencial. Foto: Leo Vaca\"><\/p>\n<p>Desde el inicio de la pandemia se encuentra restringido el acceso al p\u00fablico de forma presencial. Foto: Leo Vaca<\/p>\n<\/div>\n<p>Como ejemplo, Queirolo explic\u00f3 que <strong>los censos del siglo pasado no contaban con trabajadoras porque pensaban en el trabajo de tal manera que no incorporaba a las mujeres asalariadas<\/strong>.<\/p>\n<p>Sin embargo, ellas aparecen en distintos rubros: en el sector industrial, en el sector terciario, en f\u00e1bricas, talleres, oficinas, colegios, hospitales, en el campo cultural, en los peri\u00f3dicos, en los cuidados y en el trabajo dom\u00e9stico.<\/p>\n<p>\u00abPredominantemente uno puede decir que hay toda una serie de feminizaci\u00f3n porque se considera que las mujeres en estos espacios lo que hacen es trasponer su &#8216;naturaleza femenina&#8217; que las hace proclives para desarrollar el trabajo, ya sea porque tienen la motricidad fina, paciencia para soportar tareas mon\u00f3tonas y repetitivas o para atender a una persona enferma, o tienen el amor para educar a un ni\u00f1o\u00bb, explic\u00f3 Queirolo, al hacer una distinci\u00f3n sobre los roles asignados hist\u00f3ricamente a la mujer.<\/p>\n<p>Finalmente, otra forma de analizar la relaci\u00f3n entre el Archivo y la mujer, continu\u00f3 Caldentey, tiene que ver con las personas que trabajan en los archivos: \u00abQuienes organizamos los archivos de los grandes hombres y de las grandes figuras masculinas somos, generalmente, mujeres\u00bb.<\/p>\n","protected":false},"excerpt":{"rendered":"<p>[embedded content] El Archivo General de la Naci\u00f3n cumple 200 a\u00f1os, se digitaliza y repiensa c\u00f3mo gestionar la memoria A punto de cumplir 200 a\u00f1os, el Archivo General de la Naci\u00f3n (AGN) busca no s\u00f3lo ser custodio de la historia argentina -contada en general por figuras masculinas- sino tambi\u00e9n difundir los hechos menos narrados sobre [&hellip;]<\/p>\n","protected":false},"author":1,"featured_media":28040,"comment_status":"open","ping_status":"closed","sticky":false,"template":"","format":"standard","meta":[],"categories":[19],"tags":[],"_links":{"self":[{"href":"http:\/\/hoycordobaweb.com\/index.php\/wp-json\/wp\/v2\/posts\/28039"}],"collection":[{"href":"http:\/\/hoycordobaweb.com\/index.php\/wp-json\/wp\/v2\/posts"}],"about":[{"href":"http:\/\/hoycordobaweb.com\/index.php\/wp-json\/wp\/v2\/types\/post"}],"author":[{"embeddable":true,"href":"http:\/\/hoycordobaweb.com\/index.php\/wp-json\/wp\/v2\/users\/1"}],"replies":[{"embeddable":true,"href":"http:\/\/hoycordobaweb.com\/index.php\/wp-json\/wp\/v2\/comments?post=28039"}],"version-history":[{"count":0,"href":"http:\/\/hoycordobaweb.com\/index.php\/wp-json\/wp\/v2\/posts\/28039\/revisions"}],"wp:featuredmedia":[{"embeddable":true,"href":"http:\/\/hoycordobaweb.com\/index.php\/wp-json\/wp\/v2\/media\/28040"}],"wp:attachment":[{"href":"http:\/\/hoycordobaweb.com\/index.php\/wp-json\/wp\/v2\/media?parent=28039"}],"wp:term":[{"taxonomy":"category","embeddable":true,"href":"http:\/\/hoycordobaweb.com\/index.php\/wp-json\/wp\/v2\/categories?post=28039"},{"taxonomy":"post_tag","embeddable":true,"href":"http:\/\/hoycordobaweb.com\/index.php\/wp-json\/wp\/v2\/tags?post=28039"}],"curies":[{"name":"wp","href":"https:\/\/api.w.org\/{rel}","templated":true}]}}