{"id":27995,"date":"2021-08-27T11:09:00","date_gmt":"2021-08-27T11:09:00","guid":{"rendered":"https:\/\/fm-comunicar.com.ar\/contenido\/18093\/extienden-el-plazo-para-participar-del-caroya-records-edicion-freestyle-rap"},"modified":"2021-08-27T11:09:00","modified_gmt":"2021-08-27T11:09:00","slug":"extienden-el-plazo-para-participar-del-caroya-records-edicion-freestyle-rap","status":"publish","type":"post","link":"http:\/\/hoycordobaweb.com\/index.php\/2021\/08\/27\/extienden-el-plazo-para-participar-del-caroya-records-edicion-freestyle-rap\/","title":{"rendered":"Extienden el plazo para participar del Caroya R\u00e9cords \u00abEdici\u00f3n Freestyle Rap\u00bb"},"content":{"rendered":"<p>Se trata de un programa de promoci\u00f3n y difusi\u00f3n de las producciones musicales de j\u00f3venes locales. Frente a la demanda de los mismos, la fecha l\u00edmite de inscripci\u00f3n es el 8 de septiembre.<img src=\"http:\/\/hoycordobaweb.com\/wp-content\/uploads\/2021\/08\/extienden-el-plazo-para-participar-del-caroya-records-edicion-freestyle-rap.jpg\"><\/p>\n","protected":false},"excerpt":{"rendered":"<p>Se trata de un programa de promoci\u00f3n y difusi\u00f3n de las producciones musicales de j\u00f3venes locales. Frente a la demanda de los mismos, la fecha l\u00edmite de inscripci\u00f3n es el 8 de septiembre.<\/p>\n","protected":false},"author":1,"featured_media":27996,"comment_status":"closed","ping_status":"closed","sticky":false,"template":"","format":"standard","meta":[],"categories":[18],"tags":[],"_links":{"self":[{"href":"http:\/\/hoycordobaweb.com\/index.php\/wp-json\/wp\/v2\/posts\/27995"}],"collection":[{"href":"http:\/\/hoycordobaweb.com\/index.php\/wp-json\/wp\/v2\/posts"}],"about":[{"href":"http:\/\/hoycordobaweb.com\/index.php\/wp-json\/wp\/v2\/types\/post"}],"author":[{"embeddable":true,"href":"http:\/\/hoycordobaweb.com\/index.php\/wp-json\/wp\/v2\/users\/1"}],"replies":[{"embeddable":true,"href":"http:\/\/hoycordobaweb.com\/index.php\/wp-json\/wp\/v2\/comments?post=27995"}],"version-history":[{"count":0,"href":"http:\/\/hoycordobaweb.com\/index.php\/wp-json\/wp\/v2\/posts\/27995\/revisions"}],"wp:featuredmedia":[{"embeddable":true,"href":"http:\/\/hoycordobaweb.com\/index.php\/wp-json\/wp\/v2\/media\/27996"}],"wp:attachment":[{"href":"http:\/\/hoycordobaweb.com\/index.php\/wp-json\/wp\/v2\/media?parent=27995"}],"wp:term":[{"taxonomy":"category","embeddable":true,"href":"http:\/\/hoycordobaweb.com\/index.php\/wp-json\/wp\/v2\/categories?post=27995"},{"taxonomy":"post_tag","embeddable":true,"href":"http:\/\/hoycordobaweb.com\/index.php\/wp-json\/wp\/v2\/tags?post=27995"}],"curies":[{"name":"wp","href":"https:\/\/api.w.org\/{rel}","templated":true}]}}