{"id":27928,"date":"2021-08-26T23:44:57","date_gmt":"2021-08-26T23:44:57","guid":{"rendered":"http:\/\/hoycordobaweb.com\/index.php\/2021\/08\/26\/agenda-deportiva-liga-profesional-futbol-europeo-y-mas-ole\/"},"modified":"2021-08-26T23:44:57","modified_gmt":"2021-08-26T23:44:57","slug":"agenda-deportiva-liga-profesional-futbol-europeo-y-mas-ole","status":"publish","type":"post","link":"http:\/\/hoycordobaweb.com\/index.php\/2021\/08\/26\/agenda-deportiva-liga-profesional-futbol-europeo-y-mas-ole\/","title":{"rendered":"Agenda deportiva: Liga Profesional, <b>f\u00fatbol<\/b> europeo y m\u00e1s &#8211; Ol\u00e9"},"content":{"rendered":"<p>Tambi\u00e9n tendremos una nueva fecha en el Ascenso <b>argentino<\/b>, en el <b>f\u00fatbol<\/b> femenino y en las ligas top de Europa. Mir\u00e1 tambi\u00e9n. Champions League: \u00bfcu\u00e1l es el grupo&nbsp;&#8230; <\/p>\n","protected":false},"excerpt":{"rendered":"<p>Tambi\u00e9n tendremos una nueva fecha en el Ascenso argentino, en el f\u00fatbol femenino y en las ligas top de Europa. Mir\u00e1 tambi\u00e9n. Champions League: \u00bfcu\u00e1l es el grupo&nbsp;&#8230;<\/p>\n","protected":false},"author":1,"featured_media":0,"comment_status":"closed","ping_status":"closed","sticky":false,"template":"","format":"standard","meta":[],"categories":[22],"tags":[],"_links":{"self":[{"href":"http:\/\/hoycordobaweb.com\/index.php\/wp-json\/wp\/v2\/posts\/27928"}],"collection":[{"href":"http:\/\/hoycordobaweb.com\/index.php\/wp-json\/wp\/v2\/posts"}],"about":[{"href":"http:\/\/hoycordobaweb.com\/index.php\/wp-json\/wp\/v2\/types\/post"}],"author":[{"embeddable":true,"href":"http:\/\/hoycordobaweb.com\/index.php\/wp-json\/wp\/v2\/users\/1"}],"replies":[{"embeddable":true,"href":"http:\/\/hoycordobaweb.com\/index.php\/wp-json\/wp\/v2\/comments?post=27928"}],"version-history":[{"count":0,"href":"http:\/\/hoycordobaweb.com\/index.php\/wp-json\/wp\/v2\/posts\/27928\/revisions"}],"wp:attachment":[{"href":"http:\/\/hoycordobaweb.com\/index.php\/wp-json\/wp\/v2\/media?parent=27928"}],"wp:term":[{"taxonomy":"category","embeddable":true,"href":"http:\/\/hoycordobaweb.com\/index.php\/wp-json\/wp\/v2\/categories?post=27928"},{"taxonomy":"post_tag","embeddable":true,"href":"http:\/\/hoycordobaweb.com\/index.php\/wp-json\/wp\/v2\/tags?post=27928"}],"curies":[{"name":"wp","href":"https:\/\/api.w.org\/{rel}","templated":true}]}}