{"id":27905,"date":"2021-08-26T01:20:00","date_gmt":"2021-08-26T01:20:00","guid":{"rendered":"http:\/\/hoycordobaweb.com\/index.php\/2021\/08\/26\/fernandez-caminemos-hacia-el-futuro-no-volvamos-nunca-hacia-atras\/"},"modified":"2021-08-26T01:20:00","modified_gmt":"2021-08-26T01:20:00","slug":"fernandez-caminemos-hacia-el-futuro-no-volvamos-nunca-hacia-atras","status":"publish","type":"post","link":"http:\/\/hoycordobaweb.com\/index.php\/2021\/08\/26\/fernandez-caminemos-hacia-el-futuro-no-volvamos-nunca-hacia-atras\/","title":{"rendered":"Fern\u00e1ndez: \u00abCaminemos hacia el futuro, no volvamos nunca hacia atr\u00e1s\u00bb"},"content":{"rendered":"<p><img src=\"http:\/\/hoycordobaweb.com\/wp-content\/uploads\/2021\/08\/fernandez-caminemos-hacia-el-futuro-no-volvamos-nunca-hacia-atras.jpg\"><\/p>\n<div class=\"image\" id=\"image\" readability=\"9\"> <img src=\"http:\/\/hoycordobaweb.com\/wp-content\/uploads\/2021\/08\/fernandez-caminemos-hacia-el-futuro-no-volvamos-nunca-hacia-atras-2.jpg\" alt=\"Acompa\u00f1ado por gobernadores y funcionarios nacionales, Fern\u00e1ndez expres\u00f3 su cari\u00f1o por Catamarca\" title=\"Acompa\u00f1ado por gobernadores y funcionarios nacionales, Fern\u00e1ndez expres\u00f3 su cari\u00f1o por Catamarca\"><\/p>\n<p>Acompa\u00f1ado por gobernadores y funcionarios nacionales, Fern\u00e1ndez expres\u00f3 su cari\u00f1o por Catamarca<\/p>\n<\/div>\n<p>El presidente Alberto Fern\u00e1ndez afirm\u00f3 que en el pa\u00eds \u00abhay reactivaci\u00f3n porque hay vacunas\u00bb y subray\u00f3 que impulsar la econom\u00eda y \u00abcrear trabajo son parte de la agenda\u00bb del Gobierno, a la vez que exhort\u00f3 a \u00abcaminar hacia el futuro y no volver nunca hacia atr\u00e1s\u00bb.<\/p>\n<p>Fern\u00e1ndez particip\u00f3 esta noche en Catamarca del acto por los 200 a\u00f1os de la autonom\u00eda de la provincia, en una visita que se inici\u00f3 con una recorrida por una empresa emblem\u00e1tica del distrito en la que reafirm\u00f3 que \u00abreactivar, mejorar la econom\u00eda y crear trabajo\u00bb son ejes clave de su agenda de Gobierno.<\/p>\n<div class=\"image\" id=\"image\" readability=\"14\"> <img src=\"http:\/\/hoycordobaweb.com\/wp-content\/uploads\/2021\/08\/fernandez-caminemos-hacia-el-futuro-no-volvamos-nunca-hacia-atras-3.jpg\" alt=\"Fern\u00e1ndez: &quot;Les pido que ahora que nos estamos levantando, vacun\u00e1ndonos, que se est\u00e1 recuperando la econom\u00eda, que estamos saliendo de la pandemia, caminemos hacia el futuro, no volvamos para atr\u00e1s&quot;\" title=\"Fern\u00e1ndez: &quot;Les pido que ahora que nos estamos levantando, vacun\u00e1ndonos, que se est\u00e1 recuperando la econom\u00eda, que estamos saliendo de la pandemia, caminemos hacia el futuro, no volvamos para atr\u00e1s&quot;\"><\/p>\n<p>Fern\u00e1ndez: \u00abLes pido que ahora que nos estamos levantando, vacun\u00e1ndonos, que se est\u00e1 recuperando la econom\u00eda, que estamos saliendo de la pandemia, caminemos hacia el futuro, no volvamos para atr\u00e1s\u00bb<\/p>\n<\/div>\n<p>\u00abLo que m\u00e1s sue\u00f1o es ver esto: una Argentina que produce, que da trabajo, una Argentina que consume, que exporta y en eso estamos empe\u00f1ados\u00bb, expres\u00f3 Fern\u00e1ndez en la visita a la f\u00e1brica textil Confecat, que elabora ropa y calzado de trabajo desde 1982.<\/p>\n<p>Tambi\u00e9n habl\u00f3 m\u00e1s tarde en un acto. \u00abLes pido que ahora que nos estamos levantando, vacun\u00e1ndonos, que se est\u00e1 recuperando la econom\u00eda, que estamos saliendo de la pandemia, caminemos hacia el futuro, no volvamos para atr\u00e1s. Para atr\u00e1s solo tendremos hospitales cerrados, escuelas cerradas, universidades cerradas y gente sin trabajo\u00bb, dijo.<\/p>\n<p> <iframe width=\"560\" height=\"315\" src=\"https:\/\/www.youtube.com\/embed\/1nd18Ysa7Ho?wmode=transparent&amp;showinfo=0&amp;autohide=1&amp;rel=0\" frameborder=\"0\" allowfullscreen>[embedded content]<\/iframe> <\/p>\n<p>\u00abHay reactivaci\u00f3n porque hay vacunas\u00bb, subray\u00f3 el Presidente<\/p>\n<p>El mandatario lleg\u00f3 a Catamarca en el marco de una agenda federal que ya lo llev\u00f3 el lunes \u00faltimo a San Juan y que continuar\u00e1 el viernes pr\u00f3ximo en La Pampa.<\/p>\n<p>Fern\u00e1ndez record\u00f3 que tuvo que hacer un \u00abenorme esfuerzo\u00bb para afrontar la pandemia de coronavirus a partir de marzo de 2020, a pesar de que el Frente de Todos hab\u00eda asumido el Gobierno con la ilusi\u00f3n de \u00abponer a la Argentina en pie en tres meses\u00bb.<\/p>\n<p>El mandatario se\u00f1al\u00f3 que no va a parar hasta que el \u00ab\u00faltimo argentino haya sido debidamente vacunado\u00bb contra el coronavirus. Y enfatiz\u00f3: \u00abHay reactivaci\u00f3n porque hay vacunas\u00bb.<\/p>\n<blockquote readability=\"8\">\n<p>\u00abEstamos orgullosos de la Argentina, estoy orgulloso de cada hombre y de cada mujer de mi pueblo, que siempre ha demostrado tener la capacidad de levantarse\u00bb<span class=\"comilla\">\u201d<\/span><\/p>\n<\/blockquote>\n<p>\u00abCon la vacuna, el horizonte de salida a este tiempo tan gris que nos toc\u00f3 vivir nos est\u00e1 permitiendo ir recuperando la econom\u00eda, y con alegr\u00eda veo que los comercios se abren y en la actividad industrial los trabajos se multiplican\u00bb, destac\u00f3.<\/p>\n<p>El jefe de Estado record\u00f3 que ante la irrupci\u00f3n de la pandemia de coronavirus comprendi\u00f3 que era \u00abimperioso trabajar unidos\u00bb para hacer frente a la emergencia, porque \u00ablos hombres y mujeres de nuestro pueblo iban a reclamar esa unidad para poder sobrellevar la enfermedad, los contagios y el dolor que causa la muerte\u00bb.<\/p>\n<p>\u00abCuando las primeras vacunas empezaron a circular por el mundo, Argentina empez\u00f3 a aplicar las primeras vacunas, ya en diciembre del a\u00f1o pasado\u00bb, enfatiz\u00f3 Fern\u00e1ndez, quien resalt\u00f3 que el pa\u00eds aplic\u00f3 dosis como los \u00abpa\u00edses centrales\u00bb.<\/p>\n<p>Fern\u00e1ndez, acompa\u00f1ado por los ministros de Desarrollo Productivo, Mat\u00edas Kulfas, y de Interior, Eduardo \u00abWado\u00bb de Pedro, fue recibido en el Aeropuerto Internacional \u00abCoronel Felipe Varela\u00bb por el gobernador, Ra\u00fal Jalil, y por el intendente local, Gustavo Saadi.<\/p>\n<p>Tambi\u00e9n participaron de las actividades los gobernadores de Misiones, Oscar Herrera Ahuad, y de La Rioja, Ricardo Quintela, y la exgobernadora y actual diputada nacional Luc\u00eda Corpacci.<\/p>\n<p>\u00abLa pandemia nos demor\u00f3, pero ahora que estamos acelerando mucho la vacunaci\u00f3n vemos un horizonte de salida, que cada argentino y que cada argentina tenga un puesto de trabajo, un lugar donde ganar el sustento para s\u00ed y para su familia, y eso es lo que m\u00e1s nos enorgullece y en lo que mas empe\u00f1o ponemos\u00bb, afirm\u00f3 el Presidente.<\/p>\n<p>La visita a la textil<\/p>\n<p><strong><a href=\"https:\/\/www.telam.com.ar\/notas\/202108\/566197-el-presidente-ira-a-catamarca.html\" target=\"_blank\" rel=\"noopener noreferrer\">El jefe de Estado consider\u00f3 que la empresa Confecat es \u00abun orgullo para los argentinos\u00bb<\/a><\/strong> e indic\u00f3 que la firma confecciona \u00abuniformes para el Ej\u00e9rcito Argentino y borcegu\u00edes y botas para las Fuerzas Armadas, que hasta hace poco tiempo compraba sus uniformes en China\u00bb.<\/p>\n<p>\u00abEs una muestra de la Argentina que queremos, una Argentina que produce, que importa solo lo necesario para garantizar los insumos\u00bb, remarc\u00f3 Fern\u00e1ndez.<\/p>\n<p>En esa f\u00e1brica, Fern\u00e1ndez se reuni\u00f3 con <strong><a href=\"https:\/\/www.telam.com.ar\/notas\/202108\/566348-carlos-muia-catamarca-santista-argentina.html\" target=\"_blank\" rel=\"noopener noreferrer\">su propietario y presidente de la Uni\u00f3n Industrial de Catamarca, Carlos Muia, quien hace unas semanas compr\u00f3 el 45 por ciento del paquete accionario de Santista Argentina<\/a><\/strong>, ex Grandes F\u00e1bricas Argentinas (Grafa),principal productora de telas de jean del mercado nacional y del 80% de la ropa de trabajo que se usa en el pa\u00eds.<\/p>\n<p>Muia le mostr\u00f3 los distintos circuitos de producci\u00f3n en los que se producen calzado e indumentaria de trabajo de la marca Omb\u00fa, emblema de la industria nacional, y adem\u00e1s los trabajadores le obsequiaron al Presidente una casaca de Argentinos Juniors y los tradicionales borcegu\u00edes Omb\u00fa.<\/p>\n<p>Muia agradeci\u00f3 la visita y destac\u00f3 que Fern\u00e1ndez es el primer Presidente que va a la planta \u00aben 40 a\u00f1os de historia que tiene esta empresa\u00bb.<\/p>\n<p>El empresario tambi\u00e9n es due\u00f1o de otras cuatro plantas textiles en el norte, donde trabajan 1.675 personas, y adem\u00e1s recuper\u00f3 Confecciones Riojanas, que hab\u00eda cerrado en 2019, y cuenta en la actualidad con dos plantas en La Rioja.<\/p>\n<p>Posteriormente, el Presidente y su comitiva se dirigieron a la explanada de la hist\u00f3rica Casa de Gobierno de Catamarca en la Plaza 25 de Mayo, donde el jefe de Estado se sac\u00f3 fotograf\u00edas con militantes y el p\u00fablico.<\/p>\n<p>Fern\u00e1ndez y Jalil descubrieron una placa por los 200 a\u00f1os del Bicentenario de la Autonom\u00eda de Catamarca, en homenaje al fraile Fray Mamerto Esqui\u00fa, quien el 4 de septiembre ser\u00e1 beatificado.<\/p>\n<p>En el acto por el bicentenario, Fern\u00e1ndez calific\u00f3 a Catamarca como \u00abuna provincia muy importante del norte argentino\u00bb, que \u00abha dado hombres trascendentales para la Argentina, no solo su caudilllo don Felipe Varela, sino tambi\u00e9n uno de la talla de Fray Mamerto Esqui\u00fa, importante no solo en su aspecto clerical sino tambi\u00e9n en su oratoria por la paz y por la unidad de todos los argentinos\u00bb, y tambi\u00e9n record\u00f3 al doctor Carlos Malbr\u00e1n, \u00abquien se educ\u00f3 en Buenos Aires, estudi\u00f3 en Europa e hizo del estudio de la infectolog\u00eda un tema central\u00bb.<\/p>\n<p>\u00abEn la Casa Rosada tenemos una capilla en la planta baja, y cuando el papa Francisco beatific\u00f3 al cura Brochero fui all\u00ed y puse una imagen suya\u00bb, indic\u00f3 Fern\u00e1ndez, y el 4 de septiembre, cuando sea beatificado Esqui\u00fa, pondr\u00e1 en ese lugar \u00abla imagen de un catamarque\u00f1o\u00bb.<\/p>\n<p> <iframe width=\"560\" height=\"315\" src=\"https:\/\/www.youtube.com\/embed\/Y_pq4avdd5U?wmode=transparent&amp;showinfo=0&amp;autohide=1&amp;rel=0\" frameborder=\"0\" allowfullscreen>[embedded content]<\/iframe> <\/p>\n<p>El Presidente reafirm\u00f3 que su agenda de gobierno es \u00abreactivar, mejorar la econom\u00eda y crear trabajo\u00bb<\/p>\n<p>\u00abQuiero aprovechar para mandarle mi afecto, solidaridad y condolencias a la familia del exgobernador Brizuela del Moral, que tuve el gusto de conocerlo cuando era jefe de Gabinete y \u00e9l gobernaba esta provincia. M\u00e1s all\u00e1 de las diferencias ideol\u00f3gicas que pudi\u00e9ramos tener, era un hombre de bien la pol\u00edtica\u00bb, se\u00f1al\u00f3 adem\u00e1s ante la muerte del exmandatario provincial radical.<\/p>\n<p>Rese\u00f1\u00f3 que \u00abhay una Argentina central y dos periferias, una al norte y una al sur\u00bb y breg\u00f3 porque la gente pueda \u00abdesarrollarse en Catamarca y no como hoy en d\u00eda que tiene que emigrar en busca de otros horizontes\u00bb, pues \u00abesa Argentina no la quiero\u00bb.<\/p>\n<p>Fern\u00e1ndez consider\u00f3 que \u00abhay un futuro muy cercano\u00bb y propuso: \u00abAhora que nos estamos levantando, caminemos hacia el futuro, no volvamos para atr\u00e1s\u00bb.<\/p>\n<p>El 25 de Agosto de 1821, 54 vecinos de Catamarca se reunieron en un Cabildo Abierto y decidieron declararse independientes de la Rep\u00fablica del Tucum\u00e1n, gobernada por Bernab\u00e9 Araoz, provincia de la cual depend\u00eda Catamarca luego de la ca\u00edda y disoluci\u00f3n del Directorio y del Congreso Nacional de 1820.<\/p>\n<p>Entre esos vecinos estaba Nicol\u00e1s Avellaneda y Tula, designado primer gobernador de Catamarca, y durar\u00eda en ese cargo seis meses, hasta ser relevado por Eusebio Gregorio Ruzo. <\/p>\n","protected":false},"excerpt":{"rendered":"<p>Acompa\u00f1ado por gobernadores y funcionarios nacionales, Fern\u00e1ndez expres\u00f3 su cari\u00f1o por Catamarca El presidente Alberto Fern\u00e1ndez afirm\u00f3 que en el pa\u00eds \u00abhay reactivaci\u00f3n porque hay vacunas\u00bb y subray\u00f3 que impulsar la econom\u00eda y \u00abcrear trabajo son parte de la agenda\u00bb del Gobierno, a la vez que exhort\u00f3 a \u00abcaminar hacia el futuro y no volver [&hellip;]<\/p>\n","protected":false},"author":1,"featured_media":27906,"comment_status":"open","ping_status":"closed","sticky":false,"template":"","format":"standard","meta":[],"categories":[19],"tags":[],"_links":{"self":[{"href":"http:\/\/hoycordobaweb.com\/index.php\/wp-json\/wp\/v2\/posts\/27905"}],"collection":[{"href":"http:\/\/hoycordobaweb.com\/index.php\/wp-json\/wp\/v2\/posts"}],"about":[{"href":"http:\/\/hoycordobaweb.com\/index.php\/wp-json\/wp\/v2\/types\/post"}],"author":[{"embeddable":true,"href":"http:\/\/hoycordobaweb.com\/index.php\/wp-json\/wp\/v2\/users\/1"}],"replies":[{"embeddable":true,"href":"http:\/\/hoycordobaweb.com\/index.php\/wp-json\/wp\/v2\/comments?post=27905"}],"version-history":[{"count":0,"href":"http:\/\/hoycordobaweb.com\/index.php\/wp-json\/wp\/v2\/posts\/27905\/revisions"}],"wp:featuredmedia":[{"embeddable":true,"href":"http:\/\/hoycordobaweb.com\/index.php\/wp-json\/wp\/v2\/media\/27906"}],"wp:attachment":[{"href":"http:\/\/hoycordobaweb.com\/index.php\/wp-json\/wp\/v2\/media?parent=27905"}],"wp:term":[{"taxonomy":"category","embeddable":true,"href":"http:\/\/hoycordobaweb.com\/index.php\/wp-json\/wp\/v2\/categories?post=27905"},{"taxonomy":"post_tag","embeddable":true,"href":"http:\/\/hoycordobaweb.com\/index.php\/wp-json\/wp\/v2\/tags?post=27905"}],"curies":[{"name":"wp","href":"https:\/\/api.w.org\/{rel}","templated":true}]}}