{"id":27903,"date":"2021-08-26T01:51:00","date_gmt":"2021-08-26T01:51:00","guid":{"rendered":"http:\/\/hoycordobaweb.com\/index.php\/2021\/08\/26\/jalil-destaco-la-mirada-federal-de-la-vacunacion-contra-el-coronavirus\/"},"modified":"2021-08-26T01:51:00","modified_gmt":"2021-08-26T01:51:00","slug":"jalil-destaco-la-mirada-federal-de-la-vacunacion-contra-el-coronavirus","status":"publish","type":"post","link":"http:\/\/hoycordobaweb.com\/index.php\/2021\/08\/26\/jalil-destaco-la-mirada-federal-de-la-vacunacion-contra-el-coronavirus\/","title":{"rendered":"Jalil destac\u00f3 la \u00abmirada federal de la vacunaci\u00f3n contra el coronavirus\u00bb"},"content":{"rendered":"<p><img src=\"http:\/\/hoycordobaweb.com\/wp-content\/uploads\/2021\/08\/jalil-destaco-la-mirada-federal-de-la-vacunacion-contra-el-coronavirus.jpg\"><\/p>\n<div class=\"image\" id=\"image\" readability=\"7\"> <img src=\"http:\/\/hoycordobaweb.com\/wp-content\/uploads\/2021\/08\/jalil-destaco-la-mirada-federal-de-la-vacunacion-contra-el-coronavirus-2.jpg\" alt=\"Jalil destac\u00f3 que la provincia logr\u00f3 &quot;las tasas de mortalidad y letalidad m\u00e1s bajas del pa\u00eds&quot;.\" title=\"Jalil destac\u00f3 que la provincia logr\u00f3 &quot;las tasas de mortalidad y letalidad m\u00e1s bajas del pa\u00eds&quot;.\"><\/p>\n<p>Jalil destac\u00f3 que la provincia logr\u00f3 \u00ablas tasas de mortalidad y letalidad m\u00e1s bajas del pa\u00eds\u00bb.<\/p>\n<\/div>\n<p>El gobernador de Catamarca, Ra\u00fal Jalil, agradeci\u00f3 en la noche de este martes <a href=\"https:\/\/www.telam.com.ar\/notas\/202108\/566197-el-presidente-ira-a-catamarca.html\" target=\"_blank\" rel=\"noopener noreferrer\">al presidente Alberto Fern\u00e1ndez la \u00abmirada amplia y federal de la campa\u00f1a de vacunaci\u00f3n\u00bb contra el coronavirus<\/a> y la \u00abfuerte inversi\u00f3n en obra p\u00fablica\u00bb en la provincia.<\/p>\n<p>Lo dijo durante el acto protocolar por el Bicentenario de la Autonom\u00eda de Catamarca.<\/p>\n<p><strong>\u00abAgradezco al Presidente la mirada amplia y federal de la campa\u00f1a de vacunaci\u00f3n contra coronavirus<\/strong>\u00ab, dijo Jalil, y destac\u00f3 que la provincia logr\u00f3 \u00ablas tasas de mortalidad y letalidad m\u00e1s bajas del pa\u00eds\u00bb.<\/p>\n<div class=\"js-code\" readability=\"6.5053050397878\">\n<blockquote class=\"twitter-tweet\" readability=\"6.9389920424403\">\n<p lang=\"es\" dir=\"ltr\">\ud83c\udf99\u00bbCatamarca ha vivido tiempos dif\u00edciles porque el mundo se volvi\u00f3 dif\u00edcil. A la pandemia que viv\u00edamos se le sum\u00f3 una nueva. Una era pol\u00edtica y la otra era real. Es imperioso que estemos unidos\u00bb. El presidente <a href=\"https:\/\/twitter.com\/alferdez?ref_src=twsrc%5Etfw\">@alferdez<\/a> en el acto por los 200 a\u00f1os de la Autonom\u00eda de Catamarca. <a href=\"https:\/\/t.co\/WblqYmLnkA\">pic.twitter.com\/WblqYmLnkA<\/a><\/p>\n<p>\u2014 Alberto Fern\u00e1ndez Prensa (@alferdezprensa) <a href=\"https:\/\/twitter.com\/alferdezprensa\/status\/1430701273561673730?ref_src=twsrc%5Etfw\">August 26, 2021<\/a><\/p><\/blockquote><\/div>\n<p>En relaci\u00f3n con los aportes en obra p\u00fablica por parte del Gobierno nacional, Jalil destac\u00f3 primero el \u00abplan de inversi\u00f3n que dise\u00f1\u00f3 la Naci\u00f3n conjuntamente con la provincias del Norte Grande\u00bb.<\/p>\n<p>\u00abHoy el Norte Grande junto a la Naci\u00f3n han dise\u00f1ado un plan de inversi\u00f3n de obra p\u00fablica\u00bb, as\u00ed como \u00abla creaci\u00f3n de una mesa regional del litio para abordar la nueva miner\u00eda junto con Salta, Jujuy y la Naci\u00f3n\u00bb, indic\u00f3.<\/p>\n<p>Y puntualiz\u00f3: \u00abCatamarca hoy tiene <strong>inversiones por m\u00e1s de 1.000 millones de d\u00f3lares en proyectos mineros<\/strong>\u00ab, asegur\u00f3.<\/p>\n<p>A la vez, manifest\u00f3 que \u00abhoy entre obras ejecutadas en ejecuci\u00f3n y proyectos Catamarca tiene una inversi\u00f3n en infraestructura por m\u00e1s de 70.000 millones de pesos. Una inversi\u00f3n hist\u00f3rica para un momento hist\u00f3rico\u00bb, expres\u00f3.<\/p>\n<div class=\"js-code\" readability=\"6.4946380697051\">\n<blockquote class=\"twitter-tweet\" readability=\"6.9276139410188\">\n<p lang=\"es\" dir=\"ltr\">\ud83c\udf99\u00bbEn pandemia hicimos lo que promet\u00ed el primer d\u00eda: primero los \u00faltimos. En un escenario muy complejo trabajamos para que nadie en la Argentina se quedara sin la atenci\u00f3n sanitaria necesaria\u00bb. El presidente <a href=\"https:\/\/twitter.com\/alferdez?ref_src=twsrc%5Etfw\">@alferdez<\/a> en el acto por los 200 a\u00f1os de la Autonom\u00eda de Catamarca. <a href=\"https:\/\/t.co\/XitTPBkiEY\">pic.twitter.com\/XitTPBkiEY<\/a><\/p>\n<p>\u2014 Alberto Fern\u00e1ndez Prensa (@alferdezprensa) <a href=\"https:\/\/twitter.com\/alferdezprensa\/status\/1430702061977579523?ref_src=twsrc%5Etfw\">August 26, 2021<\/a><\/p><\/blockquote><\/div>\n<p>En otro momento de su discurso, Jalil record\u00f3 la \u00abdeterminaci\u00f3n y el coraje\u00bb de los hombres que generaron la gesta de la autonom\u00eda de la provincia.<\/p>\n<p>\u00abRecordamos el coraje, la determinaci\u00f3n de hombres y mujeres que buscaron un futuro prosper\u00f3 y soberano para nuestra tierra hace 200 a\u00f1os\u00bb, manifest\u00f3 Jali.l<\/p>\n<p>\u00abCatamarca eligi\u00f3 poner su autonom\u00eda al servicio de un proyecto m\u00e1s grande, ese proyecto que hoy vuelve con un mirada amplia y federal para acompa\u00f1ar a las provincias del norte para que tengan la oportunidad de resurgir en forma sustentable y arm\u00f3nica\u00bb, se\u00f1al\u00f3 Jalil.<\/p>\n<p>A su vez, el mandatario tambi\u00e9n hizo menci\u00f3n a \u00abla libertad que hac\u00eda referencia Felipe Varela y su lucha por unidad latinoamericana y la libertad de Fray Mamerto Esqui\u00fa y su defensa de la Constituci\u00f3n\u00bb. <\/p>\n","protected":false},"excerpt":{"rendered":"<p>Jalil destac\u00f3 que la provincia logr\u00f3 \u00ablas tasas de mortalidad y letalidad m\u00e1s bajas del pa\u00eds\u00bb. El gobernador de Catamarca, Ra\u00fal Jalil, agradeci\u00f3 en la noche de este martes al presidente Alberto Fern\u00e1ndez la \u00abmirada amplia y federal de la campa\u00f1a de vacunaci\u00f3n\u00bb contra el coronavirus y la \u00abfuerte inversi\u00f3n en obra p\u00fablica\u00bb en la [&hellip;]<\/p>\n","protected":false},"author":1,"featured_media":27904,"comment_status":"open","ping_status":"closed","sticky":false,"template":"","format":"standard","meta":[],"categories":[19],"tags":[],"_links":{"self":[{"href":"http:\/\/hoycordobaweb.com\/index.php\/wp-json\/wp\/v2\/posts\/27903"}],"collection":[{"href":"http:\/\/hoycordobaweb.com\/index.php\/wp-json\/wp\/v2\/posts"}],"about":[{"href":"http:\/\/hoycordobaweb.com\/index.php\/wp-json\/wp\/v2\/types\/post"}],"author":[{"embeddable":true,"href":"http:\/\/hoycordobaweb.com\/index.php\/wp-json\/wp\/v2\/users\/1"}],"replies":[{"embeddable":true,"href":"http:\/\/hoycordobaweb.com\/index.php\/wp-json\/wp\/v2\/comments?post=27903"}],"version-history":[{"count":0,"href":"http:\/\/hoycordobaweb.com\/index.php\/wp-json\/wp\/v2\/posts\/27903\/revisions"}],"wp:featuredmedia":[{"embeddable":true,"href":"http:\/\/hoycordobaweb.com\/index.php\/wp-json\/wp\/v2\/media\/27904"}],"wp:attachment":[{"href":"http:\/\/hoycordobaweb.com\/index.php\/wp-json\/wp\/v2\/media?parent=27903"}],"wp:term":[{"taxonomy":"category","embeddable":true,"href":"http:\/\/hoycordobaweb.com\/index.php\/wp-json\/wp\/v2\/categories?post=27903"},{"taxonomy":"post_tag","embeddable":true,"href":"http:\/\/hoycordobaweb.com\/index.php\/wp-json\/wp\/v2\/tags?post=27903"}],"curies":[{"name":"wp","href":"https:\/\/api.w.org\/{rel}","templated":true}]}}