{"id":27836,"date":"2021-08-25T02:19:00","date_gmt":"2021-08-25T02:19:00","guid":{"rendered":"http:\/\/hoycordobaweb.com\/index.php\/2021\/08\/25\/santiago-cafiero-encabezara-la-reunion-del-gabinete-economico\/"},"modified":"2021-08-25T02:19:00","modified_gmt":"2021-08-25T02:19:00","slug":"santiago-cafiero-encabezara-la-reunion-del-gabinete-economico","status":"publish","type":"post","link":"http:\/\/hoycordobaweb.com\/index.php\/2021\/08\/25\/santiago-cafiero-encabezara-la-reunion-del-gabinete-economico\/","title":{"rendered":"Santiago Cafiero encabezar\u00e1 la reuni\u00f3n del gabinete econ\u00f3mico"},"content":{"rendered":"<p><img src=\"http:\/\/hoycordobaweb.com\/wp-content\/uploads\/2021\/08\/santiago-cafiero-encabezara-la-reunion-del-gabinete-economico.jpg\"><\/p>\n<div class=\"image\" id=\"image\" readability=\"8\"> <img src=\"http:\/\/hoycordobaweb.com\/wp-content\/uploads\/2021\/08\/santiago-cafiero-encabezara-la-reunion-del-gabinete-economico-2.jpg\" alt=\"Reuni\u00f3n del gabinete econ\u00f3mico, este mi\u00e9rcoles en Casa Rosada.\" title=\"Reuni\u00f3n del gabinete econ\u00f3mico, este mi\u00e9rcoles en Casa Rosada.\"><\/p>\n<p>Reuni\u00f3n del gabinete econ\u00f3mico, este mi\u00e9rcoles en Casa Rosada.<\/p>\n<\/div>\n<p>El jefe de Gabinete, Santiago Cafiero, encabezar\u00e1 el mi\u00e9rcoles en la Casa Rosada la reuni\u00f3n semanal del gabinete econ\u00f3mico, informaron este martes fuentes oficiales.<\/p>\n<p>El encuentro se realizar\u00e1 a las 10:30 en el Sal\u00f3n de los Cient\u00edficos de Casa Rosada y participar\u00e1n la vicejefa de Gabinete, Cecilia Todesca; y los ministros de Econom\u00eda, Mart\u00edn Guzm\u00e1n; de Desarrollo Productivo, Mat\u00edas Kulfas; de Trabajo, Claudio Moroni; y de Desarrollo Social, Juan Zabaleta.<\/p>\n<p>Adem\u00e1s, estar\u00e1n presentes el presidente del Banco Central, Miguel Pesce; y la directora de la Administraci\u00f3n Federal de Ingresos P\u00fablicos (AFIP), Mercedes Marc\u00f3 del Pont. <\/p>\n","protected":false},"excerpt":{"rendered":"<p>Reuni\u00f3n del gabinete econ\u00f3mico, este mi\u00e9rcoles en Casa Rosada. El jefe de Gabinete, Santiago Cafiero, encabezar\u00e1 el mi\u00e9rcoles en la Casa Rosada la reuni\u00f3n semanal del gabinete econ\u00f3mico, informaron este martes fuentes oficiales. El encuentro se realizar\u00e1 a las 10:30 en el Sal\u00f3n de los Cient\u00edficos de Casa Rosada y participar\u00e1n la vicejefa de Gabinete, [&hellip;]<\/p>\n","protected":false},"author":1,"featured_media":27837,"comment_status":"open","ping_status":"closed","sticky":false,"template":"","format":"standard","meta":[],"categories":[19],"tags":[],"_links":{"self":[{"href":"http:\/\/hoycordobaweb.com\/index.php\/wp-json\/wp\/v2\/posts\/27836"}],"collection":[{"href":"http:\/\/hoycordobaweb.com\/index.php\/wp-json\/wp\/v2\/posts"}],"about":[{"href":"http:\/\/hoycordobaweb.com\/index.php\/wp-json\/wp\/v2\/types\/post"}],"author":[{"embeddable":true,"href":"http:\/\/hoycordobaweb.com\/index.php\/wp-json\/wp\/v2\/users\/1"}],"replies":[{"embeddable":true,"href":"http:\/\/hoycordobaweb.com\/index.php\/wp-json\/wp\/v2\/comments?post=27836"}],"version-history":[{"count":0,"href":"http:\/\/hoycordobaweb.com\/index.php\/wp-json\/wp\/v2\/posts\/27836\/revisions"}],"wp:featuredmedia":[{"embeddable":true,"href":"http:\/\/hoycordobaweb.com\/index.php\/wp-json\/wp\/v2\/media\/27837"}],"wp:attachment":[{"href":"http:\/\/hoycordobaweb.com\/index.php\/wp-json\/wp\/v2\/media?parent=27836"}],"wp:term":[{"taxonomy":"category","embeddable":true,"href":"http:\/\/hoycordobaweb.com\/index.php\/wp-json\/wp\/v2\/categories?post=27836"},{"taxonomy":"post_tag","embeddable":true,"href":"http:\/\/hoycordobaweb.com\/index.php\/wp-json\/wp\/v2\/tags?post=27836"}],"curies":[{"name":"wp","href":"https:\/\/api.w.org\/{rel}","templated":true}]}}