{"id":27834,"date":"2021-08-24T20:32:02","date_gmt":"2021-08-24T20:32:02","guid":{"rendered":"https:\/\/www.trendencias.com\/moda-famosas\/alicia-vikander-apuesta-caftan-marca-espanola-que-llevo-vicky-martin-berrocal"},"modified":"2021-08-24T20:32:02","modified_gmt":"2021-08-24T20:32:02","slug":"alicia-vikander-apuesta-por-un-caftan-de-una-marca-espanola-que-ya-llevo-vicky-martin-berrocal","status":"publish","type":"post","link":"http:\/\/hoycordobaweb.com\/index.php\/2021\/08\/24\/alicia-vikander-apuesta-por-un-caftan-de-una-marca-espanola-que-ya-llevo-vicky-martin-berrocal\/","title":{"rendered":"Alicia Vikander apuesta por un caft\u00e1n de una marca espa\u00f1ola (que ya llev\u00f3 Vicky Mart\u00edn Berrocal)"},"content":{"rendered":"<p>No cabe duda, los caftanes son <strong>una de las prendas estrella de este verano<\/strong>. Se los hemos visto a las diosas de estilo actuales (aka <a href=\"https:\/\/www.trendencias.com\/moda-famosas\/mejores-looks-verano-tamara-falco\">Tamara Falc\u00f3<\/a>, por ejemplo) y su \u00e9xito ha subido como la espuma.<\/p>\n<p><!-- BREAK 1 --><\/p>\n<div class=\"article-asset article-asset-normal article-asset-center\">\n<div class=\"desvio-container\">\n<div class=\"desvio\">\n<div class=\"desvio-figure js-desvio-figure\"> <a href=\"https:\/\/www.trendencias.com\/moda-famosas\/este-caftan-susana-molina-todo-queremos-este-verano-para-resaltar-nuestro-morenazo\"> <img alt=\"Este caft\u00e1n de Susana Molina es todo lo queremos este verano para resaltar nuestro morenazo \" src=\"http:\/\/hoycordobaweb.com\/wp-content\/uploads\/2021\/08\/alicia-vikander-apuesta-por-un-caftan-de-una-marca-espanola-que-ya-llevo-vicky-martin-berrocal.jpg\"> <\/a> <\/div><\/div><\/div>\n<\/div>\n<p>Que Zara, el gigante de la moda <em>online <\/em>en nuestro pa\u00eds, haya sacado a la venta una recopilaci\u00f3n tard\u00eda de estas prendas es muestra de ello. Su equipo de \u00abcazatendencias\u00bb nunca falla.<\/p>\n<p><!-- BREAK 2 --> <\/p>\n<p>Por eso, ha sido ver a <a href=\"https:\/\/www.trendencias.com\/marcas\/sophie-turner-alicia-vikander-emma-roberts-nuevas-portadas-cine-libros-campana-louis-vuitton-pre-fall-2020-1\">Alicia Vikander<\/a> pasear con uno por Ibiza y encenderse la bombilla en nuestra cabeza.<\/p>\n<p><!-- BREAK 3 --><\/p>\n<p>El suyo est\u00e1 firmado por <a href=\"https:\/\/www.trendencias.com\/marcas\/charo-ruiz-tiene-dos-piezas-top-pantalon-para-ser-mejor-vestida-paseo-maritimo\">Charo Ruiz<\/a>, la marca abanderada de la moda ibicenca. Y a\u00fan se encuentra a la venta por <a href=\"https:\/\/www.charoruiz.com\/es\/colecciones\/coleccion-ritmo\/kaftan-leonora#\/32-talla-m\/207-color-print_negro\">469 euros<\/a>.<\/p>\n<p><!-- BREAK 4 --> <\/p>\n<p>Un dise\u00f1o <strong>con un original estampado <\/strong><em><strong>arty<\/strong><\/em><strong> <\/strong>sobre algod\u00f3n con grandes y coloridos motivos vegetales que ya llev\u00f3 <a href=\"https:\/\/www.trendencias.com\/belleza\/fin-semana-nos-deja-cambios-looks-muy-locos-pelo-rubio-vicky-martin-berrocal-a-peluca-unicornio-chrissy-teigen\">Vicky Mart\u00edn Berrocal<\/a>.<\/p>\n<p><!-- BREAK 5 --><\/p>\n<p>Toda su silueta se encuentra ribeteada por divertidos guipures, un elemento tradicional de la isla y que Charo Ruiz sigue fabricando de manera artesanal para adornar sus dise\u00f1os.<\/p>\n<p><!-- BREAK 6 --> <\/p>\n<div class=\"article-asset article-asset-normal article-asset-center\">\n<div class=\"desvio-container\">\n<div class=\"desvio\">\n<div class=\"desvio-figure js-desvio-figure\"> <a href=\"https:\/\/www.trendencias.com\/ocio\/cuatro-restaurantes-ibiza-que-merecen-pena-que-han-mostrado-su-enorme-poderio-madrid\"> <img alt=\"Cuatro restaurantes de Ibiza que merecen la pena (y que han mostrado su enorme poder\u00edo en Madrid)\" src=\"http:\/\/hoycordobaweb.com\/wp-content\/uploads\/2021\/08\/alicia-vikander-apuesta-por-un-caftan-de-una-marca-espanola-que-ya-llevo-vicky-martin-berrocal-1.jpg\"> <\/a> <\/div><\/div><\/div>\n<\/div>\n<p>Ambas famosas lo han combinado con <a href=\"https:\/\/www.trendencias.com\/zapatos-mujer\/estas-sandalias-vendidas-asos\">sandalias de dedo<\/a> y prendas de ba\u00f1o, pero lo bueno del caft\u00e1n es que se trata de una de las prendas m\u00e1s maximizables.<\/p>\n<p><!-- BREAK 7 --><\/p>\n<p>Esta prenda, de origen persa, ha regresado desde los 60 impulsado seguramente por la supremac\u00eda de la comodidad que nos inunda hace tiempo.<\/p>\n<p><!-- BREAK 8 --><\/p>\n<p>Su est\u00e9tica elegante es <strong>el mejor truco de estilo expr\u00e9s<\/strong>. Y a\u00fan le queda para rato porque se trata de un vestido que se puede <strong>adaptar perfectamente a otras estaciones<\/strong> tan solo cambiando los tejidos de los que est\u00e1 hecho.<\/p>\n<p><!-- BREAK 9 --><\/p>\n<p>Fotos | Gtres<\/p>\n","protected":false},"excerpt":{"rendered":"<p>No cabe duda, los caftanes son una de las prendas estrella de este verano. Se los hemos visto a las diosas de estilo actuales (aka Tamara Falc\u00f3, por ejemplo) y su \u00e9xito ha subido como la espuma. Que Zara, el gigante de la moda online en nuestro pa\u00eds, haya sacado a la venta una recopilaci\u00f3n [&hellip;]<\/p>\n","protected":false},"author":1,"featured_media":27835,"comment_status":"closed","ping_status":"closed","sticky":false,"template":"","format":"standard","meta":[],"categories":[1],"tags":[],"_links":{"self":[{"href":"http:\/\/hoycordobaweb.com\/index.php\/wp-json\/wp\/v2\/posts\/27834"}],"collection":[{"href":"http:\/\/hoycordobaweb.com\/index.php\/wp-json\/wp\/v2\/posts"}],"about":[{"href":"http:\/\/hoycordobaweb.com\/index.php\/wp-json\/wp\/v2\/types\/post"}],"author":[{"embeddable":true,"href":"http:\/\/hoycordobaweb.com\/index.php\/wp-json\/wp\/v2\/users\/1"}],"replies":[{"embeddable":true,"href":"http:\/\/hoycordobaweb.com\/index.php\/wp-json\/wp\/v2\/comments?post=27834"}],"version-history":[{"count":0,"href":"http:\/\/hoycordobaweb.com\/index.php\/wp-json\/wp\/v2\/posts\/27834\/revisions"}],"wp:featuredmedia":[{"embeddable":true,"href":"http:\/\/hoycordobaweb.com\/index.php\/wp-json\/wp\/v2\/media\/27835"}],"wp:attachment":[{"href":"http:\/\/hoycordobaweb.com\/index.php\/wp-json\/wp\/v2\/media?parent=27834"}],"wp:term":[{"taxonomy":"category","embeddable":true,"href":"http:\/\/hoycordobaweb.com\/index.php\/wp-json\/wp\/v2\/categories?post=27834"},{"taxonomy":"post_tag","embeddable":true,"href":"http:\/\/hoycordobaweb.com\/index.php\/wp-json\/wp\/v2\/tags?post=27834"}],"curies":[{"name":"wp","href":"https:\/\/api.w.org\/{rel}","templated":true}]}}