{"id":27764,"date":"2021-08-23T19:31:36","date_gmt":"2021-08-23T19:31:36","guid":{"rendered":"https:\/\/www.trendencias.com\/belleza\/nuevo-secador-pelo-cepillo-electrico-babyliss-dos-herramientas-peinado-estupendas-para-vuelta-vacaciones"},"modified":"2021-08-23T19:31:36","modified_gmt":"2021-08-23T19:31:36","slug":"el-nuevo-secador-de-pelo-y-cepillo-electrico-de-babyliss-son-dos-herramientas-de-peinado-estupendas-para-la-vuelta-de-vacaciones","status":"publish","type":"post","link":"http:\/\/hoycordobaweb.com\/index.php\/2021\/08\/23\/el-nuevo-secador-de-pelo-y-cepillo-electrico-de-babyliss-son-dos-herramientas-de-peinado-estupendas-para-la-vuelta-de-vacaciones\/","title":{"rendered":"El nuevo secador de pelo y cepillo el\u00e9ctrico de Babyliss son dos herramientas de peinado estupendas para la vuelta de vacaciones"},"content":{"rendered":"<p>Hay que reconocer que <strong>durante el verano usar el secador apetece menos<\/strong>, las cosas como son. Sin embargo, ahora que poco a poco vamos consumiendo la \u00e9poca estival y la vuelta al cole y<a href=\"https:\/\/www.trendencias.com\/belleza\/21-ideas-maquillajes-express-para-ir-canas-despues-oficina-pasar-casa\"> a la oficina<\/a> est\u00e1 m\u00e1s cerca (o ya ha llegado) estamos en un momento id\u00f3neo para<strong> renovar nuestras herramientas de peinado.<\/strong><\/p>\n<p><!-- BREAK 1 --><\/p>\n<p>Por ello, hoy quiero hablaros de<a href=\"https:\/\/www.trendencias.com\/belleza\/secadores-pelo-cual-mejor-comprar-consejos-recomendaciones\"> mis dos \u00faltimos descubrimientos de la mano de Babyliss, <\/a>una firma que tiene unos productos estupendos y con precios m\u00e1s que razonables.<\/p>\n<p><!-- BREAK 2 --> <\/p>\n<p>As\u00ed, os presento<strong> Hydro Fusion<\/strong>, el \u00faltimo lanzamiento de la marca con dos <em>gadgets, <\/em><strong>un secador y un cepillo moldeador de aire<\/strong>, especialmente indicados para <a href=\"https:\/\/www.trendencias.com\/belleza\/eligiendo-cepillos-para-el-cabello-fino-5-ideas-que-te-ayudaran\">pelo fino<\/a>, encrespado,<a href=\"https:\/\/www.trendencias.com\/belleza\/mejores-productos-para-cada-paso-metodo-curly-11-productos-fijacion-definicion-para-presumir-pelo-rizado\"> rizado <\/a>o, simplemente, cabello rebelde, de esos que tienen vida propia y que no es f\u00e1cil de domar.<\/p>\n<p><!-- BREAK 3 --><\/p>\n<div class=\"article-asset article-asset-normal article-asset-center\">\n<div class=\"desvio-container\">\n<div class=\"desvio\">\n<div class=\"desvio-figure js-desvio-figure\"> <a href=\"https:\/\/www.trendencias.com\/belleza\/planchas-para-alisar-pelo-cual-mejor-comprar-consejos-recomendaciones\"> <img alt=\"Planchas para alisar el pelo: \u00bfcu\u00e1l es mejor comprar? Consejos y recomendaciones\" src=\"http:\/\/hoycordobaweb.com\/wp-content\/uploads\/2021\/08\/el-nuevo-secador-de-pelo-y-cepillo-electrico-de-babyliss-son-dos-herramientas-de-peinado-estupendas-para-la-vuelta-de-vacaciones.jpg\"> <\/a> <\/div><\/div><\/div>\n<\/div>\n<div class=\"article-asset-image article-asset-normal article-asset-center\">\n<div class=\"asset-content\">\n<div class=\"base-wrapper-image\"> <img class=\"sf-lazy centro_sinmarco\" data-sf-srcset=\"http:\/\/hoycordobaweb.com\/wp-content\/uploads\/2021\/08\/el-nuevo-secador-de-pelo-y-cepillo-electrico-de-babyliss-son-dos-herramientas-de-peinado-estupendas-para-la-vuelta-de-vacaciones-1.jpg 450w, http:\/\/hoycordobaweb.com\/wp-content\/uploads\/2021\/08\/el-nuevo-secador-de-pelo-y-cepillo-electrico-de-babyliss-son-dos-herramientas-de-peinado-estupendas-para-la-vuelta-de-vacaciones-10.jpg 681w,http:\/\/hoycordobaweb.com\/wp-content\/uploads\/2021\/08\/el-nuevo-secador-de-pelo-y-cepillo-electrico-de-babyliss-son-dos-herramientas-de-peinado-estupendas-para-la-vuelta-de-vacaciones-11.jpg 1024w, http:\/\/hoycordobaweb.com\/wp-content\/uploads\/2021\/08\/el-nuevo-secador-de-pelo-y-cepillo-electrico-de-babyliss-son-dos-herramientas-de-peinado-estupendas-para-la-vuelta-de-vacaciones-12.jpg 1366w,\" data-sf-src=\"http:\/\/hoycordobaweb.com\/wp-content\/uploads\/2021\/08\/el-nuevo-secador-de-pelo-y-cepillo-electrico-de-babyliss-son-dos-herramientas-de-peinado-estupendas-para-la-vuelta-de-vacaciones-1.jpg\" alt=\"Secador Pelo Babyliss 4\"> <noscript><img alt=\"Secador Pelo Babyliss 4\" class=\"centro_sinmarco\" src=\"http:\/\/hoycordobaweb.com\/wp-content\/uploads\/2021\/08\/el-nuevo-secador-de-pelo-y-cepillo-electrico-de-babyliss-son-dos-herramientas-de-peinado-estupendas-para-la-vuelta-de-vacaciones-1.jpg\"><\/noscript> <\/div><\/div>\n<\/div>\n<p>La principal novedad de estas herramientas es que cuentan co<strong>n tecnolog\u00eda de plasma<\/strong> que permite liberar un flujo equilibrado de iones positivos y negativos, que mantienen la <strong>hidrataci\u00f3n id\u00f3nea del cabello<\/strong>, eliminando el encrespamiento a la vez.&nbsp;<\/p>\n<p><!-- BREAK 4 --><\/p>\n<div class=\"article-asset-image article-asset-normal article-asset-center\">\n<div class=\"asset-content\">\n<div class=\"base-wrapper-image\"> <img class=\"sf-lazy centro_sinmarco\" data-sf-srcset=\"http:\/\/hoycordobaweb.com\/wp-content\/uploads\/2021\/08\/el-nuevo-secador-de-pelo-y-cepillo-electrico-de-babyliss-son-dos-herramientas-de-peinado-estupendas-para-la-vuelta-de-vacaciones-2.jpg 450w, http:\/\/hoycordobaweb.com\/wp-content\/uploads\/2021\/08\/el-nuevo-secador-de-pelo-y-cepillo-electrico-de-babyliss-son-dos-herramientas-de-peinado-estupendas-para-la-vuelta-de-vacaciones-13.jpg 681w,http:\/\/hoycordobaweb.com\/wp-content\/uploads\/2021\/08\/el-nuevo-secador-de-pelo-y-cepillo-electrico-de-babyliss-son-dos-herramientas-de-peinado-estupendas-para-la-vuelta-de-vacaciones-14.jpg 1024w, http:\/\/hoycordobaweb.com\/wp-content\/uploads\/2021\/08\/el-nuevo-secador-de-pelo-y-cepillo-electrico-de-babyliss-son-dos-herramientas-de-peinado-estupendas-para-la-vuelta-de-vacaciones-15.jpg 1366w,\" data-sf-src=\"http:\/\/hoycordobaweb.com\/wp-content\/uploads\/2021\/08\/el-nuevo-secador-de-pelo-y-cepillo-electrico-de-babyliss-son-dos-herramientas-de-peinado-estupendas-para-la-vuelta-de-vacaciones-2.jpg\" alt=\"Secador Pelo Babyliss 6 1\"> <noscript><img alt=\"Secador Pelo Babyliss 6 1\" class=\"centro_sinmarco\" src=\"http:\/\/hoycordobaweb.com\/wp-content\/uploads\/2021\/08\/el-nuevo-secador-de-pelo-y-cepillo-electrico-de-babyliss-son-dos-herramientas-de-peinado-estupendas-para-la-vuelta-de-vacaciones-2.jpg\"><\/noscript> <\/div><\/div>\n<\/div>\n<p>En primer lugar tenemos el <strong>secador de pelo Hydro Fusion<\/strong> que cuenta con una <strong>potencia de &nbsp;2100W, <\/strong>lo que es bastante genial, pesa realmente poco, cuenta con tres temperaturas, dos velocidades, bot\u00f3n de fr\u00edo, boquilla fina y difusor para rizos, as\u00ed como 2,5 metros de cable.<\/p>\n<p><!-- BREAK 5 --><\/p>\n<p><a href=\"https:\/\/www.trendencias.com\/belleza\/secadores-pelo-cual-mejor-comprar-consejos-recomendaciones\">Su uso es b\u00e1sicamente como todos<\/a>, pero el dato del peso es algo muy a su favor porque el hecho de que sea ligero hace que sume mucho. Me gusta mucho su potencia, lo que garantiza un secado r\u00e1pido y eficaz sin eternas esperas.<\/p>\n<p><!-- BREAK 6 --><\/p>\n<p>El flujo de aire es muy constante y potente, adem\u00e1s gracias al <a href=\"https:\/\/www.trendencias.com\/belleza\/mejores-productos-para-cada-paso-metodo-curly-nueve-secadores-difusores-que-dar-forma-al-pelo-rizado\">difusor,<\/a> que tiene un buen tama\u00f1o, nos comentan que consigue una \u00f3ptima conducci\u00f3n del flujo de plasma con el que potenciamos el brillo y,<a href=\"https:\/\/www.trendencias.com\/belleza\/metodo-curly-siete-champus-sulfatos-clarificantes-que-lavar-pelo-cuidando-rizos\"> para las <em>curlys<\/em>, <\/a>tambi\u00e9n suaviza el rizo natural.<\/p>\n<p><!-- BREAK 7 --><\/p>\n<p>Su uso es muy intuitivo, lo que se agradece, y el resultado es <strong>un pelo seco en muy poco tiempo, suave, brillante y sabiendo que lo cuidas.<\/strong> Adem\u00e1s, hay que a\u00f1adir que su dise\u00f1o en un tono azul celeste metalizado es ideal, las cosas como son.<\/p>\n<p><!-- BREAK 8 --><\/p>\n<div class=\"article-asset-image article-asset-normal article-asset-center\">\n<div class=\"asset-content\">\n<div class=\"base-wrapper-image\"> <img class=\"sf-lazy centro_sinmarco\" data-sf-srcset=\"http:\/\/hoycordobaweb.com\/wp-content\/uploads\/2021\/08\/el-nuevo-secador-de-pelo-y-cepillo-electrico-de-babyliss-son-dos-herramientas-de-peinado-estupendas-para-la-vuelta-de-vacaciones-3.jpg 450w, http:\/\/hoycordobaweb.com\/wp-content\/uploads\/2021\/08\/el-nuevo-secador-de-pelo-y-cepillo-electrico-de-babyliss-son-dos-herramientas-de-peinado-estupendas-para-la-vuelta-de-vacaciones-16.jpg 681w,http:\/\/hoycordobaweb.com\/wp-content\/uploads\/2021\/08\/el-nuevo-secador-de-pelo-y-cepillo-electrico-de-babyliss-son-dos-herramientas-de-peinado-estupendas-para-la-vuelta-de-vacaciones-17.jpg 1024w, http:\/\/hoycordobaweb.com\/wp-content\/uploads\/2021\/08\/el-nuevo-secador-de-pelo-y-cepillo-electrico-de-babyliss-son-dos-herramientas-de-peinado-estupendas-para-la-vuelta-de-vacaciones-18.jpg 1366w,\" data-sf-src=\"http:\/\/hoycordobaweb.com\/wp-content\/uploads\/2021\/08\/el-nuevo-secador-de-pelo-y-cepillo-electrico-de-babyliss-son-dos-herramientas-de-peinado-estupendas-para-la-vuelta-de-vacaciones-3.jpg\" alt=\"Secador Pelo Babyliss 3\"> <noscript><img alt=\"Secador Pelo Babyliss 3\" class=\"centro_sinmarco\" src=\"http:\/\/hoycordobaweb.com\/wp-content\/uploads\/2021\/08\/el-nuevo-secador-de-pelo-y-cepillo-electrico-de-babyliss-son-dos-herramientas-de-peinado-estupendas-para-la-vuelta-de-vacaciones-3.jpg\"><\/noscript> <\/div><\/div>\n<\/div>\n<p>Por otro lado, cuenta con un difusor para pelo rizado que, aunque no es para mi tipo de pelo, tiene un dise\u00f1o muy apto para todas las seguidoras del <a href=\"https:\/\/www.trendencias.com\/belleza\/como-empece-a-cuidar-mis-rizos-consegui-pelazo-que-siempre-he-querido\">m\u00e9todo<em> curly<\/em><\/a><em>.&nbsp;<\/em><\/p>\n<p><!-- BREAK 9 --><\/p>\n<p>Su precio es de <a href=\"https:\/\/www.trendencias.com\/redirect?url=https%3A%2F%2Fwww.amazon.es%2FBaByliss-D773E-Hydro-Fusion-tecnolog%25C3%25ADa%2Fdp%2FB08GLX6JN5%3Fref_%3Dast_sto_dp&amp;category=belleza\">61,65 euros <\/a>y me parece una apuesta segura.<\/p>\n<p><!-- BREAK 10 --><!-- PIVOT START --><\/p>\n<div class=\"pivot-ecommerce-container\">\n<div class=\"pivot-ecommerce\" readability=\"8.785046728972\">\n<div class=\"pivot-ecommerce-figure\"> <img alt=\"BaByliss D773DE Hydro Fusion Secador de pelo profesional Super I\u00f3nico, Brillo e Hidrataci\u00f3n, Tecnolog\u00eda de Plasma, Difusor, Aire fr\u00edo, Ligero y compacto, 3 temperaturas, 2 velocidades\" src=\"http:\/\/hoycordobaweb.com\/wp-content\/uploads\/2021\/08\/el-nuevo-secador-de-pelo-y-cepillo-electrico-de-babyliss-son-dos-herramientas-de-peinado-estupendas-para-la-vuelta-de-vacaciones-4.jpg\"> <\/div>\n<div class=\"pivot-ecommerce-summary\" readability=\"13.177570093458\">\n<p class=\"pivot-ecommerce-desc\">BaByliss D773DE Hydro Fusion Secador de pelo profesional Super I\u00f3nico, Brillo e Hidrataci\u00f3n, Tecnolog\u00eda de Plasma, Difusor, Aire fr\u00edo, Ligero y compacto, 3 temperaturas, 2 velocidades<\/p>\n<\/p><\/div><\/div>\n<\/div>\n<p><!-- PIVOT END --><\/p>\n<div class=\"article-asset-image article-asset-normal article-asset-center\">\n<div class=\"asset-content\">\n<div class=\"base-wrapper-image\"> <img class=\"sf-lazy centro_sinmarco\" data-sf-srcset=\"http:\/\/hoycordobaweb.com\/wp-content\/uploads\/2021\/08\/el-nuevo-secador-de-pelo-y-cepillo-electrico-de-babyliss-son-dos-herramientas-de-peinado-estupendas-para-la-vuelta-de-vacaciones-5.jpg 450w, http:\/\/hoycordobaweb.com\/wp-content\/uploads\/2021\/08\/el-nuevo-secador-de-pelo-y-cepillo-electrico-de-babyliss-son-dos-herramientas-de-peinado-estupendas-para-la-vuelta-de-vacaciones-19.jpg 681w,http:\/\/hoycordobaweb.com\/wp-content\/uploads\/2021\/08\/el-nuevo-secador-de-pelo-y-cepillo-electrico-de-babyliss-son-dos-herramientas-de-peinado-estupendas-para-la-vuelta-de-vacaciones-20.jpg 1024w, http:\/\/hoycordobaweb.com\/wp-content\/uploads\/2021\/08\/el-nuevo-secador-de-pelo-y-cepillo-electrico-de-babyliss-son-dos-herramientas-de-peinado-estupendas-para-la-vuelta-de-vacaciones-21.jpg 1366w,\" data-sf-src=\"http:\/\/hoycordobaweb.com\/wp-content\/uploads\/2021\/08\/el-nuevo-secador-de-pelo-y-cepillo-electrico-de-babyliss-son-dos-herramientas-de-peinado-estupendas-para-la-vuelta-de-vacaciones-5.jpg\" alt=\"Secador Pelo Babyliss 5\"> <noscript><img alt=\"Secador Pelo Babyliss 5\" class=\"centro_sinmarco\" src=\"http:\/\/hoycordobaweb.com\/wp-content\/uploads\/2021\/08\/el-nuevo-secador-de-pelo-y-cepillo-electrico-de-babyliss-son-dos-herramientas-de-peinado-estupendas-para-la-vuelta-de-vacaciones-5.jpg\"><\/noscript> <\/div><\/div>\n<\/div>\n<p>Y, adem\u00e1s, os tengo que hablar del<strong> cepillo el\u00e9ctrico de aire de la misma l\u00ednea Hydro Fushion de Babyliss <\/strong>que tambi\u00e9n cuenta con la <em>Advanced Plasma Technology<\/em> con <strong>sistema dual para equilibrar el nivel necesario de humedad<\/strong>.<\/p>\n<p><!-- BREAK 11 --><\/p>\n<p>Cuenta con una potencia de <strong>700 W<\/strong>, un <a href=\"https:\/\/www.trendencias.com\/belleza\/ponemos-a-prueba-cepillo-electrico-rotatorio-babyliss-que-podemos-alisar-rizar-pelo\">cabezal rotatorio <\/a>en dos direcciones cer\u00e1mico de 50 mm, p\u00faas s\u00faper suaves que son son una mezcla de naturales de jabal\u00ed y de nylon, dos temperaturas y posici\u00f3n de fr\u00edo, control i\u00f3nico antiencrespamiento y dos velocidades.<\/p>\n<p><!-- BREAK 12 --><\/p>\n<div class=\"article-asset article-asset-normal article-asset-center\">\n<div class=\"desvio-container\">\n<div class=\"desvio\">\n<div class=\"desvio-figure js-desvio-figure\"> <a href=\"https:\/\/www.trendencias.com\/belleza\/cepillos-alisadores-pelo-cual-mejor-comprar-consejos-recomendaciones\"> <img alt=\"Cepillos alisadores de pelo: \u00bfcu\u00e1l es mejor comprar? Consejos y recomendaciones\" src=\"http:\/\/hoycordobaweb.com\/wp-content\/uploads\/2021\/08\/el-nuevo-secador-de-pelo-y-cepillo-electrico-de-babyliss-son-dos-herramientas-de-peinado-estupendas-para-la-vuelta-de-vacaciones-6.jpg\"> <\/a> <\/div><\/div><\/div>\n<\/div>\n<div class=\"article-asset-image article-asset-normal article-asset-center\">\n<div class=\"asset-content\">\n<div class=\"base-wrapper-image\"> <img class=\"sf-lazy centro_sinmarco\" data-sf-srcset=\"http:\/\/hoycordobaweb.com\/wp-content\/uploads\/2021\/08\/el-nuevo-secador-de-pelo-y-cepillo-electrico-de-babyliss-son-dos-herramientas-de-peinado-estupendas-para-la-vuelta-de-vacaciones-7.jpg 450w, http:\/\/hoycordobaweb.com\/wp-content\/uploads\/2021\/08\/el-nuevo-secador-de-pelo-y-cepillo-electrico-de-babyliss-son-dos-herramientas-de-peinado-estupendas-para-la-vuelta-de-vacaciones-22.jpg 681w,http:\/\/hoycordobaweb.com\/wp-content\/uploads\/2021\/08\/el-nuevo-secador-de-pelo-y-cepillo-electrico-de-babyliss-son-dos-herramientas-de-peinado-estupendas-para-la-vuelta-de-vacaciones-23.jpg 1024w, http:\/\/hoycordobaweb.com\/wp-content\/uploads\/2021\/08\/el-nuevo-secador-de-pelo-y-cepillo-electrico-de-babyliss-son-dos-herramientas-de-peinado-estupendas-para-la-vuelta-de-vacaciones-24.jpg 1366w,\" data-sf-src=\"http:\/\/hoycordobaweb.com\/wp-content\/uploads\/2021\/08\/el-nuevo-secador-de-pelo-y-cepillo-electrico-de-babyliss-son-dos-herramientas-de-peinado-estupendas-para-la-vuelta-de-vacaciones-7.jpg\" alt=\"Secador Pelo Babyliss 7\"> <noscript><img alt=\"Secador Pelo Babyliss 7\" class=\"centro_sinmarco\" src=\"http:\/\/hoycordobaweb.com\/wp-content\/uploads\/2021\/08\/el-nuevo-secador-de-pelo-y-cepillo-electrico-de-babyliss-son-dos-herramientas-de-peinado-estupendas-para-la-vuelta-de-vacaciones-7.jpg\"><\/noscript> <\/div><\/div>\n<\/div>\n<p>Nuevamente, nos encontramos con una <strong>herramienta de peinado muy intuitiva <\/strong>y que, con un poco de pr\u00e1ctica como suele ocurrir con este tipo de gadgets, podemos conseguir resultados estupendos.<\/p>\n<p><!-- BREAK 13 --><\/p>\n<p>Lo bueno de<strong> las fibras suaves <\/strong>es que, para las que tenemos el pelo liso, &nbsp;se nos enreda mucho menos y conseguimos sacar mucho brillo. Adem\u00e1s, como puede rotar hacia ambos lados, es m\u00e1s f\u00e1cil de usar.<\/p>\n<p><!-- BREAK 14 --><\/p>\n<p>Me encanta para dar forma a las puntas y para <a href=\"https:\/\/www.trendencias.com\/belleza\/peinados-volumen-seran-tendencia-este-verano-2021-dice-estilista-blanca-suarez-danna-paola\">dar volumen a las ra\u00edces<\/a>, sobre todo a la zona del flequillo (esto lo hago sin usar la rotaci\u00f3n porque sino se me enreda el pelo ya que lo tengo muy largo). Adem\u00e1s, s\u00ed, consigue <strong>dar un brillo muy especial a la melena<\/strong>.<\/p>\n<p><!-- BREAK 15 --><\/p>\n<p>Una vez m\u00e1s, se trata de una herramienta a la que sacar muy buen provecho y con un precio de <a href=\"https:\/\/www.trendencias.com\/redirect?url=https%3A%2F%2Fwww.amazon.es%2FBaByliss-AS773E-Hydro-Fusion-tecnolog%25C3%25ADa%2Fdp%2FB08GLZX94W%3Fref_%3Dast_sto_dp&amp;category=belleza\">56,52 euros.<\/a><\/p>\n<p><!-- BREAK 16 --><!-- PIVOT START --><\/p>\n<div class=\"pivot-ecommerce-container\">\n<div class=\"pivot-ecommerce\" readability=\"4.9080459770115\">\n<div class=\"pivot-ecommerce-figure\"> <img alt=\"BaByliss AS773E Hydro Fusion, Cepillo de Aire Caliente, Azul\" src=\"http:\/\/hoycordobaweb.com\/wp-content\/uploads\/2021\/08\/el-nuevo-secador-de-pelo-y-cepillo-electrico-de-babyliss-son-dos-herramientas-de-peinado-estupendas-para-la-vuelta-de-vacaciones-8.jpg\"> <\/div>\n<div class=\"pivot-ecommerce-summary\" readability=\"6.3103448275862\">\n<p class=\"pivot-ecommerce-desc\">BaByliss AS773E Hydro Fusion, Cepillo de Aire Caliente, Azul<\/p>\n<\/p><\/div><\/div>\n<\/div>\n<p><!-- PIVOT END --><\/p>\n<p>Sin duda, dos fichajes estupendos para tener a mano a la vuelta de vacaciones y conseguir cuidar nuestras melenas, manteniendo a raya el encrespamiento y la hidrataci\u00f3n del pelo.&nbsp;<\/p>\n<p><!-- BREAK 17 --><\/p>\n<p><em>El producto fue facilitado para la prueba por<\/em> <a href=\"https:\/\/www.babyliss.es\/\"><em>Babyliss<\/em><\/a><em>. Puedes consultar nuestra <\/em><a href=\"https:\/\/trendencias.com\/relaciones-empresas\"><u><em>pol\u00edtica de relaciones con empresas<\/em><\/u><\/a> <em>para m\u00e1s informaci\u00f3n.<\/em><\/p>\n<p><!-- BREAK 18 --><\/p>\n<blockquote><p><em>Nota: algunos de los enlaces aqu\u00ed publicados son de afiliados. A pesar de ello, ninguno de los art\u00edculos mencionados han sido propuestos &nbsp;ni por las marcas ni por las tiendas, siendo su introducci\u00f3n una decisi\u00f3n \u00fanica del equipo de editores.<\/em><\/p><\/blockquote>\n<p>Fotos | Trendencias<\/p>\n","protected":false},"excerpt":{"rendered":"<p>Hay que reconocer que durante el verano usar el secador apetece menos, las cosas como son. Sin embargo, ahora que poco a poco vamos consumiendo la \u00e9poca estival y la vuelta al cole y a la oficina est\u00e1 m\u00e1s cerca (o ya ha llegado) estamos en un momento id\u00f3neo para renovar nuestras herramientas de peinado. [&hellip;]<\/p>\n","protected":false},"author":1,"featured_media":27765,"comment_status":"closed","ping_status":"closed","sticky":false,"template":"","format":"standard","meta":[],"categories":[1],"tags":[],"_links":{"self":[{"href":"http:\/\/hoycordobaweb.com\/index.php\/wp-json\/wp\/v2\/posts\/27764"}],"collection":[{"href":"http:\/\/hoycordobaweb.com\/index.php\/wp-json\/wp\/v2\/posts"}],"about":[{"href":"http:\/\/hoycordobaweb.com\/index.php\/wp-json\/wp\/v2\/types\/post"}],"author":[{"embeddable":true,"href":"http:\/\/hoycordobaweb.com\/index.php\/wp-json\/wp\/v2\/users\/1"}],"replies":[{"embeddable":true,"href":"http:\/\/hoycordobaweb.com\/index.php\/wp-json\/wp\/v2\/comments?post=27764"}],"version-history":[{"count":0,"href":"http:\/\/hoycordobaweb.com\/index.php\/wp-json\/wp\/v2\/posts\/27764\/revisions"}],"wp:featuredmedia":[{"embeddable":true,"href":"http:\/\/hoycordobaweb.com\/index.php\/wp-json\/wp\/v2\/media\/27765"}],"wp:attachment":[{"href":"http:\/\/hoycordobaweb.com\/index.php\/wp-json\/wp\/v2\/media?parent=27764"}],"wp:term":[{"taxonomy":"category","embeddable":true,"href":"http:\/\/hoycordobaweb.com\/index.php\/wp-json\/wp\/v2\/categories?post=27764"},{"taxonomy":"post_tag","embeddable":true,"href":"http:\/\/hoycordobaweb.com\/index.php\/wp-json\/wp\/v2\/tags?post=27764"}],"curies":[{"name":"wp","href":"https:\/\/api.w.org\/{rel}","templated":true}]}}