{"id":27729,"date":"2021-08-24T01:22:00","date_gmt":"2021-08-24T01:22:00","guid":{"rendered":"http:\/\/hoycordobaweb.com\/index.php\/2021\/08\/24\/sigue-el-caos-en-aeropuerto-de-kabul-y-hay-versiones-sobre-el-retiro-de-tropas-extranjeras\/"},"modified":"2021-08-24T01:22:00","modified_gmt":"2021-08-24T01:22:00","slug":"sigue-el-caos-en-aeropuerto-de-kabul-y-hay-versiones-sobre-el-retiro-de-tropas-extranjeras","status":"publish","type":"post","link":"http:\/\/hoycordobaweb.com\/index.php\/2021\/08\/24\/sigue-el-caos-en-aeropuerto-de-kabul-y-hay-versiones-sobre-el-retiro-de-tropas-extranjeras\/","title":{"rendered":"Sigue el caos en aeropuerto de Kabul y hay versiones sobre el retiro de tropas extranjeras"},"content":{"rendered":"<p><img src=\"http:\/\/hoycordobaweb.com\/wp-content\/uploads\/2021\/08\/sigue-el-caos-en-aeropuerto-de-kabul-y-hay-versiones-sobre-el-retiro-de-tropas-extranjeras.jpg\"><\/p>\n<div class=\"image\" id=\"image\" readability=\"9\"> <img src=\"http:\/\/hoycordobaweb.com\/wp-content\/uploads\/2021\/08\/sigue-el-caos-en-aeropuerto-de-kabul-y-hay-versiones-sobre-el-retiro-de-tropas-extranjeras-2.jpg\" alt=\"Aunque los talibanes decretaron una amnist\u00eda general, decenas de miles de afganos han tratado de huir del pa\u00eds. Foto: AFP\" title=\"Aunque los talibanes decretaron una amnist\u00eda general, decenas de miles de afganos han tratado de huir del pa\u00eds. Foto: AFP\"><\/p>\n<p>Aunque los talibanes decretaron una amnist\u00eda general, decenas de miles de afganos han tratado de huir del pa\u00eds. Foto: AFP<\/p>\n<\/div>\n<p>Al menos un afgano muri\u00f3 este lunes en los accesos al aeropuerto internacional de Kabul, en incidentes que se dieron en medio de los ca\u00f3ticos esfuerzos de evacuaci\u00f3n de quienes huyen de Afganist\u00e1n tras la toma del pa\u00eds por los talibanes, que rechazan una eventual postergaci\u00f3n de la retirada de las tropas extranjeras.<\/p>\n<p>La informaci\u00f3n del afgano muerto le sigue a otra que dio cuenta de forcejeos y enfrentamientos entre quienes buscaban entrar, soldados extranjeros y fuerzas de los talibanes que ya dejaron este domingo otros siete fallecidos.<\/p>\n<p>Mientras, <strong>los talibanes enviaron combatientes a una zona al norte de Kabul para eliminar bolsones de resistencia<\/strong> a su fulgurante conquista, que culmin\u00f3 el 15 de agosto con la toma de la capital afgana y el colapso del Gobierno sostenido por Occidente.<\/p>\n<p>Los talibanes dijeron haber retomado tres distritos que sus oponentes les hab\u00edan arrebatado un d\u00eda antes y que hab\u00edan rodeado una provincia vecina, Panjshir, la \u00fanica que a\u00fan no cay\u00f3 bajo su control.<\/p>\n<p>Del otro lado,<strong> la resistencia contra los talibanes puede contar con \u00abmiles de personas\u00bb dispuestas a luchar,<\/strong> afirm\u00f3 Ali Nazary, jefe de relaciones exteriores del Frente de Resistencia Nacional de Afganist\u00e1n (NRF) encabezado por Ahmad Massoud.<\/p>\n<p> <iframe width=\"560\" height=\"315\" src=\"https:\/\/www.youtube.com\/embed\/1CxRiNfpU4Q?wmode=transparent&amp;showinfo=0&amp;autohide=1&amp;rel=0\" frameborder=\"0\" allowfullscreen>[embedded content]<\/iframe> <\/p>\n<p>Sigue el caos en aeropuerto de Kabul y hay versiones cruzadas sobre el retiro de tropas extranjeras<\/p>\n<p>Nazary dijo a la BBC que su grupo tiene \u00abmiles de fuerzas listas para la resistencia\u00bb, pero que primero quiere entablar negociaciones pac\u00edficas.<\/p>\n<p>El presidente estadounidense, Joe Biden, no descart\u00f3 anoche extender las evacuaciones m\u00e1s all\u00e1 del 31 de agosto, la fecha que \u00e9l mismo hab\u00eda fijado para completar la retirada de Afganist\u00e1n de las tropas de su pa\u00eds.<\/p>\n<p>En tanto, el Gobierno brit\u00e1nico inform\u00f3 que el primer ministro&nbsp;<a href=\"https:\/\/www.telam.com.ar\/notas\/202108\/565923-reino-unido-cumbre-g7-afganistan.html\" target=\"_blank\" rel=\"noopener noreferrer\">Boris Johnson presionar\u00e1 a Biden para extender el plazo durante una cumbre virtual del G7<\/a>, argumentando que, sin la presencia estadounidense, otros pa\u00edses deber\u00e1n frenar sus propias evacuaciones.<\/p>\n<p>Sin embargo, un vocero de los talibanes, Suhail Shaheen, dijo este lunes a la cadena de noticias brit\u00e1nica Sky News que la fecha del 31 de agosto es una \u00abl\u00ednea roja\u00bb, y que extender la presencia estadounidense \u00abprovocar\u00e1 una reacci\u00f3n\u00bb.<\/p>\n<blockquote readability=\"8\">\n<p>\u00abSi Estados Unidos o el Reino Unido piden m\u00e1s tiempo para continuar con las evacuaciones, la respuesta es no. O habr\u00e1 consecuencias\u00bb, advirti\u00f3 Suhail Shaheen<span class=\"comilla\">\u201d<\/span><\/p>\n<\/blockquote>\n<p>Tal firmeza pareci\u00f3 chocar con palabras del ministro de Asuntos Exteriores alem\u00e1n, Heiko Maas, que revel\u00f3 que su pa\u00eds, Estados Unidos y Turqu\u00eda estaban negociando continuar con las evacuaciones m\u00e1s all\u00e1 de la fecha l\u00edmite inicial del 31.<\/p>\n<p>Adem\u00e1s, la agencia de noticias francesa AFP dijo que <strong>dos responsables de los talibanes, a los que no identific\u00f3, le dijeron que la milicia no anunciar\u00e1 la constituci\u00f3n del nuevo Gobierno inclusivo que prometi\u00f3 mientras haya soldados estadounidenses en el pa\u00eds.<\/strong><\/p>\n<p>Por lo pronto, s\u00ed nombraron a Haji Mohammad Idris como gobernador interino del Banco Central, seg\u00fan anunci\u00f3 otro de sus voceros, Zabihullah ujahid, en un comunicado que cita la agencia Sky News.<\/p>\n<p><strong>Las fuerzas de seguridad afganas se desbandaron ante el avance de los islamistas,<\/strong> pese a que Occidente invirti\u00f3 miles de millones de d\u00f3lares para entrenarlas y equiparlas en 20 a\u00f1os desde la invasi\u00f3n internacional que hab\u00eda derrocado a los talibanes.<\/p>\n<p>Aunque los talibanes decretaron una amnist\u00eda general, decenas de miles de afganos han tratado de huir del pa\u00eds, temerosos de que los islamistas vuelvan a imponer las draconianas medidas que caracterizaron su anterior Gobierno, entre 1996 y 2001.<\/p>\n<p><strong>Esto provoc\u00f3 caos en el aeropuerto de Kabul<\/strong>, para muchos la \u00fanica salida posible del pa\u00eds. El interior del aeropuerto est\u00e1 controlado por tropas de Estados Unidos, y soldados afganos est\u00e1n colaborando con los esfuerzos de evacuaci\u00f3n.<\/p>\n<p>Las calles que van al aeropuerto est\u00e1n bajo dominio de los talibanes, que han hecho disparos al aire y golpeado a gente para intentar contener a las desesperadas multitudes, en jornadas con temperaturas de unos 35 grados.<\/p>\n<p>Un tiroteo se desat\u00f3 este lunes en uno de los accesos al aeropuerto, donde&nbsp;<a href=\"https:\/\/www.telam.com.ar\/notas\/202108\/565894-siete-muertos-aeropuerto-kabul.html\" target=\"_blank\" rel=\"noopener noreferrer\">siete afganos murieron el domingo en una estampida de miles de personas<\/a>. No quedaron claras las circunstancias del tiroteo, que ocurri\u00f3 en horas de la madrugada.<\/p>\n<p>El Ej\u00e9rcito alem\u00e1n, que participa de las evacuaciones, dijo por Twitter que <strong>un guardia de seguridad afgano fue muerto y otros tres resultaron heridos por disparos hechos por \u00abatacantes desconocidos\u00bb.&nbsp;<\/strong>M\u00e1s tarde aclar\u00f3 que las v\u00edctimas eran \u00abmiembros del Ej\u00e9rcito afgano\u00bb, inform\u00f3 la agencia de noticias alemana DPA.<\/p>\n<p>Emergency, una ONG italiana que opera hospitales en Afganist\u00e1n, dijo que hab\u00eda tratado a seis personas con heridas de bala sufridas en el aeropuerto.<\/p>\n<div class=\"image\" id=\"image\" readability=\"7\"> <img src=\"http:\/\/hoycordobaweb.com\/wp-content\/uploads\/2021\/08\/sigue-el-caos-en-aeropuerto-de-kabul-y-hay-versiones-sobre-el-retiro-de-tropas-extranjeras-3.jpg\" alt=\"Las calles que van al aeropuerto est\u00e1n bajo dominio de los talibanes\" title=\"Las calles que van al aeropuerto est\u00e1n bajo dominio de los talibanes\"><\/p>\n<p>Las calles que van al aeropuerto est\u00e1n bajo dominio de los talibanes<\/p>\n<\/div>\n<p>Las evacuaciones<\/p>\n<p>EEUU inform\u00f3 este lunes que unas 16.000 personas fueron evacuadas en las \u00faltimas 24 horas, al acelerarse las operaciones de transporte a\u00e9reo internacional.<\/p>\n<p>El general Hank Taylor dijo a periodistas que <strong>61 vuelos militares, comerciales y ch\u00e1rter, en los que participaron varios pa\u00edses, salieron del aeropuerto internacional Hamid Karzai en las 24 horas anteriores <\/strong>a las 3 de hoy (21.30 de ayer en Argentina) transportando personas que escapaban del pa\u00eds.<\/p>\n<p>Del total del d\u00eda, 11.000 fueron evacuados a trav\u00e9s las operaciones de transporte a\u00e9reo del ej\u00e9rcito de Estados Unidos, dijo Taylor.<\/p>\n<p><strong>La semana pasada, cientos de afganos invadieron la pista y algunos se colgaron de un avi\u00f3n militar de transporte estadounidense mientras despegaba, para luego caer y morir.<\/strong><\/p>\n<p>Al menos siete personas murieron ese d\u00eda, adem\u00e1s de los siete de ayer.<\/p>\n<p>Los talibanes acusan a Estados Unidos del caos en el aeropuerto y dicen que no hay ninguna necesidad de huir de Afganist\u00e1n.<\/p>\n<p>La milicia islamista prometi\u00f3 traer paz y seguridad tras d\u00e9cadas de guerra y asegur\u00f3 que no busca represalias contra aquellos que hayan trabajado para Estados Unidos, la OTAN o el depuesto Gobierno afgano. <\/p>\n","protected":false},"excerpt":{"rendered":"<p>Aunque los talibanes decretaron una amnist\u00eda general, decenas de miles de afganos han tratado de huir del pa\u00eds. Foto: AFP Al menos un afgano muri\u00f3 este lunes en los accesos al aeropuerto internacional de Kabul, en incidentes que se dieron en medio de los ca\u00f3ticos esfuerzos de evacuaci\u00f3n de quienes huyen de Afganist\u00e1n tras la [&hellip;]<\/p>\n","protected":false},"author":1,"featured_media":27730,"comment_status":"open","ping_status":"closed","sticky":false,"template":"","format":"standard","meta":[],"categories":[24],"tags":[],"_links":{"self":[{"href":"http:\/\/hoycordobaweb.com\/index.php\/wp-json\/wp\/v2\/posts\/27729"}],"collection":[{"href":"http:\/\/hoycordobaweb.com\/index.php\/wp-json\/wp\/v2\/posts"}],"about":[{"href":"http:\/\/hoycordobaweb.com\/index.php\/wp-json\/wp\/v2\/types\/post"}],"author":[{"embeddable":true,"href":"http:\/\/hoycordobaweb.com\/index.php\/wp-json\/wp\/v2\/users\/1"}],"replies":[{"embeddable":true,"href":"http:\/\/hoycordobaweb.com\/index.php\/wp-json\/wp\/v2\/comments?post=27729"}],"version-history":[{"count":0,"href":"http:\/\/hoycordobaweb.com\/index.php\/wp-json\/wp\/v2\/posts\/27729\/revisions"}],"wp:featuredmedia":[{"embeddable":true,"href":"http:\/\/hoycordobaweb.com\/index.php\/wp-json\/wp\/v2\/media\/27730"}],"wp:attachment":[{"href":"http:\/\/hoycordobaweb.com\/index.php\/wp-json\/wp\/v2\/media?parent=27729"}],"wp:term":[{"taxonomy":"category","embeddable":true,"href":"http:\/\/hoycordobaweb.com\/index.php\/wp-json\/wp\/v2\/categories?post=27729"},{"taxonomy":"post_tag","embeddable":true,"href":"http:\/\/hoycordobaweb.com\/index.php\/wp-json\/wp\/v2\/tags?post=27729"}],"curies":[{"name":"wp","href":"https:\/\/api.w.org\/{rel}","templated":true}]}}