{"id":27658,"date":"2021-08-22T20:38:00","date_gmt":"2021-08-22T20:38:00","guid":{"rendered":"https:\/\/fm-comunicar.com.ar\/contenido\/18074\/recuperaron-30-toneladas-de-soja-que-fueron-robados-de-un-campo-en-santa-teresa"},"modified":"2021-08-22T20:38:00","modified_gmt":"2021-08-22T20:38:00","slug":"recuperaron-30-toneladas-de-soja-que-fueron-robados-de-un-campo-en-santa-teresa","status":"publish","type":"post","link":"http:\/\/hoycordobaweb.com\/index.php\/2021\/08\/22\/recuperaron-30-toneladas-de-soja-que-fueron-robados-de-un-campo-en-santa-teresa\/","title":{"rendered":"Recuperaron 30 toneladas de soja que fueron robados de un campo en Santa Teresa"},"content":{"rendered":"<p>El cami\u00f3n y el acoplado en el que trasladaron la cosecha ten\u00edan pedido de secuestro desde el a\u00f1o 2017. El conductor de 20 a\u00f1os fue detenido.<img src=\"http:\/\/hoycordobaweb.com\/wp-content\/uploads\/2021\/08\/recuperaron-30-toneladas-de-soja-que-fueron-robados-de-un-campo-en-santa-teresa.jpg\"><\/p>\n","protected":false},"excerpt":{"rendered":"<p>El cami\u00f3n y el acoplado en el que trasladaron la cosecha ten\u00edan pedido de secuestro desde el a\u00f1o 2017. El conductor de 20 a\u00f1os fue detenido.<\/p>\n","protected":false},"author":1,"featured_media":27659,"comment_status":"closed","ping_status":"closed","sticky":false,"template":"","format":"standard","meta":[],"categories":[18],"tags":[],"_links":{"self":[{"href":"http:\/\/hoycordobaweb.com\/index.php\/wp-json\/wp\/v2\/posts\/27658"}],"collection":[{"href":"http:\/\/hoycordobaweb.com\/index.php\/wp-json\/wp\/v2\/posts"}],"about":[{"href":"http:\/\/hoycordobaweb.com\/index.php\/wp-json\/wp\/v2\/types\/post"}],"author":[{"embeddable":true,"href":"http:\/\/hoycordobaweb.com\/index.php\/wp-json\/wp\/v2\/users\/1"}],"replies":[{"embeddable":true,"href":"http:\/\/hoycordobaweb.com\/index.php\/wp-json\/wp\/v2\/comments?post=27658"}],"version-history":[{"count":0,"href":"http:\/\/hoycordobaweb.com\/index.php\/wp-json\/wp\/v2\/posts\/27658\/revisions"}],"wp:featuredmedia":[{"embeddable":true,"href":"http:\/\/hoycordobaweb.com\/index.php\/wp-json\/wp\/v2\/media\/27659"}],"wp:attachment":[{"href":"http:\/\/hoycordobaweb.com\/index.php\/wp-json\/wp\/v2\/media?parent=27658"}],"wp:term":[{"taxonomy":"category","embeddable":true,"href":"http:\/\/hoycordobaweb.com\/index.php\/wp-json\/wp\/v2\/categories?post=27658"},{"taxonomy":"post_tag","embeddable":true,"href":"http:\/\/hoycordobaweb.com\/index.php\/wp-json\/wp\/v2\/tags?post=27658"}],"curies":[{"name":"wp","href":"https:\/\/api.w.org\/{rel}","templated":true}]}}