{"id":27656,"date":"2021-08-22T21:23:00","date_gmt":"2021-08-22T21:23:00","guid":{"rendered":"https:\/\/fm-comunicar.com.ar\/contenido\/18075\/jesus-maria-alcanzo-los-registros-mas-bajos-de-los-ultimos-cuatro-meses"},"modified":"2021-08-22T21:23:00","modified_gmt":"2021-08-22T21:23:00","slug":"jesus-maria-alcanzo-los-registros-mas-bajos-de-los-ultimos-cuatro-meses","status":"publish","type":"post","link":"http:\/\/hoycordobaweb.com\/index.php\/2021\/08\/22\/jesus-maria-alcanzo-los-registros-mas-bajos-de-los-ultimos-cuatro-meses\/","title":{"rendered":"Jes\u00fas Mar\u00eda alcanz\u00f3 los registros m\u00e1s bajos de los \u00faltimos cuatro meses"},"content":{"rendered":"<p>Notific\u00f3 76 casos en los \u00faltimos siete d\u00edas y tiene apenas 157 activos. En el comparativo intersemanal, la baja es del 51 por ciento. Tambi\u00e9n se mantiene la tendencia en descenso en C\u00f3rdoba y el Departamento.<img src=\"http:\/\/hoycordobaweb.com\/wp-content\/uploads\/2021\/08\/jesus-maria-alcanzo-los-registros-mas-bajos-de-los-ultimos-cuatro-meses.jpg\"><\/p>\n","protected":false},"excerpt":{"rendered":"<p>Notific\u00f3 76 casos en los \u00faltimos siete d\u00edas y tiene apenas 157 activos. En el comparativo intersemanal, la baja es del 51 por ciento. Tambi\u00e9n se mantiene la tendencia en descenso en C\u00f3rdoba y el Departamento.<\/p>\n","protected":false},"author":1,"featured_media":27657,"comment_status":"closed","ping_status":"closed","sticky":false,"template":"","format":"standard","meta":[],"categories":[18],"tags":[],"_links":{"self":[{"href":"http:\/\/hoycordobaweb.com\/index.php\/wp-json\/wp\/v2\/posts\/27656"}],"collection":[{"href":"http:\/\/hoycordobaweb.com\/index.php\/wp-json\/wp\/v2\/posts"}],"about":[{"href":"http:\/\/hoycordobaweb.com\/index.php\/wp-json\/wp\/v2\/types\/post"}],"author":[{"embeddable":true,"href":"http:\/\/hoycordobaweb.com\/index.php\/wp-json\/wp\/v2\/users\/1"}],"replies":[{"embeddable":true,"href":"http:\/\/hoycordobaweb.com\/index.php\/wp-json\/wp\/v2\/comments?post=27656"}],"version-history":[{"count":0,"href":"http:\/\/hoycordobaweb.com\/index.php\/wp-json\/wp\/v2\/posts\/27656\/revisions"}],"wp:featuredmedia":[{"embeddable":true,"href":"http:\/\/hoycordobaweb.com\/index.php\/wp-json\/wp\/v2\/media\/27657"}],"wp:attachment":[{"href":"http:\/\/hoycordobaweb.com\/index.php\/wp-json\/wp\/v2\/media?parent=27656"}],"wp:term":[{"taxonomy":"category","embeddable":true,"href":"http:\/\/hoycordobaweb.com\/index.php\/wp-json\/wp\/v2\/categories?post=27656"},{"taxonomy":"post_tag","embeddable":true,"href":"http:\/\/hoycordobaweb.com\/index.php\/wp-json\/wp\/v2\/tags?post=27656"}],"curies":[{"name":"wp","href":"https:\/\/api.w.org\/{rel}","templated":true}]}}