{"id":27625,"date":"2021-08-21T15:58:23","date_gmt":"2021-08-21T15:58:23","guid":{"rendered":"https:\/\/www.mujerhoy.com\/moda\/no-te-pierdas\/mono-blusa-chaqueta-blazer-roja-zara-look-oficina-rejuvenece-favorece-combina-con-todo-20210821175717-nt.html"},"modified":"2021-08-21T15:58:23","modified_gmt":"2021-08-21T15:58:23","slug":"mas-guapa-mas-activa-y-mas-joven-tres-poderosos-looks-en-rojo-para-triunfar-en-la-vuelta-a-la-oficina","status":"publish","type":"post","link":"http:\/\/hoycordobaweb.com\/index.php\/2021\/08\/21\/mas-guapa-mas-activa-y-mas-joven-tres-poderosos-looks-en-rojo-para-triunfar-en-la-vuelta-a-la-oficina\/","title":{"rendered":"M\u00e1s guapa, m\u00e1s activa y m\u00e1s joven: tres poderosos looks en rojo para triunfar en la vuelta a la oficina"},"content":{"rendered":"<p><!-- AUTHOR --><!-- COMPONENTS --><\/p>\n<p class=\"voc-paragraph\">Si tienes la <strong>vuelta a la oficina <\/strong>a pocos d\u00edas, puede ser una buena estrategia recurrir a la moda para darte ese empuj\u00f3n de buen \u00e1nimo que requiere toda rentr\u00e9e, sobre todo si <a data-voc-vtm-id=\"in-text-traffic\" href=\"https:\/\/www.mujerhoy.com\/moda\/no-te-pierdas\/conjunto-rojo-zara-falda-top-original-look-verano-barato-pega-sandalias-planas-20210620113323-nt.html\">ocurre a\u00fan en verano<\/a>. Nos interesa librarnos de la sensaci\u00f3n de adormecimiento y ralentizaci\u00f3n que produce el calor y llenarnos de energ\u00eda y vitalidad, con lo que ya tenemos pistas <strong>para hacer buen uso del poder del color<\/strong>. Recomendados todos los tonos c\u00edtricos pero, por ser la oficina nuestro destino, <a data-voc-vtm-id=\"in-text-traffic\" href=\"https:\/\/www.mujerhoy.com\/moda\/no-te-pierdas\/conjunto-rojo-zara-look-invitada-barato-con-pantalones-arrasa-influencers-20210706133840-nt.html\">optamos por el rojo<\/a>. Cualquiera de estas tres prendas suponen un poderoso empuj\u00f3n energ\u00e9tico y, adem\u00e1s, no tiene caducidad. Son de la <a data-voc-vtm-id=\"in-text-traffic\" href=\"https:\/\/www.mujerhoy.com\/moda\/no-te-pierdas\/202102\/13\/vestido-rojo-zara-midi-barato-sienta-bien-ponible-nueva-coleccion-20210213110337.html\">nueva colecci\u00f3n de Zara<\/a> pero aspiran a cl\u00e1sico.\n<\/p>\n<div class=\"voc-detail-photo-zoom\"><picture data-toggle=\"modal\" data-target=\"#photoZoomModal-908\" target=\"modal\">\n<div class=\"voc-img-icon-link\"><img loading=\"lazy\" data-original=\"\/\/static2.mujerhoy.com\/www\/multimedia\/202108\/18\/media\/cortadas\/mono-blusa-chaqueta-blazer-roja-zara-1-k1kH--460x637@MujerHoy.jpg\" class=\"lazy\"><noscript><img src=\"http:\/\/hoycordobaweb.com\/wp-content\/uploads\/2021\/08\/mas-guapa-mas-activa-y-mas-joven-tres-poderosos-looks-en-rojo-para-triunfar-en-la-vuelta-a-la-oficina.png\" alt><\/noscript><i class=\"voc-icons zoom voc-multimedia-box voc-ico-l\"><\/i><\/div><figcaption class=\"figure-caption\"><\/figcaption><\/picture><\/div>\n<div id=\"photoZoomModal-908\" class=\"voc-lightbox modal fade voc-lightbox--photo-zoom\" role=\"dialog\" data-voc-photozoom-lightbox>\n<div class=\"voc-lightbox__dialog\" role=\"document\">\n<div class=\"voc-lightbox__content\"><!-- Modal header --><!-- Modal content --><\/p>\n<div class=\"voc-lightbox__photo-container\"><picture class><img loading=\"lazy\" data-original=\"\/\/static2.mujerhoy.com\/www\/multimedia\/202108\/18\/media\/cortadas\/mono-blusa-chaqueta-blazer-roja-zara-1-k1kH--460x637@MujerHoy.jpg\" alt class=\"lazy\"><noscript><img src=\"http:\/\/hoycordobaweb.com\/wp-content\/uploads\/2021\/08\/mas-guapa-mas-activa-y-mas-joven-tres-poderosos-looks-en-rojo-para-triunfar-en-la-vuelta-a-la-oficina.png\" alt><\/noscript><\/picture><\/div>\n<\/div>\n<\/div>\n<\/div>\n<p class=\"voc-paragraph\">El primer dise\u00f1o es el m\u00e1s espectacular y, adem\u00e1s, te viste de una sola vez de rojo total. Se trata de un<br \/>\n<strong> mono corto rojo con el cuello subido <\/strong>o &#8216;perkins&#8217; y manga sisa, elegant\u00edsimo para llevar con una chaqueta blazer o solo, si la etiqueta de tu oficina admite este tipo largos mini.<br \/>\n<strong> Nos encantan los frunces en el hombro<\/strong>, tan cl\u00e1sicos, y los botones met\u00e1licos que adornan el delantero. El precio es el habitual del cat\u00e1logo de Zara: 39,95 euros.\n<\/p>\n<div class=\"voc-detail-photo-zoom\"><picture data-toggle=\"modal\" data-target=\"#photoZoomModal-756\" target=\"modal\">\n<div class=\"voc-img-icon-link\"><img loading=\"lazy\" data-original=\"\/\/static1.mujerhoy.com\/www\/multimedia\/202108\/18\/media\/cortadas\/mono-blusa-chaqueta-blazer-roja-zara-2-k1kH--460x637@MujerHoy.jpg\" class=\"lazy\"><noscript><img src=\"http:\/\/hoycordobaweb.com\/wp-content\/uploads\/2021\/08\/mas-guapa-mas-activa-y-mas-joven-tres-poderosos-looks-en-rojo-para-triunfar-en-la-vuelta-a-la-oficina-1.png\" alt><\/noscript><i class=\"voc-icons zoom voc-multimedia-box voc-ico-l\"><\/i><\/div><figcaption class=\"figure-caption\"><\/figcaption><\/picture><\/div>\n<div id=\"photoZoomModal-756\" class=\"voc-lightbox modal fade voc-lightbox--photo-zoom\" role=\"dialog\" data-voc-photozoom-lightbox>\n<div class=\"voc-lightbox__dialog\" role=\"document\">\n<div class=\"voc-lightbox__content\"><!-- Modal header --><!-- Modal content --><\/p>\n<div class=\"voc-lightbox__photo-container\"><picture class><img loading=\"lazy\" data-original=\"\/\/static1.mujerhoy.com\/www\/multimedia\/202108\/18\/media\/cortadas\/mono-blusa-chaqueta-blazer-roja-zara-2-k1kH--460x637@MujerHoy.jpg\" alt class=\"lazy\"><noscript><img src=\"http:\/\/hoycordobaweb.com\/wp-content\/uploads\/2021\/08\/mas-guapa-mas-activa-y-mas-joven-tres-poderosos-looks-en-rojo-para-triunfar-en-la-vuelta-a-la-oficina-1.png\" alt><\/noscript><\/picture><\/div>\n<\/div>\n<\/div>\n<\/div>\n<p class=\"voc-paragraph\">Aunque el mono es precioso, nuestra pieza favorita en este <strong>mini &#8216;drop&#8217; con el rojo como argumento de la nueva colecci\u00f3n de Zara <\/strong>es esta blusa (25,95 euros). Repite los frunces en el hombro que tanto nos han gustado en el mono, pero es de manga larga. Tambi\u00e9n lleva ese<br \/>\n<strong> cuelo subido<\/strong>, tan elegante. Nos encanta c\u00f3mo propone esta blusa roja Zara: con unos vaqueros queda espectacular.\n<\/p>\n<div class=\"voc-detail-photo-zoom\"><picture data-toggle=\"modal\" data-target=\"#photoZoomModal-380\" target=\"modal\">\n<div class=\"voc-img-icon-link\"><img loading=\"lazy\" data-original=\"\/\/static2.mujerhoy.com\/www\/multimedia\/202108\/18\/media\/cortadas\/mono-blusa-chaqueta-blazer-roja-zara-3-k1kH--460x637@MujerHoy.jpg\" class=\"lazy\"><noscript><img src=\"http:\/\/hoycordobaweb.com\/wp-content\/uploads\/2021\/08\/mas-guapa-mas-activa-y-mas-joven-tres-poderosos-looks-en-rojo-para-triunfar-en-la-vuelta-a-la-oficina-2.png\" alt><\/noscript><i class=\"voc-icons zoom voc-multimedia-box voc-ico-l\"><\/i><\/div><figcaption class=\"figure-caption\"><\/figcaption><\/picture><\/div>\n<div id=\"photoZoomModal-380\" class=\"voc-lightbox modal fade voc-lightbox--photo-zoom\" role=\"dialog\" data-voc-photozoom-lightbox>\n<div class=\"voc-lightbox__dialog\" role=\"document\">\n<div class=\"voc-lightbox__content\"><!-- Modal header --><!-- Modal content --><\/p>\n<div class=\"voc-lightbox__photo-container\"><picture class><img loading=\"lazy\" data-original=\"\/\/static2.mujerhoy.com\/www\/multimedia\/202108\/18\/media\/cortadas\/mono-blusa-chaqueta-blazer-roja-zara-3-k1kH--460x637@MujerHoy.jpg\" alt class=\"lazy\"><noscript><img src=\"http:\/\/hoycordobaweb.com\/wp-content\/uploads\/2021\/08\/mas-guapa-mas-activa-y-mas-joven-tres-poderosos-looks-en-rojo-para-triunfar-en-la-vuelta-a-la-oficina-2.png\" alt><\/noscript><\/picture><\/div>\n<\/div>\n<\/div>\n<\/div>\n<p class=\"voc-paragraph\">Por \u00faltimo, no pod\u00eda faltar la<br \/>\n<strong> chaqueta americana de rigor<\/strong>, un dise\u00f1o que <strong>en rojo gana much\u00edsimos enteros<\/strong>. Se trata de un dise\u00f1o cruzado y entallado, con los hombros marcados y bolsillos de vivo en el delantero. El bajo lleva una abertura en la espalda y los botones son met\u00e1licos (49,95 euros).\n<\/p>\n<div class=\"voc-detail__cmp voc-detail__cmp--pad-lr voc-detail__cmp--pad-lr--bdr\">\n<div class=\"voc-ficha-detail__wrapper\">\n<section class=\"voc-ficha-detail\">\n<h4 class=\"voc-ficha-detail-title voc-title-section\">Te recomendamos<\/h4>\n<\/section>\n<\/div>\n<\/div>\n<p><!-- TOPICS --><\/p>\n","protected":false},"excerpt":{"rendered":"<p>Si tienes la vuelta a la oficina a pocos d\u00edas, puede ser una buena estrategia recurrir a la moda para darte ese empuj\u00f3n de buen \u00e1nimo que requiere toda rentr\u00e9e, sobre todo si ocurre a\u00fan en verano. Nos interesa librarnos de la sensaci\u00f3n de adormecimiento y ralentizaci\u00f3n que produce el calor y llenarnos de energ\u00eda [&hellip;]<\/p>\n","protected":false},"author":1,"featured_media":27626,"comment_status":"closed","ping_status":"closed","sticky":false,"template":"","format":"standard","meta":[],"categories":[1],"tags":[],"_links":{"self":[{"href":"http:\/\/hoycordobaweb.com\/index.php\/wp-json\/wp\/v2\/posts\/27625"}],"collection":[{"href":"http:\/\/hoycordobaweb.com\/index.php\/wp-json\/wp\/v2\/posts"}],"about":[{"href":"http:\/\/hoycordobaweb.com\/index.php\/wp-json\/wp\/v2\/types\/post"}],"author":[{"embeddable":true,"href":"http:\/\/hoycordobaweb.com\/index.php\/wp-json\/wp\/v2\/users\/1"}],"replies":[{"embeddable":true,"href":"http:\/\/hoycordobaweb.com\/index.php\/wp-json\/wp\/v2\/comments?post=27625"}],"version-history":[{"count":0,"href":"http:\/\/hoycordobaweb.com\/index.php\/wp-json\/wp\/v2\/posts\/27625\/revisions"}],"wp:featuredmedia":[{"embeddable":true,"href":"http:\/\/hoycordobaweb.com\/index.php\/wp-json\/wp\/v2\/media\/27626"}],"wp:attachment":[{"href":"http:\/\/hoycordobaweb.com\/index.php\/wp-json\/wp\/v2\/media?parent=27625"}],"wp:term":[{"taxonomy":"category","embeddable":true,"href":"http:\/\/hoycordobaweb.com\/index.php\/wp-json\/wp\/v2\/categories?post=27625"},{"taxonomy":"post_tag","embeddable":true,"href":"http:\/\/hoycordobaweb.com\/index.php\/wp-json\/wp\/v2\/tags?post=27625"}],"curies":[{"name":"wp","href":"https:\/\/api.w.org\/{rel}","templated":true}]}}