{"id":27592,"date":"2021-08-19T12:32:00","date_gmt":"2021-08-19T12:32:00","guid":{"rendered":"https:\/\/fm-comunicar.com.ar\/contenido\/18062\/este-domingo-se-haran-distintas-caravanas-en-la-zona-para-celebrar-el-dia-de-las"},"modified":"2021-08-19T12:32:00","modified_gmt":"2021-08-19T12:32:00","slug":"este-domingo-habra-varias-caravanas-en-la-zona-para-celebrar-el-dia-de-las-infancias","status":"publish","type":"post","link":"http:\/\/hoycordobaweb.com\/index.php\/2021\/08\/19\/este-domingo-habra-varias-caravanas-en-la-zona-para-celebrar-el-dia-de-las-infancias\/","title":{"rendered":"Este domingo habr\u00e1 varias caravanas en la zona para celebrar el D\u00eda de las Infancias"},"content":{"rendered":"<p>Tanto en Colonia Caroya como en Jes\u00fas Mar\u00eda se realizar\u00e1n distintos recorridos en simult\u00e1neo para llegar a toda la ciudad. Las familias podr\u00e1n aguardar el paso de los veh\u00edculos con m\u00fasica y sorpresas, cumpliendo los protocolos sanitarios.<img src=\"http:\/\/hoycordobaweb.com\/wp-content\/uploads\/2021\/08\/este-domingo-habra-varias-caravanas-en-la-zona-para-celebrar-el-dia-de-las-infancias.jpg\"><\/p>\n","protected":false},"excerpt":{"rendered":"<p>Tanto en Colonia Caroya como en Jes\u00fas Mar\u00eda se realizar\u00e1n distintos recorridos en simult\u00e1neo para llegar a toda la ciudad. Las familias podr\u00e1n aguardar el paso de los veh\u00edculos con m\u00fasica y sorpresas, cumpliendo los protocolos sanitarios.<\/p>\n","protected":false},"author":1,"featured_media":27593,"comment_status":"closed","ping_status":"closed","sticky":false,"template":"","format":"standard","meta":[],"categories":[18],"tags":[],"_links":{"self":[{"href":"http:\/\/hoycordobaweb.com\/index.php\/wp-json\/wp\/v2\/posts\/27592"}],"collection":[{"href":"http:\/\/hoycordobaweb.com\/index.php\/wp-json\/wp\/v2\/posts"}],"about":[{"href":"http:\/\/hoycordobaweb.com\/index.php\/wp-json\/wp\/v2\/types\/post"}],"author":[{"embeddable":true,"href":"http:\/\/hoycordobaweb.com\/index.php\/wp-json\/wp\/v2\/users\/1"}],"replies":[{"embeddable":true,"href":"http:\/\/hoycordobaweb.com\/index.php\/wp-json\/wp\/v2\/comments?post=27592"}],"version-history":[{"count":0,"href":"http:\/\/hoycordobaweb.com\/index.php\/wp-json\/wp\/v2\/posts\/27592\/revisions"}],"wp:featuredmedia":[{"embeddable":true,"href":"http:\/\/hoycordobaweb.com\/index.php\/wp-json\/wp\/v2\/media\/27593"}],"wp:attachment":[{"href":"http:\/\/hoycordobaweb.com\/index.php\/wp-json\/wp\/v2\/media?parent=27592"}],"wp:term":[{"taxonomy":"category","embeddable":true,"href":"http:\/\/hoycordobaweb.com\/index.php\/wp-json\/wp\/v2\/categories?post=27592"},{"taxonomy":"post_tag","embeddable":true,"href":"http:\/\/hoycordobaweb.com\/index.php\/wp-json\/wp\/v2\/tags?post=27592"}],"curies":[{"name":"wp","href":"https:\/\/api.w.org\/{rel}","templated":true}]}}