{"id":27505,"date":"2021-08-19T19:00:43","date_gmt":"2021-08-19T19:00:43","guid":{"rendered":"https:\/\/www.trendencias.com\/marcas\/paloma-elsesser-vuelve-a-vestir-zara-disenos-que-parecen-estar-sacados-desfile-lujo"},"modified":"2021-08-19T19:00:43","modified_gmt":"2021-08-19T19:00:43","slug":"paloma-elsesser-vuelve-a-vestir-de-zara-con-disenos-que-parecen-estar-sacados-de-un-desfile-de-lujo","status":"publish","type":"post","link":"http:\/\/hoycordobaweb.com\/index.php\/2021\/08\/19\/paloma-elsesser-vuelve-a-vestir-de-zara-con-disenos-que-parecen-estar-sacados-de-un-desfile-de-lujo\/","title":{"rendered":"Paloma Elsesser vuelve a vestir de Zara con dise\u00f1os que parecen estar sacados de un desfile de lujo"},"content":{"rendered":"<p><strong>Paloma Elsesser<\/strong> es una de esas modelos que ha roto los c\u00e1nones de belleza dentro del mundo de la moda con sus facciones que <strong>rozan la perfecci\u00f3n<\/strong>. De cuerpo curvil\u00edneo y pelo ondulado, la estadounidense se ha hecho un hueco en el mundo de la moda con su imponente presencia. Tanto es as\u00ed que hace unos meses <strong>conquist\u00f3 Zara<\/strong> y <a href=\"https:\/\/www.trendencias.com\/noticias-de-la-industria\/zara-da-paso-diversidad-body-positive-fichando-primera-vez-a-modelo-curvy-para-su-catalogo\">protagoniz\u00f3 una de sus campa\u00f1as<\/a>. Ahora ha vuelto para presentarnos las <a href=\"https:\/\/www.trendencias.com\/marcas\/donde-se-puede-encontrar-todavia-falda-pareo-estampada-zara-7521248-que-se-ha-agotado-web\">\u00faltimas novedades de la firma espa\u00f1ola<\/a> que parecen estar <a href=\"https:\/\/www.trendencias.com\/marcas\/zara-estrena-campana-impresionantes-looks-lujo-preciosas-fotos-firmadas-steven-meisel\">sacadas de un desfile de lujo<\/a>.&nbsp;<\/p>\n<p><!-- BREAK 1 --><\/p>\n<div class=\"article-asset article-asset-normal article-asset-center\">\n<div class=\"desvio-container\">\n<div class=\"desvio\">\n<div class=\"desvio-figure js-desvio-figure\"> <a href=\"https:\/\/www.trendencias.com\/familia-maternidad-y-ninos-1\/zara-quiere-que-mamas-ninas-vistamos-a-juego-preciosa-coleccion-que-reinan-flores\"> <img alt=\"Zara quiere que mam\u00e1s y ni\u00f1as vistamos a juego con una preciosa colecci\u00f3n en la que reinan las flores \" src=\"http:\/\/hoycordobaweb.com\/wp-content\/uploads\/2021\/08\/paloma-elsesser-vuelve-a-vestir-de-zara-con-disenos-que-parecen-estar-sacados-de-un-desfile-de-lujo.jpg\"> <\/a> <\/div>\n<div class=\"desvio-summary\">\n<div class=\"desvio-taxonomy js-desvio-taxonomy\"> <a href=\"https:\/\/www.trendencias.com\/familia-maternidad-y-ninos-1\/zara-quiere-que-mamas-ninas-vistamos-a-juego-preciosa-coleccion-que-reinan-flores\" class=\"desvio-taxonomy-anchor\">En Trendencias<\/a> <\/div>\n<p> <a href=\"https:\/\/www.trendencias.com\/familia-maternidad-y-ninos-1\/zara-quiere-que-mamas-ninas-vistamos-a-juego-preciosa-coleccion-que-reinan-flores\" class=\"desvio-title js-desvio-title\">Zara quiere que mam\u00e1s y ni\u00f1as vistamos a juego con una preciosa colecci\u00f3n en la que reinan las flores <\/a> <\/div><\/div><\/div>\n<\/div>\n<div class=\"video-boost-container article-asset-normal\">\n<header class=\"video-boost-header\"> <span class=\"video-boost-heading\">Un vistazo a\u2026<\/span> <a href=\"https:\/\/www.youtube.com\/c\/trendencias?sub_confirmation=1\" title=\"Ver m\u00e1s v\u00eddeos de Trendencias\" class=\"video-boost-more-link\"> <span class=\"video-boost-more-plus\"><\/span> <span class=\"video-boost-more-play\"><\/span> <\/a> <\/header>\n<div class=\"article-asset-video\">\n<div class=\"asset-content\">\n<div class=\"base-asset-video\"> <\/div><\/div><\/div>\n<p> <span class=\"video-boost-title\">zara-studio-2021<\/span>\n<\/div>\n<h2>Vestidos perfectos para el verano<\/h2>\n<p>A pesar de que las rebajas de verano est\u00e1n a punto de terminar -augurando el fin de la temporada-, la firma espa\u00f1ola no duda en seguir deleit\u00e1ndonos con prendas perfectas para alargar la sensaci\u00f3n de verano eterno. Por ello lanza vestidos de punto id\u00f3neos para estrenar de inmediato y renovar, por poco que sea, nuestro armario actual.&nbsp;<\/p>\n<p><!-- BREAK 2 --> <\/p>\n<div class=\"article-asset-image article-asset-normal article-asset-center\">\n<div class=\"asset-content\">\n<div class=\"base-wrapper-image\"> <img class=\"sf-lazy centro_sinmarco\" data-sf-srcset=\"http:\/\/hoycordobaweb.com\/wp-content\/uploads\/2021\/08\/paloma-elsesser-vuelve-a-vestir-de-zara-con-disenos-que-parecen-estar-sacados-de-un-desfile-de-lujo-1.jpg 450w, http:\/\/hoycordobaweb.com\/wp-content\/uploads\/2021\/08\/paloma-elsesser-vuelve-a-vestir-de-zara-con-disenos-que-parecen-estar-sacados-de-un-desfile-de-lujo-7.jpg 681w,http:\/\/hoycordobaweb.com\/wp-content\/uploads\/2021\/08\/paloma-elsesser-vuelve-a-vestir-de-zara-con-disenos-que-parecen-estar-sacados-de-un-desfile-de-lujo-8.jpg 1024w, http:\/\/hoycordobaweb.com\/wp-content\/uploads\/2021\/08\/paloma-elsesser-vuelve-a-vestir-de-zara-con-disenos-que-parecen-estar-sacados-de-un-desfile-de-lujo-9.jpg 1366w,\" data-sf-src=\"http:\/\/hoycordobaweb.com\/wp-content\/uploads\/2021\/08\/paloma-elsesser-vuelve-a-vestir-de-zara-con-disenos-que-parecen-estar-sacados-de-un-desfile-de-lujo-1.jpg\" alt=\"Paloma Elsesser Zara Aw 2021 03\"> <noscript><img alt=\"Paloma Elsesser Zara Aw 2021 03\" class=\"centro_sinmarco\" src=\"http:\/\/hoycordobaweb.com\/wp-content\/uploads\/2021\/08\/paloma-elsesser-vuelve-a-vestir-de-zara-con-disenos-que-parecen-estar-sacados-de-un-desfile-de-lujo-1.jpg\"><\/noscript> <\/div><\/div>\n<\/div>\n<div class=\"article-asset-image article-asset-normal article-asset-center\">\n<div class=\"asset-content\">\n<div class=\"base-wrapper-image\"> <img class=\"sf-lazy centro_sinmarco\" data-sf-srcset=\"http:\/\/hoycordobaweb.com\/wp-content\/uploads\/2021\/08\/paloma-elsesser-vuelve-a-vestir-de-zara-con-disenos-que-parecen-estar-sacados-de-un-desfile-de-lujo-2.jpg 450w, http:\/\/hoycordobaweb.com\/wp-content\/uploads\/2021\/08\/paloma-elsesser-vuelve-a-vestir-de-zara-con-disenos-que-parecen-estar-sacados-de-un-desfile-de-lujo-10.jpg 681w,http:\/\/hoycordobaweb.com\/wp-content\/uploads\/2021\/08\/paloma-elsesser-vuelve-a-vestir-de-zara-con-disenos-que-parecen-estar-sacados-de-un-desfile-de-lujo-11.jpg 1024w, http:\/\/hoycordobaweb.com\/wp-content\/uploads\/2021\/08\/paloma-elsesser-vuelve-a-vestir-de-zara-con-disenos-que-parecen-estar-sacados-de-un-desfile-de-lujo-12.jpg 1366w,\" data-sf-src=\"http:\/\/hoycordobaweb.com\/wp-content\/uploads\/2021\/08\/paloma-elsesser-vuelve-a-vestir-de-zara-con-disenos-que-parecen-estar-sacados-de-un-desfile-de-lujo-2.jpg\" alt=\"Paloma Elsesser Zara Aw 2021 04\"> <noscript><img alt=\"Paloma Elsesser Zara Aw 2021 04\" class=\"centro_sinmarco\" src=\"http:\/\/hoycordobaweb.com\/wp-content\/uploads\/2021\/08\/paloma-elsesser-vuelve-a-vestir-de-zara-con-disenos-que-parecen-estar-sacados-de-un-desfile-de-lujo-2.jpg\"><\/noscript> <\/div><\/div>\n<\/div>\n<h2>Dise\u00f1os perfectos para dar la bienvenida a la \u00e9poca oto\u00f1al<\/h2>\n<p>Como era de esperar, Zara va m\u00e1s all\u00e1 y empieza a introducirnos a la \u00e9poca oto\u00f1al con mucha elegancia. Ya sea en forma de un dos piezas de punto, un (mini)vestido <em>cut out<\/em> de manga larga o un <em>cropped<\/em> top en tonos marrones, estas propuestas hacen que encaremos el futuro con ganas.&nbsp;<\/p>\n<p><!-- BREAK 3 --><\/p>\n<div class=\"article-asset-image article-asset-normal article-asset-center\">\n<div class=\"asset-content\">\n<div class=\"base-wrapper-image\"> <img class=\"sf-lazy centro_sinmarco\" data-sf-srcset=\"http:\/\/hoycordobaweb.com\/wp-content\/uploads\/2021\/08\/paloma-elsesser-vuelve-a-vestir-de-zara-con-disenos-que-parecen-estar-sacados-de-un-desfile-de-lujo-3.jpg 450w, http:\/\/hoycordobaweb.com\/wp-content\/uploads\/2021\/08\/paloma-elsesser-vuelve-a-vestir-de-zara-con-disenos-que-parecen-estar-sacados-de-un-desfile-de-lujo-13.jpg 681w,http:\/\/hoycordobaweb.com\/wp-content\/uploads\/2021\/08\/paloma-elsesser-vuelve-a-vestir-de-zara-con-disenos-que-parecen-estar-sacados-de-un-desfile-de-lujo-14.jpg 1024w, http:\/\/hoycordobaweb.com\/wp-content\/uploads\/2021\/08\/paloma-elsesser-vuelve-a-vestir-de-zara-con-disenos-que-parecen-estar-sacados-de-un-desfile-de-lujo-15.jpg 1366w,\" data-sf-src=\"http:\/\/hoycordobaweb.com\/wp-content\/uploads\/2021\/08\/paloma-elsesser-vuelve-a-vestir-de-zara-con-disenos-que-parecen-estar-sacados-de-un-desfile-de-lujo-3.jpg\" alt=\"Paloma Elsesser Zara Aw 2021 06\"> <noscript><img alt=\"Paloma Elsesser Zara Aw 2021 06\" class=\"centro_sinmarco\" src=\"http:\/\/hoycordobaweb.com\/wp-content\/uploads\/2021\/08\/paloma-elsesser-vuelve-a-vestir-de-zara-con-disenos-que-parecen-estar-sacados-de-un-desfile-de-lujo-3.jpg\"><\/noscript> <\/div><\/div>\n<\/div>\n<div class=\"article-asset-image article-asset-normal article-asset-center\">\n<div class=\"asset-content\">\n<div class=\"base-wrapper-image\"> <img class=\"sf-lazy centro_sinmarco\" data-sf-srcset=\"http:\/\/hoycordobaweb.com\/wp-content\/uploads\/2021\/08\/paloma-elsesser-vuelve-a-vestir-de-zara-con-disenos-que-parecen-estar-sacados-de-un-desfile-de-lujo-4.jpg 450w, http:\/\/hoycordobaweb.com\/wp-content\/uploads\/2021\/08\/paloma-elsesser-vuelve-a-vestir-de-zara-con-disenos-que-parecen-estar-sacados-de-un-desfile-de-lujo-16.jpg 681w,http:\/\/hoycordobaweb.com\/wp-content\/uploads\/2021\/08\/paloma-elsesser-vuelve-a-vestir-de-zara-con-disenos-que-parecen-estar-sacados-de-un-desfile-de-lujo-17.jpg 1024w, http:\/\/hoycordobaweb.com\/wp-content\/uploads\/2021\/08\/paloma-elsesser-vuelve-a-vestir-de-zara-con-disenos-que-parecen-estar-sacados-de-un-desfile-de-lujo-18.jpg 1366w,\" data-sf-src=\"http:\/\/hoycordobaweb.com\/wp-content\/uploads\/2021\/08\/paloma-elsesser-vuelve-a-vestir-de-zara-con-disenos-que-parecen-estar-sacados-de-un-desfile-de-lujo-4.jpg\" alt=\"Paloma Elsesser Zara Aw 2021 01\"> <noscript><img alt=\"Paloma Elsesser Zara Aw 2021 01\" class=\"centro_sinmarco\" src=\"http:\/\/hoycordobaweb.com\/wp-content\/uploads\/2021\/08\/paloma-elsesser-vuelve-a-vestir-de-zara-con-disenos-que-parecen-estar-sacados-de-un-desfile-de-lujo-4.jpg\"><\/noscript> <\/div><\/div>\n<\/div>\n<div class=\"article-asset-image article-asset-normal article-asset-center\">\n<div class=\"asset-content\">\n<div class=\"base-wrapper-image\"> <img class=\"sf-lazy centro_sinmarco\" data-sf-srcset=\"http:\/\/hoycordobaweb.com\/wp-content\/uploads\/2021\/08\/paloma-elsesser-vuelve-a-vestir-de-zara-con-disenos-que-parecen-estar-sacados-de-un-desfile-de-lujo-5.jpg 450w, http:\/\/hoycordobaweb.com\/wp-content\/uploads\/2021\/08\/paloma-elsesser-vuelve-a-vestir-de-zara-con-disenos-que-parecen-estar-sacados-de-un-desfile-de-lujo-19.jpg 681w,http:\/\/hoycordobaweb.com\/wp-content\/uploads\/2021\/08\/paloma-elsesser-vuelve-a-vestir-de-zara-con-disenos-que-parecen-estar-sacados-de-un-desfile-de-lujo-20.jpg 1024w, http:\/\/hoycordobaweb.com\/wp-content\/uploads\/2021\/08\/paloma-elsesser-vuelve-a-vestir-de-zara-con-disenos-que-parecen-estar-sacados-de-un-desfile-de-lujo-21.jpg 1366w,\" data-sf-src=\"http:\/\/hoycordobaweb.com\/wp-content\/uploads\/2021\/08\/paloma-elsesser-vuelve-a-vestir-de-zara-con-disenos-que-parecen-estar-sacados-de-un-desfile-de-lujo-5.jpg\" alt=\"Paloma Elsesser Zara Aw 2021 02\"> <noscript><img alt=\"Paloma Elsesser Zara Aw 2021 02\" class=\"centro_sinmarco\" src=\"http:\/\/hoycordobaweb.com\/wp-content\/uploads\/2021\/08\/paloma-elsesser-vuelve-a-vestir-de-zara-con-disenos-que-parecen-estar-sacados-de-un-desfile-de-lujo-5.jpg\"><\/noscript> <\/div><\/div>\n<\/div>\n<p>Fotos | Zara<\/p>\n","protected":false},"excerpt":{"rendered":"<p>Paloma Elsesser es una de esas modelos que ha roto los c\u00e1nones de belleza dentro del mundo de la moda con sus facciones que rozan la perfecci\u00f3n. De cuerpo curvil\u00edneo y pelo ondulado, la estadounidense se ha hecho un hueco en el mundo de la moda con su imponente presencia. Tanto es as\u00ed que hace [&hellip;]<\/p>\n","protected":false},"author":1,"featured_media":27506,"comment_status":"closed","ping_status":"closed","sticky":false,"template":"","format":"standard","meta":[],"categories":[1],"tags":[],"_links":{"self":[{"href":"http:\/\/hoycordobaweb.com\/index.php\/wp-json\/wp\/v2\/posts\/27505"}],"collection":[{"href":"http:\/\/hoycordobaweb.com\/index.php\/wp-json\/wp\/v2\/posts"}],"about":[{"href":"http:\/\/hoycordobaweb.com\/index.php\/wp-json\/wp\/v2\/types\/post"}],"author":[{"embeddable":true,"href":"http:\/\/hoycordobaweb.com\/index.php\/wp-json\/wp\/v2\/users\/1"}],"replies":[{"embeddable":true,"href":"http:\/\/hoycordobaweb.com\/index.php\/wp-json\/wp\/v2\/comments?post=27505"}],"version-history":[{"count":0,"href":"http:\/\/hoycordobaweb.com\/index.php\/wp-json\/wp\/v2\/posts\/27505\/revisions"}],"wp:featuredmedia":[{"embeddable":true,"href":"http:\/\/hoycordobaweb.com\/index.php\/wp-json\/wp\/v2\/media\/27506"}],"wp:attachment":[{"href":"http:\/\/hoycordobaweb.com\/index.php\/wp-json\/wp\/v2\/media?parent=27505"}],"wp:term":[{"taxonomy":"category","embeddable":true,"href":"http:\/\/hoycordobaweb.com\/index.php\/wp-json\/wp\/v2\/categories?post=27505"},{"taxonomy":"post_tag","embeddable":true,"href":"http:\/\/hoycordobaweb.com\/index.php\/wp-json\/wp\/v2\/tags?post=27505"}],"curies":[{"name":"wp","href":"https:\/\/api.w.org\/{rel}","templated":true}]}}