{"id":27460,"date":"2021-08-19T23:45:00","date_gmt":"2021-08-19T23:45:00","guid":{"rendered":"https:\/\/fm-comunicar.com.ar\/contenido\/18068\/presentan-un-pedido-para-tener-educacion-fisica-en-jardines-de-infantes-y-mayor-"},"modified":"2021-08-19T23:45:00","modified_gmt":"2021-08-19T23:45:00","slug":"presentan-un-pedido-para-tener-educacion-fisica-en-jardines-de-infantes-y-mayor-atencion-en-dispensarios-rurales","status":"publish","type":"post","link":"http:\/\/hoycordobaweb.com\/index.php\/2021\/08\/19\/presentan-un-pedido-para-tener-educacion-fisica-en-jardines-de-infantes-y-mayor-atencion-en-dispensarios-rurales\/","title":{"rendered":"Presentan un pedido para tener educaci\u00f3n f\u00edsica en jardines de infantes y mayor atenci\u00f3n en dispensarios rurales"},"content":{"rendered":"<p>Un hecho que enlut\u00f3 a un centro educativo de nivel inicial deriv\u00f3 en una presentaci\u00f3n a la Municipalidad para mejorar la atenci\u00f3n primaria de la salud a familias que viven en la zona rural.<img src=\"http:\/\/hoycordobaweb.com\/wp-content\/uploads\/2021\/08\/presentan-un-pedido-para-tener-educacion-fisica-en-jardines-de-infantes-y-mayor-atencion-en-dispensarios-rurales.jpg\"><\/p>\n","protected":false},"excerpt":{"rendered":"<p>Un hecho que enlut\u00f3 a un centro educativo de nivel inicial deriv\u00f3 en una presentaci\u00f3n a la Municipalidad para mejorar la atenci\u00f3n primaria de la salud a familias que viven en la zona rural.<\/p>\n","protected":false},"author":1,"featured_media":27461,"comment_status":"closed","ping_status":"closed","sticky":false,"template":"","format":"standard","meta":[],"categories":[18],"tags":[],"_links":{"self":[{"href":"http:\/\/hoycordobaweb.com\/index.php\/wp-json\/wp\/v2\/posts\/27460"}],"collection":[{"href":"http:\/\/hoycordobaweb.com\/index.php\/wp-json\/wp\/v2\/posts"}],"about":[{"href":"http:\/\/hoycordobaweb.com\/index.php\/wp-json\/wp\/v2\/types\/post"}],"author":[{"embeddable":true,"href":"http:\/\/hoycordobaweb.com\/index.php\/wp-json\/wp\/v2\/users\/1"}],"replies":[{"embeddable":true,"href":"http:\/\/hoycordobaweb.com\/index.php\/wp-json\/wp\/v2\/comments?post=27460"}],"version-history":[{"count":0,"href":"http:\/\/hoycordobaweb.com\/index.php\/wp-json\/wp\/v2\/posts\/27460\/revisions"}],"wp:featuredmedia":[{"embeddable":true,"href":"http:\/\/hoycordobaweb.com\/index.php\/wp-json\/wp\/v2\/media\/27461"}],"wp:attachment":[{"href":"http:\/\/hoycordobaweb.com\/index.php\/wp-json\/wp\/v2\/media?parent=27460"}],"wp:term":[{"taxonomy":"category","embeddable":true,"href":"http:\/\/hoycordobaweb.com\/index.php\/wp-json\/wp\/v2\/categories?post=27460"},{"taxonomy":"post_tag","embeddable":true,"href":"http:\/\/hoycordobaweb.com\/index.php\/wp-json\/wp\/v2\/tags?post=27460"}],"curies":[{"name":"wp","href":"https:\/\/api.w.org\/{rel}","templated":true}]}}