{"id":27458,"date":"2021-08-19T22:06:09","date_gmt":"2021-08-19T22:06:09","guid":{"rendered":"https:\/\/www.espinof.com\/series-de-ficcion\/yo-nunca-tendra-temporada-3-netflix-anuncia-renovacion-aclamada-serie-juvenil"},"modified":"2021-08-19T22:06:09","modified_gmt":"2021-08-19T22:06:09","slug":"yo-nunca-tendra-temporada-3-netflix-anuncia-la-renovacion-de-la-aclamada-serie-juvenil","status":"publish","type":"post","link":"http:\/\/hoycordobaweb.com\/index.php\/2021\/08\/19\/yo-nunca-tendra-temporada-3-netflix-anuncia-la-renovacion-de-la-aclamada-serie-juvenil\/","title":{"rendered":"&#8216;Yo nunca&#8217; tendr\u00e1 temporada 3: Netflix anuncia la renovaci\u00f3n de la aclamada serie juvenil"},"content":{"rendered":"<p><strong>Netflix<\/strong> ha decidido seguir confiando en <a href=\"https:\/\/www.espinof.com\/tag\/yo-nunca\">&#8216;Yo nunca&#8217;<\/a> y ha confirmado la renovaci\u00f3n de la serie juvenil por una <strong>tercera temporada<\/strong>. El anuncio llega apenas un mes despu\u00e9s del estreno de <a href=\"https:\/\/www.espinof.com\/criticas\/yo-nunca-temporada-2-magnifica-comedia-netflix-sube-nivel-su-deliciosa-mezcla-humor-ternura\">la segunda tanda de episodios<\/a> el pasado 15 de julio.<\/p>\n<p><!-- BREAK 1 --><\/p>\n<p>Creada por <strong>Mindy Kaling y Lang Fisher<\/strong>, &#8216;Yo nunca&#8217; se inspira en la infancia de la propia Kaling para contarnos la historia de Devi Vishwakumar, una joven de 15 a\u00f1os que est\u00e1 en pleno proceso de madurez, con la particularidad de que es una adolescente norteamericana de origen indio de primera generaci\u00f3n.<\/p>\n<p><!-- BREAK 2 --> <\/p>\n<div class=\"article-asset article-asset-normal article-asset-center\">\n<div class=\"desvio-container\">\n<div class=\"desvio\">\n<div class=\"desvio-figure js-desvio-figure\"> <a href=\"https:\/\/www.espinof.com\/listas\/mejores-series-netflix-2021\"> <img alt=\"Las 11 mejores series de Netflix en 2021 (por ahora)\" src=\"http:\/\/hoycordobaweb.com\/wp-content\/uploads\/2021\/08\/yo-nunca-tendra-temporada-3-netflix-anuncia-la-renovacion-de-la-aclamada-serie-juvenil.jpg\"> <\/a> <\/div><\/div><\/div>\n<\/div>\n<p>Protagonizada por <strong>Maitreyi Ramakrishnan<\/strong>, Richa Moorjani, Jaren Lewison, Darren Barnet, Poorna Jagannathan, Lee Rodriguez, Ramona Young y el tenista John McEnroe ejerciendo como narrador de casi todos los episodios, &#8216;Yo nunca&#8217; ha cosechado buen\u00edsimas cr\u00edticas y poco a poco m\u00e1s espectadores van d\u00e1ndole una oportunidad a la serie.<\/p>\n<p><!-- BREAK 3 --><\/p>\n<h2>El mensaje de las creadoras<\/h2>\n<p>Kaling y Fisher han aprovechado el anuncio de la renovaci\u00f3n de &#8216;Yo nunca&#8217; para lanzar un comunicado dando las gracias a Netflix y <strong>Universal Television<\/strong> por \u00ab<em>permitirnos seguir contando esta historia<\/em>\u00ab, pero tambi\u00e9n a los fans por el apoyo para \u00abver m\u00e1s sobre esta mal comportada adolescente india\u00bb.<\/p>\n<p><!-- BREAK 4 --><\/p>\n<p><strong>Se desconoce cu\u00e1ndo podremos ver<\/strong> la tercera temporada de &#8216;Yo nunca&#8217;, pero la primera se estren\u00f3 en abril de 2020 y la segunda en julio de este a\u00f1o. Si se mantiene la misma progresi\u00f3n, octubre de 2022 parece la fecha m\u00e1s probable a d\u00eda de hoy.<\/p>\n<p><!-- BREAK 5 --> <\/p>\n","protected":false},"excerpt":{"rendered":"<p>Netflix ha decidido seguir confiando en &#8216;Yo nunca&#8217; y ha confirmado la renovaci\u00f3n de la serie juvenil por una tercera temporada. El anuncio llega apenas un mes despu\u00e9s del estreno de la segunda tanda de episodios el pasado 15 de julio. Creada por Mindy Kaling y Lang Fisher, &#8216;Yo nunca&#8217; se inspira en la infancia [&hellip;]<\/p>\n","protected":false},"author":1,"featured_media":27459,"comment_status":"open","ping_status":"closed","sticky":false,"template":"","format":"standard","meta":[],"categories":[1],"tags":[],"_links":{"self":[{"href":"http:\/\/hoycordobaweb.com\/index.php\/wp-json\/wp\/v2\/posts\/27458"}],"collection":[{"href":"http:\/\/hoycordobaweb.com\/index.php\/wp-json\/wp\/v2\/posts"}],"about":[{"href":"http:\/\/hoycordobaweb.com\/index.php\/wp-json\/wp\/v2\/types\/post"}],"author":[{"embeddable":true,"href":"http:\/\/hoycordobaweb.com\/index.php\/wp-json\/wp\/v2\/users\/1"}],"replies":[{"embeddable":true,"href":"http:\/\/hoycordobaweb.com\/index.php\/wp-json\/wp\/v2\/comments?post=27458"}],"version-history":[{"count":0,"href":"http:\/\/hoycordobaweb.com\/index.php\/wp-json\/wp\/v2\/posts\/27458\/revisions"}],"wp:featuredmedia":[{"embeddable":true,"href":"http:\/\/hoycordobaweb.com\/index.php\/wp-json\/wp\/v2\/media\/27459"}],"wp:attachment":[{"href":"http:\/\/hoycordobaweb.com\/index.php\/wp-json\/wp\/v2\/media?parent=27458"}],"wp:term":[{"taxonomy":"category","embeddable":true,"href":"http:\/\/hoycordobaweb.com\/index.php\/wp-json\/wp\/v2\/categories?post=27458"},{"taxonomy":"post_tag","embeddable":true,"href":"http:\/\/hoycordobaweb.com\/index.php\/wp-json\/wp\/v2\/tags?post=27458"}],"curies":[{"name":"wp","href":"https:\/\/api.w.org\/{rel}","templated":true}]}}