{"id":27387,"date":"2021-08-17T15:20:05","date_gmt":"2021-08-17T15:20:05","guid":{"rendered":"http:\/\/fono.fcm.unc.edu.ar\/?p=6699"},"modified":"2021-08-17T15:20:05","modified_gmt":"2021-08-17T15:20:05","slug":"17-de-agosto-paso-a-la-inmortalidad-del-general-jose-de-san-martin","status":"publish","type":"post","link":"http:\/\/hoycordobaweb.com\/index.php\/2021\/08\/17\/17-de-agosto-paso-a-la-inmortalidad-del-general-jose-de-san-martin\/","title":{"rendered":"17 de agosto: Paso a la Inmortalidad del General Jos\u00e9 de San Mart\u00edn"},"content":{"rendered":"<h2 class=\"fusion-post-title\">17 de agosto: Paso a la Inmortalidad del General Jos\u00e9 de San Mart\u00edn<\/h2>\n<div class=\"post-content\" readability=\"40\">\n<p><img loading=\"lazy\" class=\"alignright wp-image-6700 size-fusion-400\" src=\"https:\/\/fono.fcm.unc.edu.ar\/wp-content\/uploads\/sites\/14\/2021\/08\/WhatsApp-Image-2021-08-17-at-10.26.42-400x400.jpeg\" alt width=\"400\" height=\"400\" srcset=\"https:\/\/fono.fcm.unc.edu.ar\/wp-content\/uploads\/sites\/14\/2021\/08\/WhatsApp-Image-2021-08-17-at-10.26.42-66x66.jpeg 66w, https:\/\/fono.fcm.unc.edu.ar\/wp-content\/uploads\/sites\/14\/2021\/08\/WhatsApp-Image-2021-08-17-at-10.26.42-150x150.jpeg 150w, https:\/\/fono.fcm.unc.edu.ar\/wp-content\/uploads\/sites\/14\/2021\/08\/WhatsApp-Image-2021-08-17-at-10.26.42-200x200.jpeg 200w, https:\/\/fono.fcm.unc.edu.ar\/wp-content\/uploads\/sites\/14\/2021\/08\/WhatsApp-Image-2021-08-17-at-10.26.42-300x300.jpeg 300w, https:\/\/fono.fcm.unc.edu.ar\/wp-content\/uploads\/sites\/14\/2021\/08\/WhatsApp-Image-2021-08-17-at-10.26.42-400x400.jpeg 400w, https:\/\/fono.fcm.unc.edu.ar\/wp-content\/uploads\/sites\/14\/2021\/08\/WhatsApp-Image-2021-08-17-at-10.26.42-600x600.jpeg 600w, https:\/\/fono.fcm.unc.edu.ar\/wp-content\/uploads\/sites\/14\/2021\/08\/WhatsApp-Image-2021-08-17-at-10.26.42-768x768.jpeg 768w, https:\/\/fono.fcm.unc.edu.ar\/wp-content\/uploads\/sites\/14\/2021\/08\/WhatsApp-Image-2021-08-17-at-10.26.42-800x800.jpeg 800w, https:\/\/fono.fcm.unc.edu.ar\/wp-content\/uploads\/sites\/14\/2021\/08\/WhatsApp-Image-2021-08-17-at-10.26.42-1024x1024.jpeg 1024w, https:\/\/fono.fcm.unc.edu.ar\/wp-content\/uploads\/sites\/14\/2021\/08\/WhatsApp-Image-2021-08-17-at-10.26.42.jpeg 1080w\" sizes=\"(max-width: 400px) 100vw, 400px\">El 17 de agosto se conmemora el paso a la inmortalidad del General Jos\u00e9 de San Mart\u00edn, considerado el Padre de la Patria. Jos\u00e9 Francisco de San Mart\u00edn y Matorras fue un militar y pol\u00edtico rioplatense y uno de los libertadores de Argentina, Chile y Per\u00fa. Simboliza el compromiso y el coraje en la conquista de la libertad y la independencia de los pueblos.<\/p>\n<p>Falleci\u00f3 el 17 de agosto de 1850 en Boulogne-sur Mer, Francia.<\/p>\n<\/p><\/div>\n","protected":false},"excerpt":{"rendered":"<p>17 de agosto: Paso a la Inmortalidad del General Jos\u00e9 de San Mart\u00edn El 17 de agosto se conmemora el paso a la inmortalidad del General Jos\u00e9 de San Mart\u00edn, considerado el Padre de la Patria. Jos\u00e9 Francisco de San Mart\u00edn y Matorras fue un militar y pol\u00edtico rioplatense y uno de los libertadores de [&hellip;]<\/p>\n","protected":false},"author":1,"featured_media":0,"comment_status":"closed","ping_status":"closed","sticky":false,"template":"","format":"standard","meta":[],"categories":[1],"tags":[],"_links":{"self":[{"href":"http:\/\/hoycordobaweb.com\/index.php\/wp-json\/wp\/v2\/posts\/27387"}],"collection":[{"href":"http:\/\/hoycordobaweb.com\/index.php\/wp-json\/wp\/v2\/posts"}],"about":[{"href":"http:\/\/hoycordobaweb.com\/index.php\/wp-json\/wp\/v2\/types\/post"}],"author":[{"embeddable":true,"href":"http:\/\/hoycordobaweb.com\/index.php\/wp-json\/wp\/v2\/users\/1"}],"replies":[{"embeddable":true,"href":"http:\/\/hoycordobaweb.com\/index.php\/wp-json\/wp\/v2\/comments?post=27387"}],"version-history":[{"count":0,"href":"http:\/\/hoycordobaweb.com\/index.php\/wp-json\/wp\/v2\/posts\/27387\/revisions"}],"wp:attachment":[{"href":"http:\/\/hoycordobaweb.com\/index.php\/wp-json\/wp\/v2\/media?parent=27387"}],"wp:term":[{"taxonomy":"category","embeddable":true,"href":"http:\/\/hoycordobaweb.com\/index.php\/wp-json\/wp\/v2\/categories?post=27387"},{"taxonomy":"post_tag","embeddable":true,"href":"http:\/\/hoycordobaweb.com\/index.php\/wp-json\/wp\/v2\/tags?post=27387"}],"curies":[{"name":"wp","href":"https:\/\/api.w.org\/{rel}","templated":true}]}}