{"id":27335,"date":"2021-08-17T22:40:37","date_gmt":"2021-08-17T22:40:37","guid":{"rendered":"http:\/\/ladecimaweb.com\/?p=10508"},"modified":"2021-08-17T22:40:37","modified_gmt":"2021-08-17T22:40:37","slug":"estoy-luchando-para-que-mia-vuelva-a-ser-la-nina-de-antes","status":"publish","type":"post","link":"http:\/\/hoycordobaweb.com\/index.php\/2021\/08\/17\/estoy-luchando-para-que-mia-vuelva-a-ser-la-nina-de-antes\/","title":{"rendered":"\u201cEstoy luchando para que M\u00eda vuelva a ser la ni\u00f1a de antes\u201d"},"content":{"rendered":"<p>&#8220;Tranqui, tranqui, ya vamos a la cama&#8221;, le dice Jessica del Milagro Ortiz a su hija M\u00eda, mientras la sostiene en brazos. M\u00eda perdi\u00f3 el habla y solo se comunica con balbuceos. Alterna los brazos de mam\u00e1, con la cama. Es todo el tiempo as\u00ed. Las 24 horas del d\u00eda. &#8220;A la noche le cuesta dormirse, desde que empez\u00f3 a estar mal&#8221;, cuenta Jessica, jefa de hogar con tres menores a cargo.<\/p>\n<p>La t\u00eda de M\u00eda cuenta que en la entrevista con el noticiero de canal 8 &#8220;M\u00eda se larg\u00f3 a llorar porque ella siente y entiende todo&#8221;.<\/p>\n<p>No fue f\u00e1cil hacer esta nota. El estado de M\u00eda conmueve. Duele ver el contraste: fotos de M\u00eda de hace un mes y medio atr\u00e1s haciendo vida normal, y la M\u00eda fr\u00e1gil y enferma de ahora en brazos de su madre o postrada en la cama sin control sobre su cuerpo. Dependiendo de un tercero para vivir.<\/p>\n<p>La D\u00e9cima hab\u00eda presentado este caso el 9 de agosto con una nota titulada &#8220;Salvemos a M\u00eda&#8221;. Pero hoy martes 17 de agosto, estuvimos en la casa de la familia, en Cajamarca y Cumbre del Perchel, entre Villa El Libertador y Santa Isabel.<\/p>\n<p>Jessica cuenta los comienzos. &#8220;El 31 de enero, empez\u00f3 con dolores de cabeza muy intensos y la dejaron diez d\u00edas internada hasta que lograron calmarlos. All\u00ed le hacen una resonancia y descubren un tumor tronco cerebral de 43 mil\u00edmetros&#8221;. Prosigue: &#8220;Sali\u00f3 muy bien del alta, en febrero empezamos los tr\u00e1mites para la quimio, a las cuatro semanas empez\u00f3 radioterapia, fueron cinco d\u00edas de rayos intensos, perdi\u00f3 el pelo, tuvo v\u00f3mitos y mareos, fueron d\u00edas bastantes feos pero lo fue superando&#8221;.<\/p>\n<p><img loading=\"lazy\" class=\" wp-image-10513 aligncenter\" src=\"http:\/\/hoycordobaweb.com\/wp-content\/uploads\/2021\/08\/estoy-luchando-para-que-mia-vuelva-a-ser-la-nina-de-antes.jpg\" alt=\"\" width=\"500\" height=\"375\" srcset=\"http:\/\/hoycordobaweb.com\/wp-content\/uploads\/2021\/08\/estoy-luchando-para-que-mia-vuelva-a-ser-la-nina-de-antes.jpg 1600w, http:\/\/hoycordobaweb.com\/wp-content\/uploads\/2021\/08\/estoy-luchando-para-que-mia-vuelva-a-ser-la-nina-de-antes-2.jpg 592w, http:\/\/hoycordobaweb.com\/wp-content\/uploads\/2021\/08\/estoy-luchando-para-que-mia-vuelva-a-ser-la-nina-de-antes-3.jpg 768w, http:\/\/hoycordobaweb.com\/wp-content\/uploads\/2021\/08\/estoy-luchando-para-que-mia-vuelva-a-ser-la-nina-de-antes-4.jpg 1536w\" sizes=\"(max-width: 500px) 100vw, 500px\" \/><\/p>\n<p>&#8220;El retroceso de M\u00eda se produce en julio cuando la obra social nos deja sin medicaci\u00f3n para las quimios, en tres d\u00edas dej\u00f3 de hablar, de mover manos y piernas, no se pod\u00eda sentar&#8221;, cuenta Jessica, quien tuvo que dejar su trabajo como empleada de limpieza para dedicarse a M\u00eda. &#8220;El m\u00e9dico me dijo que esto pod\u00eda ser por la falta de quimio y medicaci\u00f3n o porque el tumor crece&#8221;. El nombre de la obra social es Boreal.<\/p>\n<p>&#8220;El tumor que tiene no se puede operar pero va afectando su coraz\u00f3n, respiraci\u00f3n y psicomotriz&#8221;, apunta su mam\u00e1, quien ante las bajas expectativas de vida que le dieron aqu\u00ed empez\u00f3 a averiguar de otros casos similares hasta que dieron con la familia de Delfina, otra ni\u00f1a de Villa Mar\u00eda con igual diagn\u00f3stico.<\/p>\n<p>&#8220;El pap\u00e1 nos cuenta del tratamiento en Estados Unidos que consiste en quimioterapias con otra medicaci\u00f3n que le puede salvar la vida&#8221;, rese\u00f1a Jessica. &#8220;Hemos charlado con familias de ni\u00f1os que lo hicieron y superaron el c\u00e1ncer. Hablamos con una chica de 20 a\u00f1os, de Bell Ville, llamada Celeste que hace diez a\u00f1os hizo el tratamiento all\u00e1 y est\u00e1 bien&#8221;, relata la mam\u00e1 de M\u00eda.<\/p>\n<p><img loading=\"lazy\" class=\"wp-image-10514 aligncenter\" src=\"http:\/\/hoycordobaweb.com\/wp-content\/uploads\/2021\/08\/estoy-luchando-para-que-mia-vuelva-a-ser-la-nina-de-antes-1.jpg\" alt=\"\" width=\"313\" height=\"313\" srcset=\"http:\/\/hoycordobaweb.com\/wp-content\/uploads\/2021\/08\/estoy-luchando-para-que-mia-vuelva-a-ser-la-nina-de-antes-1.jpg 720w, http:\/\/hoycordobaweb.com\/wp-content\/uploads\/2021\/08\/estoy-luchando-para-que-mia-vuelva-a-ser-la-nina-de-antes-5.jpg 444w\" sizes=\"(max-width: 313px) 100vw, 313px\" \/><\/p>\n<p>El tratamiento tiene un costo de 350 mil d\u00f3lares. Para costearlo, la familia de M\u00eda inici\u00f3 una cruzada solidaria para recibir donaciones a trav\u00e9s de la apertura de una cuenta bancaria cuyo CBU es: \u00a00200931911000020433608<\/p>\n<p>El 13 de setiembre, M\u00eda ser\u00e1 sometida a una nueva resonancia para determinar la evoluci\u00f3n del tumor.<\/p>\n<div class=\"fitvids-video\"><iframe title=\"Todos por M\u00eda\" width=\"800\" height=\"450\" src=\"https:\/\/www.youtube.com\/embed\/4NizWqXnCM4?feature=oembed\" frameborder=\"0\" allow=\"accelerometer; autoplay; clipboard-write; encrypted-media; gyroscope; picture-in-picture\" allowfullscreen><\/iframe><\/div>\n<div class=\"ubm_banner\"><a href=\"https:\/\/youtu.be\/PPZcx3DZupk\" target=\"_blank\" rel=\"dofollow noopener noreferrer\"><img src=\"http:\/\/hoycordobaweb.com\/wp-content\/uploads\/2021\/08\/estoy-luchando-para-que-mia-vuelva-a-ser-la-nina-de-antes.gif\" alt=\"\"><\/a><\/div>\n<p>La entrada <a rel=\"nofollow\" href=\"https:\/\/ladecimaweb.com\/estoy-luchando-para-que-mia-vuelva-a-ser-la-nina-de-antes\/\">&#8220;Estoy luchando para que M\u00eda vuelva a ser la ni\u00f1a de antes&#8221;<\/a> se public\u00f3 primero en <a rel=\"nofollow\" href=\"https:\/\/ladecimaweb.com\">LaDecima<\/a>.<\/p>\n","protected":false},"excerpt":{"rendered":"<p>&#8220;Tranqui, tranqui, ya vamos a la cama&#8221;, le dice Jessica del Milagro Ortiz a su hija M\u00eda, mientras la sostiene en brazos. M\u00eda perdi\u00f3 el habla y solo se comunica con balbuceos. Alterna los brazos de mam\u00e1, con la cama. Es todo el tiempo as\u00ed. Las 24 horas del d\u00eda. &#8220;A la noche le cuesta [&hellip;]<\/p>\n","protected":false},"author":1,"featured_media":27336,"comment_status":"closed","ping_status":"closed","sticky":false,"template":"","format":"standard","meta":[],"categories":[19],"tags":[],"_links":{"self":[{"href":"http:\/\/hoycordobaweb.com\/index.php\/wp-json\/wp\/v2\/posts\/27335"}],"collection":[{"href":"http:\/\/hoycordobaweb.com\/index.php\/wp-json\/wp\/v2\/posts"}],"about":[{"href":"http:\/\/hoycordobaweb.com\/index.php\/wp-json\/wp\/v2\/types\/post"}],"author":[{"embeddable":true,"href":"http:\/\/hoycordobaweb.com\/index.php\/wp-json\/wp\/v2\/users\/1"}],"replies":[{"embeddable":true,"href":"http:\/\/hoycordobaweb.com\/index.php\/wp-json\/wp\/v2\/comments?post=27335"}],"version-history":[{"count":0,"href":"http:\/\/hoycordobaweb.com\/index.php\/wp-json\/wp\/v2\/posts\/27335\/revisions"}],"wp:featuredmedia":[{"embeddable":true,"href":"http:\/\/hoycordobaweb.com\/index.php\/wp-json\/wp\/v2\/media\/27336"}],"wp:attachment":[{"href":"http:\/\/hoycordobaweb.com\/index.php\/wp-json\/wp\/v2\/media?parent=27335"}],"wp:term":[{"taxonomy":"category","embeddable":true,"href":"http:\/\/hoycordobaweb.com\/index.php\/wp-json\/wp\/v2\/categories?post=27335"},{"taxonomy":"post_tag","embeddable":true,"href":"http:\/\/hoycordobaweb.com\/index.php\/wp-json\/wp\/v2\/tags?post=27335"}],"curies":[{"name":"wp","href":"https:\/\/api.w.org\/{rel}","templated":true}]}}