{"id":27333,"date":"2021-08-18T01:03:00","date_gmt":"2021-08-18T01:03:00","guid":{"rendered":"http:\/\/hoycordobaweb.com\/index.php\/2021\/08\/18\/malala-yousafzai-expreso-temor-por-las-mujeres-y-ninas-afganas\/"},"modified":"2021-08-18T01:03:00","modified_gmt":"2021-08-18T01:03:00","slug":"malala-yousafzai-expreso-temor-por-las-mujeres-y-ninas-afganas","status":"publish","type":"post","link":"http:\/\/hoycordobaweb.com\/index.php\/2021\/08\/18\/malala-yousafzai-expreso-temor-por-las-mujeres-y-ninas-afganas\/","title":{"rendered":"Malala Yousafzai expres\u00f3 temor por las mujeres y ni\u00f1as afganas"},"content":{"rendered":"<p><img src=\"http:\/\/hoycordobaweb.com\/wp-content\/uploads\/2021\/08\/malala-yousafzai-expreso-temor-por-las-mujeres-y-ninas-afganas.jpg\"><\/p>\n<div class=\"image\" id=\"image\" readability=\"8\"> <img src=\"http:\/\/hoycordobaweb.com\/wp-content\/uploads\/2021\/08\/malala-yousafzai-expreso-temor-por-las-mujeres-y-ninas-afganas-2.jpg\" alt=\"La activista paquistan\u00ed Malala expres\u00f3 que &quot;no hay tiempo que perder&quot; para ayudar a las mujeres afganas\" title=\"La activista paquistan\u00ed Malala expres\u00f3 que &quot;no hay tiempo que perder&quot; para ayudar a las mujeres afganas\"><\/p>\n<p>La activista paquistan\u00ed Malala expres\u00f3 que \u00abno hay tiempo que perder\u00bb para ayudar a las mujeres afganas<\/p>\n<\/div>\n<p>La activista feminista paquistan\u00ed y Premio Nobel de la Paz 2014, Malala Yousafzai, expres\u00f3 este martes su preocupaci\u00f3n a causa del regreso el domingo pasado de los talibanes al poder despu\u00e9s de 20 a\u00f1os de guerra, pidi\u00f3 una respuesta internacional para ayudar a las mujeres y ni\u00f1as afganas, y equipar\u00f3 la situaci\u00f3n que actualmente se vive all\u00ed con lo que ella sufri\u00f3 en 2012, cuando los milicianos islamistas la atacaron en su Pakist\u00e1n natal.<\/p>\n<p><strong>\u00abComo muchas mujeres, temo por mis hermanas afganas\u00bb, escribi\u00f3 la joven<\/strong> y se sum\u00f3 a una larga lista de organizaciones y l\u00edderes que exigieron garantizar los derechos de las mujeres y las ni\u00f1as a los talibanes, quienes durante su Gobierno anterior, en la segunda mitad de los 90, aplicaron una versi\u00f3n ultra rigurosa de la ley isl\u00e1mica.<\/p>\n<p><strong>En 2012, Malala fue alcanzada por una bala en la cabeza tras haber promovido la educaci\u00f3n de las ni\u00f1as y j\u00f3venes, por lo que la entonces adolescente de 15 a\u00f1os debi\u00f3 ser trasladada de urgencia a un hospital de Birmingham<\/strong>, en el Reino Unido, donde seis horas m\u00e1s tarde recuper\u00f3 la conciencia.<\/p>\n<p>Ahora, con 24 a\u00f1os, reside en ese pa\u00eds con su familia y culmin\u00f3 sus estudios en la prestigiosa Universidad de Oxford.<\/p>\n<p>\u00abNo puedo menos que sentirme agradecida por mi vida hoy. Despu\u00e9s de graduarme de la universidad el a\u00f1o pasado y comenzar a forjar mi propia carrera, no puedo imaginarme perdi\u00e9ndolo todo, volviendo a una vida dictada por hombres armados\u00bb, escribi\u00f3.<\/p>\n<p><strong>\u00abLas ni\u00f1as y j\u00f3venes afganas se encuentran una vez m\u00e1s en una situaci\u00f3n en la que yo me he encontrado, desesperada porque nunca se les permitir\u00e1 regresar a un aula o llevar un libro\u00bb<\/strong>, precis\u00f3, citada por la agencia de noticias AFP.<\/p>\n<p>Malala pidi\u00f3 una respuesta internacional para ayudar a las mujeres y ni\u00f1as afganas.<\/p>\n<div class=\"image\" id=\"image\" readability=\"9\"> <img src=\"http:\/\/hoycordobaweb.com\/wp-content\/uploads\/2021\/08\/malala-yousafzai-expreso-temor-por-las-mujeres-y-ninas-afganas-3.jpg\" alt=\"&quot;Las ni\u00f1as y j\u00f3venes afganas se encuentran una vez m\u00e1s en una situaci\u00f3n en la que yo me he encontrado&quot;, dijo Malala\" title=\"&quot;Las ni\u00f1as y j\u00f3venes afganas se encuentran una vez m\u00e1s en una situaci\u00f3n en la que yo me he encontrado&quot;, dijo Malala\"><\/p>\n<p>\u00abLas ni\u00f1as y j\u00f3venes afganas se encuentran una vez m\u00e1s en una situaci\u00f3n en la que yo me he encontrado\u00bb, dijo Malala<\/p>\n<\/div>\n<p><br open><br \/>\n<strong>\u00abPiden protecci\u00f3n, educaci\u00f3n, libertad y el futuro que se les prometi\u00f3. No podemos seguir defraud\u00e1ndolas. No tenemos tiempo que perder\u00bb, <\/strong>exhort\u00f3 la activista.<\/p>\n<p>Cuando los talibanes gobernaron Afganist\u00e1n, entre 1996 y 2001, las escuelas de ni\u00f1as permanecieron cerradas, las mujeres no pod\u00edan viajar ni trabajar y estaban obligadas a llevar en p\u00fablico un burka, velo integral que cubre todo el cuerpo y el rostro, con una rejilla de tela a nivel de los ojos.<\/p>\n<p><strong>Durante el lustro que dur\u00f3 ese Gobierno, las mujeres ten\u00edan prohibido salir de sus casas si no eran acompa\u00f1adas por un var\u00f3n de sus familias, y en las plazas de las ciudades y en los estadios ten\u00edan lugar adem\u00e1s flagelaciones y ejecuciones,<\/strong> incluidas lapidaciones por denuncias de adulterio.<\/p>\n<p>Este martes, en un intento por diferenciarse de ese primer Gobierno talib\u00e1n, un vocero del movimiento islamista que recuper\u00f3 el poder anunci\u00f3 que el uso del burka no ser\u00e1 obligatorio para las mujeres, ya que \u00abexisten diferentes tipos de velo\u00bb, y que tambi\u00e9n podr\u00e1n recibir educaci\u00f3n de todos los niveles.<\/p>\n<p>\u00abEl burka no es el \u00fanico hiyab (velo) que puede llevarse. Existen diferentes tipos de hiyab que no se limitan al burka\u00bb, declar\u00f3 Suhail Shaheen, citado por la cadena de noticias Sky News. <\/p>\n","protected":false},"excerpt":{"rendered":"<p>La activista paquistan\u00ed Malala expres\u00f3 que \u00abno hay tiempo que perder\u00bb para ayudar a las mujeres afganas La activista feminista paquistan\u00ed y Premio Nobel de la Paz 2014, Malala Yousafzai, expres\u00f3 este martes su preocupaci\u00f3n a causa del regreso el domingo pasado de los talibanes al poder despu\u00e9s de 20 a\u00f1os de guerra, pidi\u00f3 una [&hellip;]<\/p>\n","protected":false},"author":1,"featured_media":27334,"comment_status":"open","ping_status":"closed","sticky":false,"template":"","format":"standard","meta":[],"categories":[24],"tags":[],"_links":{"self":[{"href":"http:\/\/hoycordobaweb.com\/index.php\/wp-json\/wp\/v2\/posts\/27333"}],"collection":[{"href":"http:\/\/hoycordobaweb.com\/index.php\/wp-json\/wp\/v2\/posts"}],"about":[{"href":"http:\/\/hoycordobaweb.com\/index.php\/wp-json\/wp\/v2\/types\/post"}],"author":[{"embeddable":true,"href":"http:\/\/hoycordobaweb.com\/index.php\/wp-json\/wp\/v2\/users\/1"}],"replies":[{"embeddable":true,"href":"http:\/\/hoycordobaweb.com\/index.php\/wp-json\/wp\/v2\/comments?post=27333"}],"version-history":[{"count":0,"href":"http:\/\/hoycordobaweb.com\/index.php\/wp-json\/wp\/v2\/posts\/27333\/revisions"}],"wp:featuredmedia":[{"embeddable":true,"href":"http:\/\/hoycordobaweb.com\/index.php\/wp-json\/wp\/v2\/media\/27334"}],"wp:attachment":[{"href":"http:\/\/hoycordobaweb.com\/index.php\/wp-json\/wp\/v2\/media?parent=27333"}],"wp:term":[{"taxonomy":"category","embeddable":true,"href":"http:\/\/hoycordobaweb.com\/index.php\/wp-json\/wp\/v2\/categories?post=27333"},{"taxonomy":"post_tag","embeddable":true,"href":"http:\/\/hoycordobaweb.com\/index.php\/wp-json\/wp\/v2\/tags?post=27333"}],"curies":[{"name":"wp","href":"https:\/\/api.w.org\/{rel}","templated":true}]}}