{"id":2732,"date":"2020-10-03T20:50:00","date_gmt":"2020-10-03T20:50:00","guid":{"rendered":"http:\/\/hoycordobaweb.com\/index.php\/2020\/10\/03\/con-pedidos-por-los-trabajadores-de-salud-miles-de-fieles-siguieron-la-peregrinacion-virtual-a-lujan\/"},"modified":"2020-10-03T20:50:00","modified_gmt":"2020-10-03T20:50:00","slug":"con-pedidos-por-los-trabajadores-de-salud-miles-de-fieles-siguieron-la-peregrinacion-virtual-a-lujan","status":"publish","type":"post","link":"http:\/\/hoycordobaweb.com\/index.php\/2020\/10\/03\/con-pedidos-por-los-trabajadores-de-salud-miles-de-fieles-siguieron-la-peregrinacion-virtual-a-lujan\/","title":{"rendered":"Con pedidos por los trabajadores de salud, miles de fieles siguieron la peregrinaci\u00f3n virtual a Luj\u00e1n"},"content":{"rendered":"<p><img src=\"http:\/\/hoycordobaweb.com\/wp-content\/uploads\/2020\/10\/con-pedidos-por-los-trabajadores-de-salud-miles-de-fieles-siguieron-la-peregrinacion-virtual-a-lujan.jpg\"><\/p>\n<div class=\"image\" id=\"image\" readability=\"9\"> <img src=\"http:\/\/hoycordobaweb.com\/wp-content\/uploads\/2020\/10\/con-pedidos-por-los-trabajadores-de-salud-miles-de-fieles-siguieron-la-peregrinacion-virtual-a-lujan-2.jpg\" alt=\"\u201cVirtual no quiere decir que no sea real\u201d, dijo Ares mientras la imagen de la virgen iniciaba su hist\u00f3rica peregrinaci\u00f3n.\" title=\"\u201cVirtual no quiere decir que no sea real\u201d, dijo Ares mientras la imagen de la virgen iniciaba su hist\u00f3rica peregrinaci\u00f3n.\"><\/p>\n<p>\u201cVirtual no quiere decir que no sea real\u201d, dijo Ares mientras la imagen de la virgen iniciaba su hist\u00f3rica peregrinaci\u00f3n.<\/p>\n<\/div>\n<p>Con oraciones, m\u00fasica, bendiciones y pedidos por los trabajadores de salud y los fallecidos por el coronavirus, miles de fieles se sumaron, de manera virtual, a la 46\u00ba Peregrinaci\u00f3n Juvenil a Luj\u00e1n siguiendo el trayecto que une el santuario de San Cayetano, en el barrio porte\u00f1o de Liniers, con la bas\u00edlica de Luj\u00e1n, a trav\u00e9s de una \u00abmegatransmisi\u00f3n\u00bb en vivo por las redes sociales.<\/p>\n<p><strong>La transmisi\u00f3n, que inici\u00f3 a las 6, acompa\u00f1\u00f3 a los peregrinos durante todo el d\u00eda con distintos contenidos, que incluyen cada hora un rezo por una intenci\u00f3n puntual que es anunciada por fieles de distintos puntos del pa\u00eds<\/strong>, tras ser anotadas en las p\u00e1ginas web <a href=\"http:\/\/www.santuariodelujan.org.ar\" target=\"_blank\" rel=\"noopener noreferrer\">www.santuariodelujan.org.ar<\/a> y <a href=\"http:\/\/www.santuariodelujan.org.ar\/\" target=\"_blank\" rel=\"noopener noreferrer\">www.peregrinacionlujan.org.ar<\/a>.<\/p>\n<p><strong>\u00abPor los trabajadores del sistema de salud, por los que fallecieron a causa del Covid-19 y el consuelo de sus familiares, por el trabajo, por los que est\u00e1n afrontando los incendios\u00bb, fueron algunas de las intenciones durante la ma\u00f1ana del s\u00e1bado<\/strong>.<\/p>\n<p>Adem\u00e1s, se compartieron habituales gestos de las peregrinaciones a pie a Luj\u00e1n, como relatos y an\u00e9cdotas contadas en primera persona por fieles que realizan la caminata todos los a\u00f1os.<\/p>\n<p>Durante la transmisi\u00f3n se escucharon testimonios de los organizadores de la primera peregrinaci\u00f3n, en 1975, que hicieron un recorrido hist\u00f3rico hasta estos d\u00edas, en un a\u00f1o marcado por la pandemia de coronavirus.<\/p>\n<p>Una peregrinaci\u00f3n diferente<\/p>\n<div class=\"image\" id=\"image\" readability=\"10\"> <img src=\"http:\/\/hoycordobaweb.com\/wp-content\/uploads\/2020\/10\/con-pedidos-por-los-trabajadores-de-salud-miles-de-fieles-siguieron-la-peregrinacion-virtual-a-lujan-3.jpg\" alt=\"El obispo reiter\u00f3 el pedido para que los fieles no salgan a la ruta, sino que acompa\u00f1en desde sus hogares, con una vela.\" title=\"El obispo reiter\u00f3 el pedido para que los fieles no salgan a la ruta, sino que acompa\u00f1en desde sus hogares, con una vela.\"><\/p>\n<p>El obispo reiter\u00f3 el pedido para que los fieles no salgan a la ruta, sino que acompa\u00f1en desde sus hogares, con una vela.<\/p>\n<\/div>\n<p>Sin peregrinos en la ruta, a las 9.16, la imagen de Virgen de Luj\u00e1n comenz\u00f3 a recorrer virtualmente el camino para hacer escalas, tambi\u00e9n virtuales, en los puntos donde habitualmente hay paradas para que los peregrinos descansen cuando esta manifestaci\u00f3n de fe tradicional es presencial.<\/p>\n<p>El obispo auxiliar de Buenos Aires, Juan Carlos Ares, presidi\u00f3 en el santuario de San Cayetano la bendici\u00f3n de la imagen de la Virgen de Luj\u00e1n, que por primera vez en 45 a\u00f1os inici\u00f3 su peregrinaci\u00f3n sin fieles acompa\u00f1\u00e1ndola por la ruta, aunque si desde sus casos de manera virtual.<\/p>\n<p><strong>\u201cBuenos d\u00edas, queridos peregrinos, desde el santuario de San Cayetano. Como todos los a\u00f1os hacemos esta peregrinaci\u00f3n a Luj\u00e1n, este a\u00f1o de manera virtual. Siempre cuando peregrinamos preparamos los brazos, las piernas, los j\u00f3venes lo hacen de coraz\u00f3n, algunos desde una cama de hospital, desde el pabell\u00f3n de la c\u00e1rcel, desde el comedor de los geri\u00e1tricos, desde el living de casa, desde el lugar de trabajo\u201d, dijo Ares frente a la imagen en el templo de San Cayetano<\/strong>.<\/p>\n<p>El obispo pidi\u00f3 a los fieles que acompa\u00f1aban la salida de la peregrinaci\u00f3n por streaming que \u201cpongamos la mano en el coraz\u00f3n para preparar esta peregrinaci\u00f3n interior, porque la Virgen va a visitar cada coraz\u00f3n\u201d.<\/p>\n<p>Luego Ares repiti\u00f3 el lema de este a\u00f1o \u201cMadre, abr\u00e1zanos. Queremos seguir caminando\u201d e imparti\u00f3 la bendici\u00f3n a los asistentes a una breve y sentida celebraci\u00f3n, de la que participaron el rector del santuario de San Cayetano, Alejandro Vignale; el vicario Daniel Pelliz\u00f3n; el coordinador de la Peregrinaci\u00f3n, Juan Bautista Xatruch; y algunos servidores del templo.<\/p>\n<p>\u201cVirtual no quiere decir que no sea real\u201d, dijo Ares a los medios al salir de San Cayetano, mientras la imagen era subida a una camioneta para iniciar su hist\u00f3rica peregrinaci\u00f3n, en un a\u00f1o marcado por la pandemia de coronavirus.<\/p>\n<p>El obispo reiter\u00f3 el pedido para que los fieles no salgan a la ruta, sino que \u201cacompa\u00f1en la peregrinaci\u00f3n desde sus hogares, con una vela, una flor, una imagen y la Virgen los visitar\u00e1 en sus propias casas\u201d.<\/p>\n<p>La peregrinaci\u00f3n virtual puede seguirse a trav\u00e9s de las redes sociales Facebook, YouTube, Instagram y en Twitter (@LaPereLujan y @santuariodelujan) y por el canal Santa Mar\u00eda, en el 424 de Cablevisi\u00f3n. Adem\u00e1s, tambi\u00e9n ser\u00e1 transmitido por las redes del santuario de Luj\u00e1n.<\/p>\n<p>La misa central ser\u00e1 presidida por el arzobispo de Buenos Aires, Mario Poli en la Bas\u00edlica de Luj\u00e1n a las 19.<\/p>\n<p>Ser\u00e1n concelebrantes en la misa, el presidente de la Conferencia Episcopal Argentina, monse\u00f1or Oscar Ojea, y el arzobispo de Mercdes-Luj\u00e1n, monse\u00f1or Jorge Eduardo Scheinig.<\/p>\n<p>El saludo del papa Francisco<\/p>\n<p>El Sumo Pont\u00edfice <strong><a href=\"https:\/\/www.telam.com.ar\/notas\/202010\/520770-peregrinacin-lujan-papa-francisco.html\" target=\"_blank\" rel=\"noopener noreferrer\">envi\u00f3 un mensaje esperanzador a los \u00abperegrinos virtuales\u00bb de la 46\u00aa edici\u00f3n de la Peregrinaci\u00f3n Juvenil al Santuario de Luj\u00e1n<\/a><\/strong>.<\/p>\n<p>\u201cEstamos haciendo de manera virtual esta Peregrinaci\u00f3n Juvenil a Luj\u00e1n. Tristes y apesadumbrados por todos los problemas que se est\u00e1n generando continuamente\u201d, comenz\u00f3 su videomensaje Francisco. <\/p>\n","protected":false},"excerpt":{"rendered":"<p>\u201cVirtual no quiere decir que no sea real\u201d, dijo Ares mientras la imagen de la virgen iniciaba su hist\u00f3rica peregrinaci\u00f3n. Con oraciones, m\u00fasica, bendiciones y pedidos por los trabajadores de salud y los fallecidos por el coronavirus, miles de fieles se sumaron, de manera virtual, a la 46\u00ba Peregrinaci\u00f3n Juvenil a Luj\u00e1n siguiendo el trayecto [&hellip;]<\/p>\n","protected":false},"author":1,"featured_media":2733,"comment_status":"open","ping_status":"closed","sticky":false,"template":"","format":"standard","meta":[],"categories":[19],"tags":[],"_links":{"self":[{"href":"http:\/\/hoycordobaweb.com\/index.php\/wp-json\/wp\/v2\/posts\/2732"}],"collection":[{"href":"http:\/\/hoycordobaweb.com\/index.php\/wp-json\/wp\/v2\/posts"}],"about":[{"href":"http:\/\/hoycordobaweb.com\/index.php\/wp-json\/wp\/v2\/types\/post"}],"author":[{"embeddable":true,"href":"http:\/\/hoycordobaweb.com\/index.php\/wp-json\/wp\/v2\/users\/1"}],"replies":[{"embeddable":true,"href":"http:\/\/hoycordobaweb.com\/index.php\/wp-json\/wp\/v2\/comments?post=2732"}],"version-history":[{"count":0,"href":"http:\/\/hoycordobaweb.com\/index.php\/wp-json\/wp\/v2\/posts\/2732\/revisions"}],"wp:featuredmedia":[{"embeddable":true,"href":"http:\/\/hoycordobaweb.com\/index.php\/wp-json\/wp\/v2\/media\/2733"}],"wp:attachment":[{"href":"http:\/\/hoycordobaweb.com\/index.php\/wp-json\/wp\/v2\/media?parent=2732"}],"wp:term":[{"taxonomy":"category","embeddable":true,"href":"http:\/\/hoycordobaweb.com\/index.php\/wp-json\/wp\/v2\/categories?post=2732"},{"taxonomy":"post_tag","embeddable":true,"href":"http:\/\/hoycordobaweb.com\/index.php\/wp-json\/wp\/v2\/tags?post=2732"}],"curies":[{"name":"wp","href":"https:\/\/api.w.org\/{rel}","templated":true}]}}