{"id":27291,"date":"2021-08-16T17:04:18","date_gmt":"2021-08-16T17:04:18","guid":{"rendered":"https:\/\/www.mujerhoy.com\/moda\/no-te-pierdas\/bolso-acolchado-hym-barato-cadena-tendencia-pega-con-todo-comodo-20210816184817-nt.html"},"modified":"2021-08-16T17:04:18","modified_gmt":"2021-08-16T17:04:18","slug":"blanco-o-negro-el-bolso-acolchado-tendencia-de-hm-que-no-te-vas-a-quitar-en-todo-el-ano","status":"publish","type":"post","link":"http:\/\/hoycordobaweb.com\/index.php\/2021\/08\/16\/blanco-o-negro-el-bolso-acolchado-tendencia-de-hm-que-no-te-vas-a-quitar-en-todo-el-ano\/","title":{"rendered":"Blanco o negro: El bolso acolchado tendencia de H&amp;M que no te vas a quitar en todo el a\u00f1o"},"content":{"rendered":"<p><!-- AUTHOR --><!-- COMPONENTS --><\/p>\n<p class=\"voc-paragraph\">Entre nuestros <strong>favoritos de la temporada de H&amp;M<\/strong> se encuentran <strong>looks tendencia <\/strong>como<br \/>\n<a data-voc-vtm-id=\"in-text-traffic\" href=\"https:\/\/www.mujerhoy.com\/moda\/no-te-pierdas\/conjunto-estampado-hym-barato-rayas-cuadros-look-verano-tendencia-20210814162028-nt.html\"> estos conjuntos estampados<\/a> o <a data-voc-vtm-id=\"in-text-traffic\" href=\"https:\/\/www.mujerhoy.com\/moda\/no-te-pierdas\/chaqueta-acolchada-hym-corta-vuelo-espalda-arrasa-influencers-tendencia-otono-20210811173347-nt.html\">esta chaqueta acolchada<\/a> que te va a solucionar el entretiempo. Sin embargo, despu\u00e9s de ver los favoritos de la modelo y pintora Torin Ashtun, hemos a\u00f1adido a nuestra &#8216;wishlist&#8217; de cosas que comprar s\u00ed o s\u00ed<br \/>\n<strong> un bolso s\u00faper pr\u00e1ctico y perfecto para usar todo el a\u00f1o<\/strong>.\n<\/p>\n<div class=\"voc-detail__cmp\">\n<div class=\"voc-article-container\">\n<article class=\"voc-article voc-article--cmp-photo-text\">\n<div class=\"voc-img-container\"><picture>\n<div class=\"voc-horizontal voc-img-icon-link\"><img class=\"lazy\" loading=\"lazy\" data-original=\"\/\/static.mujerhoy.com\/www\/multimedia\/202108\/16\/media\/cortadas\/bolso-hym-negro-barato-kLO--624x624@MujerHoy.jpg\" alt=\"Torin Ashtun.\"><\/div>\n<\/picture>\n<p class=\"figure-caption \"> Torin Ashtun. \/ <span class=\"voc-photo-author\"> H&amp;M <\/span><\/p>\n<\/div>\n<\/article>\n<\/div>\n<\/div>\n<p class=\"voc-paragraph\">Torin tiene una visi\u00f3n de la moda desenfadada y describe su estilo como \u00abc\u00f3modo y mon\u00f3tono\u00bb. \u00abLos pantalones vaqueros de campana son mis favoritos. Son resistentes e informales, lo que los convierte en la prenda perfecta para llevar a diario\u00bb, dice Torin. Adem\u00e1s, a\u00f1ade: \u00abNo puedo vivir sin accesorios. Tengo muchos anillos y collares superpuestos\u00bb. Y entre esos complementos, tampoco puede faltar un bolso. Y este es su favorito.\n<\/p>\n<div class=\"voc-detail__cmp\">\n<div class=\"voc-article-container\">\n<article class=\"voc-article voc-article--cmp-photo-text\">\n<div class=\"voc-img-container\"><picture>\n<div class=\"voc-horizontal voc-img-icon-link\"><img class=\"lazy\" loading=\"lazy\" data-original=\"\/\/static1.mujerhoy.com\/www\/multimedia\/202108\/16\/media\/cortadas\/bolso-acolchado-cadena-barato-kLO--624x624@MujerHoy.jpg\" alt><\/div>\n<\/picture>\n<p class=\"figure-caption \"><span class=\"voc-photo-author\"> H&amp;M <\/span><\/p>\n<\/div>\n<\/article>\n<\/div>\n<\/div>\n<p class=\"voc-paragraph\">Se trata de un <strong>bolso de tama\u00f1o medio y tipo bandoler<\/strong>a que tiene una forma rectangular y que est\u00e1 protagonizado por un <strong>tejido acolchado <\/strong>que se lleva much\u00edsimo esta temporada y que parece que seguir\u00e1 siendo as\u00ed en la siguiente. Est\u00e1 fabricado en piel sint\u00e9tica suave y lleva una <strong>correa de cadena de metal en color dorado<\/strong>.\n<\/p>\n<div class=\"voc-detail__cmp\">\n<div class=\"voc-article-container\">\n<article class=\"voc-article voc-article--cmp-photo-text\">\n<div class=\"voc-img-container\"><picture>\n<div class=\"voc-horizontal voc-img-icon-link\"><img class=\"lazy\" loading=\"lazy\" data-original=\"\/\/static3.mujerhoy.com\/www\/multimedia\/202108\/16\/media\/cortadas\/bolso-negro-barato-hym-kLO--624x624@MujerHoy.jpg\" alt><\/div>\n<\/picture>\n<p class=\"figure-caption \"><span class=\"voc-photo-author\"> H&amp;M <\/span><\/p>\n<\/div>\n<\/article>\n<\/div>\n<\/div>\n<p class=\"voc-paragraph\">Cuesta<br \/>\n<strong> 34,99 euros<\/strong> y, aunque ella lo ha lucido en color blanco, tambi\u00e9n est\u00e1 disponible en color negro para las que prefieren un color m\u00e1s sufrido y que tambi\u00e9n puedan usar en invierno. Y es que es un bolso ideal porque, adem\u00e1s de estar s\u00faper de moda, tiene el tama\u00f1o adecuado para el d\u00eda a d\u00eda. En \u00e9l cabe de todo, pero sin ser demasiado grande y su tejido guateado hace que sea <strong>c\u00f3modo y confortable <\/strong>de usa. \u00a1Lo necesitamos!\n<\/p>\n<div class=\"voc-detail__cmp voc-detail__cmp--pad-lr voc-detail__cmp--pad-lr--bdr\">\n<div class=\"voc-ficha-detail__wrapper\">\n<section class=\"voc-ficha-detail\">\n<h4 class=\"voc-ficha-detail-title voc-title-section\">te recomendamos<\/h4>\n<\/section>\n<\/div>\n<\/div>\n<p><!-- TOPICS --><\/p>\n","protected":false},"excerpt":{"rendered":"<p>Entre nuestros favoritos de la temporada de H&amp;M se encuentran looks tendencia como estos conjuntos estampados o esta chaqueta acolchada que te va a solucionar el entretiempo. Sin embargo, despu\u00e9s de ver los favoritos de la modelo y pintora Torin Ashtun, hemos a\u00f1adido a nuestra &#8216;wishlist&#8217; de cosas que comprar s\u00ed o s\u00ed un bolso [&hellip;]<\/p>\n","protected":false},"author":1,"featured_media":27292,"comment_status":"closed","ping_status":"closed","sticky":false,"template":"","format":"standard","meta":[],"categories":[1],"tags":[],"_links":{"self":[{"href":"http:\/\/hoycordobaweb.com\/index.php\/wp-json\/wp\/v2\/posts\/27291"}],"collection":[{"href":"http:\/\/hoycordobaweb.com\/index.php\/wp-json\/wp\/v2\/posts"}],"about":[{"href":"http:\/\/hoycordobaweb.com\/index.php\/wp-json\/wp\/v2\/types\/post"}],"author":[{"embeddable":true,"href":"http:\/\/hoycordobaweb.com\/index.php\/wp-json\/wp\/v2\/users\/1"}],"replies":[{"embeddable":true,"href":"http:\/\/hoycordobaweb.com\/index.php\/wp-json\/wp\/v2\/comments?post=27291"}],"version-history":[{"count":0,"href":"http:\/\/hoycordobaweb.com\/index.php\/wp-json\/wp\/v2\/posts\/27291\/revisions"}],"wp:featuredmedia":[{"embeddable":true,"href":"http:\/\/hoycordobaweb.com\/index.php\/wp-json\/wp\/v2\/media\/27292"}],"wp:attachment":[{"href":"http:\/\/hoycordobaweb.com\/index.php\/wp-json\/wp\/v2\/media?parent=27291"}],"wp:term":[{"taxonomy":"category","embeddable":true,"href":"http:\/\/hoycordobaweb.com\/index.php\/wp-json\/wp\/v2\/categories?post=27291"},{"taxonomy":"post_tag","embeddable":true,"href":"http:\/\/hoycordobaweb.com\/index.php\/wp-json\/wp\/v2\/tags?post=27291"}],"curies":[{"name":"wp","href":"https:\/\/api.w.org\/{rel}","templated":true}]}}