{"id":27268,"date":"2021-08-16T20:30:15","date_gmt":"2021-08-16T20:30:15","guid":{"rendered":"http:\/\/ladecimaweb.com\/?p=10489"},"modified":"2021-08-16T20:30:15","modified_gmt":"2021-08-16T20:30:15","slug":"59-dias-de-cuarentena-la-novela-de-la-villa-dia-2","status":"publish","type":"post","link":"http:\/\/hoycordobaweb.com\/index.php\/2021\/08\/16\/59-dias-de-cuarentena-la-novela-de-la-villa-dia-2\/","title":{"rendered":"59 d\u00edas de cuarentena, la novela de la Villa (D\u00eda 2)"},"content":{"rendered":"<p><strong>D\u00eda 2<\/strong><\/p>\n<p>La Moni acomoda el cenicero y empieza a fumar. \u201cA los chicos de la Karem le mandaron tarea por la internet\u201d, le cuenta a su madre, que se refriega con el antebrazo los ojos irritados por la cebolla. \u201cYo te dije siempre que lo mandemos a esa escuela, el papi te ayudaba a pagarla\u201d, repone Silvia, con delantal de cocina hasta las rodillas. \u201cMiralo al papi ahora, no tiene donde caerse muerto\u201d, le devuelve su hija.<\/p>\n<p>Los nenes se levantan. Catriel dice que tiene hambre y le pide criollos a la abuela. Anabella quiere salir a jugar a la plaza. \u201cBasta con la plaza, sos hartante, te dije que estos d\u00edas nos tenemos que quedar ac\u00e1\u201d, le recrimina M\u00f3nica con sentido del deber.<\/p>\n<p>\u201cQu\u00e9 pas\u00f3 con la factura de la luz, pudiste ir al Rapipago\u201d, pregunta Oscar, desde la vereda, sentado y con la panza asomando de una remera blanca, con agujeros, con logo de pinturer\u00eda. \u201cHab\u00eda mucha cola y me volv\u00ed por el tema del contagio\u201d, se excusa su esposa. \u201cNos van a cortar la luz, carajo, me hubieses dicho que iba yo\u201d, levanta la voz Oscar. \u201cMa\u00f1ana voy, che, a vos te dije que te cuides porque si te agarra el bicho, con la diabetes, no la cont\u00e1s\u201d, dice Silvia.<\/p>\n<p>Llega Lucas, saluda con cara de dormido, y entra la moto a la cocina. El olor a lubricante caliente invade el ambiente y se bate en una lucha invisible con el aroma a guiso. \u201cSac\u00e1 la moto, pelotudo, no ves que los chicos se queman con el ca\u00f1o de escape\u201d, le reprocha M\u00f3nica. \u201cNo me jodas\u201d, responde, secamente. \u201cEl candado est\u00e1 arriba de la heladera\u201d, apunta Silvia, mientras revuelve el espeso guiso. \u201cYa est\u00e1 la comida?\u201d, presiona Oscar.<\/p>\n<p>\u201cBueno, yo me voy al laburo. Portense bien y h\u00e1ganle caso a la abuela\u201d. M\u00f3nica ya est\u00e1 vestida con la indumentaria del supermercado. \u201cEsper\u00e1 que te acompa\u00f1o\u201d, propone el padre preocupado por la seguridad de su hija. \u201cNo hace falta, viejito m\u00edo, me pasa a buscar \u201cla Ro\u201d con la moto\u201d, dice.<\/p>\n<p>Anabella empieza a llorar y a clamar el nombre de su mam\u00e1 entre llantos y alaridos. \u201cShhhh, venga con el abuelo, d\u00e9jeme escuchar chinita\u201d, dice Oscar, con la televisi\u00f3n encendida. \u201cEstos no puede ser m\u00e1s pelotudos porque no practican\u201d, insulta al ver a los conductores del principal noticiero de C\u00f3rdoba. \u201cVengan al barrio y van a haber si no hay mosquitos\u201d, opina Silvia, asintiendo con su comentario el insulto marital.<\/p>\n<p>&nbsp;<\/p>\n<div class=\"ubm_banner\"><a href=\"https:\/\/youtu.be\/PPZcx3DZupk\" target=\"_blank\" rel=\"dofollow noopener noreferrer\"><img src=\"http:\/\/hoycordobaweb.com\/wp-content\/uploads\/2021\/08\/59-dias-de-cuarentena-la-novela-de-la-villa-dia-2.gif\" alt=\"\"><\/a><\/div>\n<p>La entrada <a rel=\"nofollow\" href=\"https:\/\/ladecimaweb.com\/59-dias-de-cuarentena-la-novela-de-la-villa-dia-2\/\">59 d\u00edas de cuarentena, la novela de la Villa (D\u00eda 2)<\/a> se public\u00f3 primero en <a rel=\"nofollow\" href=\"https:\/\/ladecimaweb.com\">LaDecima<\/a>.<\/p>\n","protected":false},"excerpt":{"rendered":"<p>D\u00eda 2 La Moni acomoda el cenicero y empieza a fumar. \u201cA los chicos de la Karem le mandaron tarea por la internet\u201d, le cuenta a su madre, que se refriega con el antebrazo los ojos irritados por la cebolla. \u201cYo te dije siempre que lo mandemos a esa escuela, el papi te ayudaba a [&hellip;]<\/p>\n","protected":false},"author":1,"featured_media":27269,"comment_status":"closed","ping_status":"closed","sticky":false,"template":"","format":"standard","meta":[],"categories":[19],"tags":[],"_links":{"self":[{"href":"http:\/\/hoycordobaweb.com\/index.php\/wp-json\/wp\/v2\/posts\/27268"}],"collection":[{"href":"http:\/\/hoycordobaweb.com\/index.php\/wp-json\/wp\/v2\/posts"}],"about":[{"href":"http:\/\/hoycordobaweb.com\/index.php\/wp-json\/wp\/v2\/types\/post"}],"author":[{"embeddable":true,"href":"http:\/\/hoycordobaweb.com\/index.php\/wp-json\/wp\/v2\/users\/1"}],"replies":[{"embeddable":true,"href":"http:\/\/hoycordobaweb.com\/index.php\/wp-json\/wp\/v2\/comments?post=27268"}],"version-history":[{"count":0,"href":"http:\/\/hoycordobaweb.com\/index.php\/wp-json\/wp\/v2\/posts\/27268\/revisions"}],"wp:featuredmedia":[{"embeddable":true,"href":"http:\/\/hoycordobaweb.com\/index.php\/wp-json\/wp\/v2\/media\/27269"}],"wp:attachment":[{"href":"http:\/\/hoycordobaweb.com\/index.php\/wp-json\/wp\/v2\/media?parent=27268"}],"wp:term":[{"taxonomy":"category","embeddable":true,"href":"http:\/\/hoycordobaweb.com\/index.php\/wp-json\/wp\/v2\/categories?post=27268"},{"taxonomy":"post_tag","embeddable":true,"href":"http:\/\/hoycordobaweb.com\/index.php\/wp-json\/wp\/v2\/tags?post=27268"}],"curies":[{"name":"wp","href":"https:\/\/api.w.org\/{rel}","templated":true}]}}