{"id":27253,"date":"2021-08-16T21:44:43","date_gmt":"2021-08-16T21:44:43","guid":{"rendered":"https:\/\/www.espinof.com\/directores-y-guionistas\/escuadron-suicida-superman-james-gunn-explica-que-descarto-al-hombre-acero-como-villano-opto-starro"},"modified":"2021-08-16T21:44:43","modified_gmt":"2021-08-16T21:44:43","slug":"el-escuadron-suicida-contra-superman-james-gunn-explica-por-que-descarto-al-hombre-de-acero-como-villano-y-opto-por-starro","status":"publish","type":"post","link":"http:\/\/hoycordobaweb.com\/index.php\/2021\/08\/16\/el-escuadron-suicida-contra-superman-james-gunn-explica-por-que-descarto-al-hombre-de-acero-como-villano-y-opto-por-starro\/","title":{"rendered":"\u00bf&#8217;El escuadr\u00f3n suicida&#8217; contra Superman? James Gunn explica por qu\u00e9 descart\u00f3 al hombre de acero como villano y opt\u00f3 por Starro"},"content":{"rendered":"<p><a href=\"https:\/\/www.espinof.com\/otros\/que-escuadron-suicida-mejor-pelicula-universo-extendido-dc-tambien-superior-a-mayoria-aventuras-marvel\">&#8216;El Escuadr\u00f3n Suicida&#8217;<\/a> no est\u00e1 funcionando tan bien <a href=\"https:\/\/www.espinof.com\/otros\/escuadron-suicida-sufre-segunda-mayor-caida-historia-para-blockbuster-superheroes-taquilla-ee-uu\">en taquilla como se esperaba<\/a>, pero eso no supone que la pel\u00edcula de DC est\u00e9 dando precisamente poco de lo que hablar. Ahora vuelve a ser noticia por qu\u00e9 <strong>James Gunn<\/strong> ha explicado qu\u00e9 le llev\u00f3 a descartar su idea inicial de enfrentar a este peculiar grupo de antih\u00e9roes contra <strong>Superman<\/strong>.<\/p>\n<p><!-- BREAK 1 --><\/p>\n<h2>Demasiados quebraderos de cabeza<\/h2>\n<p>Gunn ya hab\u00eda comentado previamente que sopes\u00f3 la idea de usar al hombre de acero, pero ha sido en una entrevista concedida a <a href=\"https:\/\/www.scriptapart.com\/episodes\/episode-26-the-suicide-squad-james-gunn-interview\">Script Apart<\/a> cuando ha explicado <strong>las complicaciones que eso supon\u00eda<\/strong>, por lo que simplemente opt\u00f3 por descartarlo -aunque s\u00ed que se menciona al personaje y su \u00abrelaci\u00f3n\u00bb con Bloodsport-:<\/p>\n<p><!-- BREAK 2 --> <\/p>\n<div class=\"article-asset article-asset-normal article-asset-center\">\n<div class=\"desvio-container\">\n<div class=\"desvio\">\n<div class=\"desvio-figure js-desvio-figure\"> <a href=\"https:\/\/www.espinof.com\/listas\/todas-peliculas-universo-dc-ordenadas-peor-a-mejor\"> <img alt=\"Todas las pel\u00edculas del Universo Extendido de DC, ordenadas de peor a mejor\" src=\"http:\/\/hoycordobaweb.com\/wp-content\/uploads\/2021\/08\/el-escuadron-suicida-contra-superman-james-gunn-explica-por-que-descarto-al-hombre-de-acero-como-villano-y-opto-por-starro.jpg\"> <\/a> <\/div><\/div><\/div>\n<\/div>\n<blockquote><p>Hubo un momento en el que pens\u00e9 que el Escuadr\u00f3n Suicida deber\u00eda pelear con Superman. Entonces surgieron muchas preguntas como \u00bfqui\u00e9n es Superman en el Universo Extendido de DC? \u00bfSucede esta pel\u00edcula dentro del universo Extendido de DC? No me apetec\u00eda demasiado lidiar con esto.<\/p><\/blockquote>\n<p>Eso le cre\u00f3 la necesidad de buscar otro gran villano para los protagonistas de &#8216;El Escuadr\u00f3n Suicida&#8217;. El elegido finalmente fue Starro, una decisi\u00f3n que quiz\u00e1 haya chocado a un sector del p\u00fablico, pero el director de <a href=\"https:\/\/www.espinof.com\/criticas\/guardianes-de-la-galaxia-un-hito-del-cine-de-entretenimiento\">&#8216;Guardianes de la Galaxia&#8217;<\/a> no ha dudado en dejar muy claro <strong>qu\u00e9 fue lo que le hizo decantarse por esa singular criatura<\/strong>:<\/p>\n<p><!-- BREAK 3 --><\/p>\n<blockquote><p>Creo que es un personaje perfecto de c\u00f3mic, porque es completamente rid\u00edculo pero tambi\u00e9n da mucho miedo a su manera. Lo que hace asusta. A m\u00ed me acojonaba cuando era un ni\u00f1o al poner esos abrazacaras en Superman y Batman. Por eso cre\u00eda que era uno de los mayores villanos de DC que probablemente nunca iba a usarse en otra pel\u00edcula. Y de hacerlo, habr\u00eda sido una versi\u00f3n en plan nube negra de Starro, no una gigante estrella de mar andante, un kaiju que es de rosa brillante y azul cer\u00faleo; un villano brillante y enorme.<\/p><\/blockquote>\n<p>Est\u00e1 claro que con ese apunte de nube negra est\u00e1 haciendo referencia al pobre uso de Galactus en <a href=\"https:\/\/www.espinof.com\/criticas\/comic-en-cine-los-4-fantasticos-y-silver-surfer-de-tim-story\">&#8216;Los 4 fant\u00e1sticos y Silver Surfer&#8217;<\/a>, una condena de antemano para cualquier personaje que reciba ese tratamiento. Por mi parte, <strong>qued\u00e9 encantado con la aparici\u00f3n de Starro<\/strong>, tanto por lo sorprendente de ver algo as\u00ed en una cinta de estas caracter\u00edsticas como por el juego que dio en el \u00faltimo acto de &#8216;El escuadr\u00f3n suicida&#8217;.<\/p>\n<p><!-- BREAK 4 --> <\/p>\n","protected":false},"excerpt":{"rendered":"<p>&#8216;El Escuadr\u00f3n Suicida&#8217; no est\u00e1 funcionando tan bien en taquilla como se esperaba, pero eso no supone que la pel\u00edcula de DC est\u00e9 dando precisamente poco de lo que hablar. Ahora vuelve a ser noticia por qu\u00e9 James Gunn ha explicado qu\u00e9 le llev\u00f3 a descartar su idea inicial de enfrentar a este peculiar grupo [&hellip;]<\/p>\n","protected":false},"author":1,"featured_media":27254,"comment_status":"open","ping_status":"closed","sticky":false,"template":"","format":"standard","meta":[],"categories":[1],"tags":[],"_links":{"self":[{"href":"http:\/\/hoycordobaweb.com\/index.php\/wp-json\/wp\/v2\/posts\/27253"}],"collection":[{"href":"http:\/\/hoycordobaweb.com\/index.php\/wp-json\/wp\/v2\/posts"}],"about":[{"href":"http:\/\/hoycordobaweb.com\/index.php\/wp-json\/wp\/v2\/types\/post"}],"author":[{"embeddable":true,"href":"http:\/\/hoycordobaweb.com\/index.php\/wp-json\/wp\/v2\/users\/1"}],"replies":[{"embeddable":true,"href":"http:\/\/hoycordobaweb.com\/index.php\/wp-json\/wp\/v2\/comments?post=27253"}],"version-history":[{"count":0,"href":"http:\/\/hoycordobaweb.com\/index.php\/wp-json\/wp\/v2\/posts\/27253\/revisions"}],"wp:featuredmedia":[{"embeddable":true,"href":"http:\/\/hoycordobaweb.com\/index.php\/wp-json\/wp\/v2\/media\/27254"}],"wp:attachment":[{"href":"http:\/\/hoycordobaweb.com\/index.php\/wp-json\/wp\/v2\/media?parent=27253"}],"wp:term":[{"taxonomy":"category","embeddable":true,"href":"http:\/\/hoycordobaweb.com\/index.php\/wp-json\/wp\/v2\/categories?post=27253"},{"taxonomy":"post_tag","embeddable":true,"href":"http:\/\/hoycordobaweb.com\/index.php\/wp-json\/wp\/v2\/tags?post=27253"}],"curies":[{"name":"wp","href":"https:\/\/api.w.org\/{rel}","templated":true}]}}