{"id":27252,"date":"2021-08-09T14:10:49","date_gmt":"2021-08-09T14:10:49","guid":{"rendered":"http:\/\/fono.fcm.unc.edu.ar\/?p=6650"},"modified":"2021-08-09T14:10:49","modified_gmt":"2021-08-09T14:10:49","slug":"9-de-agosto-dia-nacional-de-la-educacion-especial","status":"publish","type":"post","link":"http:\/\/hoycordobaweb.com\/index.php\/2021\/08\/09\/9-de-agosto-dia-nacional-de-la-educacion-especial\/","title":{"rendered":"9 de agosto: D\u00eda Nacional de la Educaci\u00f3n Especial"},"content":{"rendered":"<h2 class=\"fusion-post-title\">9 de agosto: D\u00eda Nacional de la Educaci\u00f3n Especial<\/h2>\n<div class=\"post-content\" readability=\"43\">\n<p><img loading=\"lazy\" class=\"alignright wp-image-6652 size-fusion-400\" src=\"https:\/\/fono.fcm.unc.edu.ar\/wp-content\/uploads\/sites\/14\/2021\/08\/DiaEducacionEspecial-400x400.jpeg\" alt width=\"400\" height=\"400\" srcset=\"https:\/\/fono.fcm.unc.edu.ar\/wp-content\/uploads\/sites\/14\/2021\/08\/DiaEducacionEspecial-66x66.jpeg 66w, https:\/\/fono.fcm.unc.edu.ar\/wp-content\/uploads\/sites\/14\/2021\/08\/DiaEducacionEspecial-150x150.jpeg 150w, https:\/\/fono.fcm.unc.edu.ar\/wp-content\/uploads\/sites\/14\/2021\/08\/DiaEducacionEspecial-200x200.jpeg 200w, https:\/\/fono.fcm.unc.edu.ar\/wp-content\/uploads\/sites\/14\/2021\/08\/DiaEducacionEspecial-300x300.jpeg 300w, https:\/\/fono.fcm.unc.edu.ar\/wp-content\/uploads\/sites\/14\/2021\/08\/DiaEducacionEspecial-400x400.jpeg 400w, https:\/\/fono.fcm.unc.edu.ar\/wp-content\/uploads\/sites\/14\/2021\/08\/DiaEducacionEspecial-600x600.jpeg 600w, https:\/\/fono.fcm.unc.edu.ar\/wp-content\/uploads\/sites\/14\/2021\/08\/DiaEducacionEspecial-768x768.jpeg 768w, https:\/\/fono.fcm.unc.edu.ar\/wp-content\/uploads\/sites\/14\/2021\/08\/DiaEducacionEspecial-800x800.jpeg 800w, https:\/\/fono.fcm.unc.edu.ar\/wp-content\/uploads\/sites\/14\/2021\/08\/DiaEducacionEspecial-1024x1024.jpeg 1024w, https:\/\/fono.fcm.unc.edu.ar\/wp-content\/uploads\/sites\/14\/2021\/08\/DiaEducacionEspecial.jpeg 1080w\" sizes=\"(max-width: 400px) 100vw, 400px\">Cada 9 de agosto, en Argentina, se conmemora el \u00abD\u00eda Nacional de la Educaci\u00f3n Especial\u00bb, jornada dedicada a las y los profesores que garantizan la educaci\u00f3n de las personas con discapacidades, temporales o permanentes, en todos los niveles y modalidades del sistema.<\/p>\n<p>La elecci\u00f3n de la fecha deriva del Aniversario de la creaci\u00f3n de la Direcci\u00f3n de Educaci\u00f3n Especial, que tuvo lugar el 9 de agosto de 1949.<\/p>\n<\/p><\/div>\n","protected":false},"excerpt":{"rendered":"<p>9 de agosto: D\u00eda Nacional de la Educaci\u00f3n Especial Cada 9 de agosto, en Argentina, se conmemora el \u00abD\u00eda Nacional de la Educaci\u00f3n Especial\u00bb, jornada dedicada a las y los profesores que garantizan la educaci\u00f3n de las personas con discapacidades, temporales o permanentes, en todos los niveles y modalidades del sistema. La elecci\u00f3n de la [&hellip;]<\/p>\n","protected":false},"author":1,"featured_media":0,"comment_status":"closed","ping_status":"closed","sticky":false,"template":"","format":"standard","meta":[],"categories":[1],"tags":[],"_links":{"self":[{"href":"http:\/\/hoycordobaweb.com\/index.php\/wp-json\/wp\/v2\/posts\/27252"}],"collection":[{"href":"http:\/\/hoycordobaweb.com\/index.php\/wp-json\/wp\/v2\/posts"}],"about":[{"href":"http:\/\/hoycordobaweb.com\/index.php\/wp-json\/wp\/v2\/types\/post"}],"author":[{"embeddable":true,"href":"http:\/\/hoycordobaweb.com\/index.php\/wp-json\/wp\/v2\/users\/1"}],"replies":[{"embeddable":true,"href":"http:\/\/hoycordobaweb.com\/index.php\/wp-json\/wp\/v2\/comments?post=27252"}],"version-history":[{"count":0,"href":"http:\/\/hoycordobaweb.com\/index.php\/wp-json\/wp\/v2\/posts\/27252\/revisions"}],"wp:attachment":[{"href":"http:\/\/hoycordobaweb.com\/index.php\/wp-json\/wp\/v2\/media?parent=27252"}],"wp:term":[{"taxonomy":"category","embeddable":true,"href":"http:\/\/hoycordobaweb.com\/index.php\/wp-json\/wp\/v2\/categories?post=27252"},{"taxonomy":"post_tag","embeddable":true,"href":"http:\/\/hoycordobaweb.com\/index.php\/wp-json\/wp\/v2\/tags?post=27252"}],"curies":[{"name":"wp","href":"https:\/\/api.w.org\/{rel}","templated":true}]}}