{"id":2710,"date":"2020-10-03T20:02:15","date_gmt":"2020-10-03T20:02:15","guid":{"rendered":"https:\/\/www.perfil.com\/noticias\/politica\/encuesta-57-por-ciento-tiene-temor-gobierno-alberto-fernandez-imponga-corralito.phtml"},"modified":"2020-10-03T20:02:15","modified_gmt":"2020-10-03T20:02:15","slug":"un-57-tiene-temor-a-que-el-gobierno-imponga-un-corralito","status":"publish","type":"post","link":"http:\/\/hoycordobaweb.com\/index.php\/2020\/10\/03\/un-57-tiene-temor-a-que-el-gobierno-imponga-un-corralito\/","title":{"rendered":"Un 57% tiene temor a que el Gobierno imponga un corralito"},"content":{"rendered":"<p><img src=\"http:\/\/hoycordobaweb.com\/wp-content\/uploads\/2020\/10\/un-57-tiene-temor-a-que-el-gobierno-imponga-un-corralito.jpg\"><\/p>\n<div><img src=\"http:\/\/hoycordobaweb.com\/wp-content\/uploads\/2020\/10\/un-57-tiene-temor-a-que-el-gobierno-imponga-un-corralito-2.jpg\" class=\"ff-og-image-inserted\"><\/div>\n<aside class=\"relatedPost\">\n<h3>Noticias Relacionadas<\/h3>\n<\/aside>\n<p>La <a target=\"_blank\" href=\"https:\/\/www.perfil.com\/noticias\/economia\/esta-semana-se-difundiran-datos-economicos-muy-negativos-del-segundo-trimestre.phtml\" rel=\"noopener noreferrer\"><strong>crisis econ\u00f3mica que se potenci\u00f3 con la pandemia del coronavirus<\/strong><\/a> sigue golpeando fuerte a la Argentina y crece el <strong>temor <\/strong>en la sociedad a que se repita lo sucedido en la <strong>crisis econ\u00f3mica y social del<\/strong>&nbsp;<strong>2001<\/strong>. As\u00ed se desprende de la \u00faltima <strong>encuesta <\/strong>de&nbsp;<strong>Giacobbe &amp; Asociados<\/strong>, que indica que un&nbsp;<strong>57% tiene miedo&nbsp;a que el <a target=\"_blank\" href=\"https:\/\/www.perfil.com\/noticias\/economia\/por-que-hay-temor-sobre-un-corralito-a-los-depositos-en-dolares.phtml\" rel=\"noopener noreferrer\">Gobierno imponga un corralito<\/a><\/strong> a las <strong>cuentas bancarias<\/strong>.<\/p>\n<p>Ante la pregunta de si tiene temor a que el Gobierno de <a target=\"_blank\" href=\"https:\/\/www.perfil.com\/noticias\/politica\/se-desplomo-la-imagen-positiva-de-alberto-fernandez-a-niveles-previos-a-la-asuncion.phtml\" rel=\"noopener noreferrer\"><strong>Alberto Fern\u00e1ndez<\/strong><\/a> implemente&nbsp;un corralito, un 57,4% respondi\u00f3 afirmativamente, un 27,7% dijo que no y un 14,4% no sabe qu\u00e9 puede suceder.&nbsp;La consultora hizo este relevamiento de 2.500 casos entre el 27 y 29 de septiembre a dispositivos m\u00f3viles con un margen de error del&nbsp;+\/- 2%.<\/p>\n<p>En esa l\u00ednea, la econ\u00f3mica es uno de los temas que m\u00e1s preocupa. Es que <strong>s\u00f3lo un 18% conf\u00eda en el peso argentino para ahorrar<\/strong>, un&nbsp;<strong>56,1% prefiere los&nbsp;<a target=\"_blank\" href=\"https:\/\/www.perfil.com\/noticias\/economia\/corralito-pesificacion-y-la-procrastinacion-de-un-banquero-central.phtml\" rel=\"noopener noreferrer\">d\u00f3lares como moneda de ahorro<\/a><\/strong>,&nbsp;12.9% conf\u00eda en ambos por igual y un&nbsp;12.7% en ninguno. Adem\u00e1s, solo un&nbsp;31.2% abrir\u00eda una empresa o un emprendimiento en la Argentina actual, mientras que un 68.2% no lo har\u00eda.<\/p>\n<p class=\"destacadoNota\"><a target=\"_blank\" href=\"https:\/\/www.perfil.com\/noticias\/economia\/por-que-hay-temor-sobre-un-corralito-a-los-depositos-en-dolares.phtml\" rel=\"noopener noreferrer\">\u00bfPor qu\u00e9 hay temor sobre un corralito a los dep\u00f3sitos en d\u00f3lares?<\/a><\/p>\n<p>\u00abLos <a target=\"_blank\" href=\"https:\/\/www.perfil.com\/noticias\/coronavirus\/preven-que-la-crisis-sera-peor-que-en-2001-y-la-salida-mas-lenta.phtml\" rel=\"noopener noreferrer\"><strong>miedos sobre lo vivido en el 2001 se han activado<\/strong><\/a>, y en cierta forma logran trascender a generaciones que no han transitado esa experiencia. El 57.4% tiene temor a que el gobierno implemente un corralito, contra 27.7% que no registra miedo. Sucede tambi\u00e9n que, <strong>cuantos m\u00e1s estudios o m\u00e1s ingresos, crece la fobia<\/strong>. Apenas algo m\u00e1s de la mitad de los peronistas y los kirchneristas est\u00e1n seguros de que no habr\u00e1 tal medida, el resto <strong>teme o, por lo menos, duda<\/strong>\u00ab, explic\u00f3 <strong>Jorge Giacobbe<\/strong>.<\/p>\n<p>En esa l\u00ednea, agreg\u00f3: \u00abEn una Argentina que necesita m\u00e1s proyectos, el 31.2% indica que abrir\u00eda una empresa o un emprendimiento (guarismo que resulta ser 59% y 73% entre peronistas y kirchneristas). El entusiasmo es sectorial. En cambio, el 68.2% se niega a la idea. La voluntad de emprender, contraria a ahorrar en d\u00f3lares o temor al corralito, crece cuanto menores los ingresos y menores los estudios. En t\u00e9rminos generales, apenas el 18% de los argentinos indica confiar en el peso como moneda de ahorro, contra el 56.1% que conf\u00eda en el d\u00f3lar. Es brutal la diferencia\u00bb.<\/p>\n<p class=\"destacadoNota\"><a target=\"_blank\" href=\"https:\/\/www.perfil.com\/noticias\/politica\/caida-libre-imagen-negativa-alberto-fernandez-supera-por-mas-10-puntos-positiva-encuesta.phtml\" rel=\"noopener noreferrer\">En ca\u00edda libre: la imagen negativa de Alberto Fern\u00e1ndez supera por m\u00e1s de 10 puntos a la positiva<\/a><\/p>\n<h2>Alberto Fern\u00e1ndez tiene m\u00e1s imagen negativa que Macri<\/h2>\n<p>En cuanto a las im\u00e1genes de los principales l\u00edderes pol\u00edticos, se observa que el presidente <a target=\"_blank\" href=\"https:\/\/www.perfil.com\/noticias\/politica\/caida-libre-imagen-negativa-alberto-fernandez-supera-por-mas-10-puntos-positiva-encuesta.phtml\" rel=\"noopener noreferrer\"><strong>Alberto Fern\u00e1ndez tiene m\u00e1s imagen negativa<\/strong><\/a> que su antecesor <strong>Mauricio Macri (52.8% contra&nbsp;52.4%<\/strong>).<\/p>\n<p>De todas maneras, con respecto a la encuesta anterior de hace 15 d\u00edas, la imagen negativa del mandatario nacional tuvo un considerable baja. \u00abEn t\u00e9rminos de im\u00e1genes personales, durante los \u00faltimos quince d\u00edas las figuras&nbsp;del oficialismo han tenido un respiro. Si bien la positiva de Alberto Fern\u00e1ndez cay\u00f3 un punto, tambi\u00e9n se descomprimi\u00f3 2% su negativa. La positiva de <strong>Cristina Kirchner<\/strong> no se movi\u00f3 y hasta baj\u00f3 un punto su negativa. Algo parecido para <strong>Axel Kicillof<\/strong>\u00ab, explic\u00f3 Giacobbe.<\/p>\n<p>En cuanto a la cuarentena por el coronavirus, ya un un <strong>55,7% se niega a extenderla hasta medidos de octubre<\/strong>. Solo un&nbsp;33,3% lo har\u00eda, mientras que un 10.8% no lo tiene en claro. De esta manera, se observa que la <strong><a target=\"_blank\" href=\"https:\/\/www.perfil.com\/noticias\/politica\/hartazgo-cansancio-definiciones-situacion-pandemia-de-coronavirus-argentina-facultad-psicologia-uba.phtml\" rel=\"noopener noreferrer\">aprobaci\u00f3n del aislamiento obligatorio<\/a> cay\u00f3 50 puntos porcentuales desde marzo hasta octubre<\/strong>.<\/p>\n<p><em>EuDr CP<\/em><\/p>\n","protected":false},"excerpt":{"rendered":"<p>Noticias Relacionadas La crisis econ\u00f3mica que se potenci\u00f3 con la pandemia del coronavirus sigue golpeando fuerte a la Argentina y crece el temor en la sociedad a que se repita lo sucedido en la crisis econ\u00f3mica y social del&nbsp;2001. As\u00ed se desprende de la \u00faltima encuesta de&nbsp;Giacobbe &amp; Asociados, que indica que un&nbsp;57% tiene miedo&nbsp;a [&hellip;]<\/p>\n","protected":false},"author":1,"featured_media":2711,"comment_status":"closed","ping_status":"closed","sticky":false,"template":"","format":"standard","meta":[],"categories":[1],"tags":[],"_links":{"self":[{"href":"http:\/\/hoycordobaweb.com\/index.php\/wp-json\/wp\/v2\/posts\/2710"}],"collection":[{"href":"http:\/\/hoycordobaweb.com\/index.php\/wp-json\/wp\/v2\/posts"}],"about":[{"href":"http:\/\/hoycordobaweb.com\/index.php\/wp-json\/wp\/v2\/types\/post"}],"author":[{"embeddable":true,"href":"http:\/\/hoycordobaweb.com\/index.php\/wp-json\/wp\/v2\/users\/1"}],"replies":[{"embeddable":true,"href":"http:\/\/hoycordobaweb.com\/index.php\/wp-json\/wp\/v2\/comments?post=2710"}],"version-history":[{"count":0,"href":"http:\/\/hoycordobaweb.com\/index.php\/wp-json\/wp\/v2\/posts\/2710\/revisions"}],"wp:featuredmedia":[{"embeddable":true,"href":"http:\/\/hoycordobaweb.com\/index.php\/wp-json\/wp\/v2\/media\/2711"}],"wp:attachment":[{"href":"http:\/\/hoycordobaweb.com\/index.php\/wp-json\/wp\/v2\/media?parent=2710"}],"wp:term":[{"taxonomy":"category","embeddable":true,"href":"http:\/\/hoycordobaweb.com\/index.php\/wp-json\/wp\/v2\/categories?post=2710"},{"taxonomy":"post_tag","embeddable":true,"href":"http:\/\/hoycordobaweb.com\/index.php\/wp-json\/wp\/v2\/tags?post=2710"}],"curies":[{"name":"wp","href":"https:\/\/api.w.org\/{rel}","templated":true}]}}