{"id":27093,"date":"2021-08-13T18:30:59","date_gmt":"2021-08-13T18:30:59","guid":{"rendered":"https:\/\/www.trendencias.com\/belleza\/nueve-tratamientos-para-recuperar-cabello-despues-verano-comenzar-rentree-mejor-melena"},"modified":"2021-08-13T18:30:59","modified_gmt":"2021-08-13T18:30:59","slug":"nueve-tratamientos-para-recuperar-el-cabello-despues-del-verano-y-comenzar-la-rentree-con-la-mejor-melena","status":"publish","type":"post","link":"http:\/\/hoycordobaweb.com\/index.php\/2021\/08\/13\/nueve-tratamientos-para-recuperar-el-cabello-despues-del-verano-y-comenzar-la-rentree-con-la-mejor-melena\/","title":{"rendered":"Nueve tratamientos para recuperar el cabello despu\u00e9s del verano y comenzar la rentr\u00e9e con la mejor melena"},"content":{"rendered":"<p>Y tras disfrutar de las vacaciones, toca una buena puesta a punto, especialmente el cabello, que es durante el verano cuando m\u00e1s se estropea y a la vuelta, <a href=\"https:\/\/www.trendencias.com\/belleza\/nueve-mascarillas-capilares-que-hacen-mejor-efecto-cuando-dejamos-tiempo-ahora-nos-sobra\">necesita una buena dosis de mimos<\/a> <strong>para recuperar su hidrataci\u00f3n, suavidad y el brillo<\/strong>, en definitiva, un reseteo en toda regla para comenzar la <em>rentr\u00e9e<\/em> con la mejor melena.<\/p>\n<p><!-- BREAK 1 --><\/p>\n<div class=\"article-asset article-asset-normal article-asset-center\">\n<div class=\"desvio-container\">\n<div class=\"desvio\">\n<div class=\"desvio-figure js-desvio-figure\"> <a href=\"https:\/\/www.trendencias.com\/belleza\/mascarillas-pelo-reparadoras-para-verano-cual-mejor-comprar-consejos-recomendaciones\"> <img alt=\"Mascarillas de pelo reparadoras para el verano: \u00bfcu\u00e1l es mejor comprar? Consejos y recomendaciones\" src=\"http:\/\/hoycordobaweb.com\/wp-content\/uploads\/2021\/08\/nueve-tratamientos-para-recuperar-el-cabello-despues-del-verano-y-comenzar-la-rentree-con-la-mejor-melena.jpg\"> <\/a> <\/div><\/div><\/div>\n<\/div>\n<div class=\"article-asset-image article-asset-normal article-asset-center\">\n<div class=\"asset-content\">\n<div class=\"base-wrapper-image\"> <img class=\"sf-lazy centro_sinmarco\" data-sf-srcset=\"http:\/\/hoycordobaweb.com\/wp-content\/uploads\/2021\/08\/nueve-tratamientos-para-recuperar-el-cabello-despues-del-verano-y-comenzar-la-rentree-con-la-mejor-melena-1.jpg 450w, http:\/\/hoycordobaweb.com\/wp-content\/uploads\/2021\/08\/nueve-tratamientos-para-recuperar-el-cabello-despues-del-verano-y-comenzar-la-rentree-con-la-mejor-melena-20.jpg 681w,http:\/\/hoycordobaweb.com\/wp-content\/uploads\/2021\/08\/nueve-tratamientos-para-recuperar-el-cabello-despues-del-verano-y-comenzar-la-rentree-con-la-mejor-melena-21.jpg 1024w, http:\/\/hoycordobaweb.com\/wp-content\/uploads\/2021\/08\/nueve-tratamientos-para-recuperar-el-cabello-despues-del-verano-y-comenzar-la-rentree-con-la-mejor-melena-22.jpg 1366w,\" data-sf-src=\"http:\/\/hoycordobaweb.com\/wp-content\/uploads\/2021\/08\/nueve-tratamientos-para-recuperar-el-cabello-despues-del-verano-y-comenzar-la-rentree-con-la-mejor-melena-1.jpg\" alt=\"pelo\"> <noscript><img alt=\"pelo\" class=\"centro_sinmarco\" src=\"http:\/\/hoycordobaweb.com\/wp-content\/uploads\/2021\/08\/nueve-tratamientos-para-recuperar-el-cabello-despues-del-verano-y-comenzar-la-rentree-con-la-mejor-melena-1.jpg\"><\/noscript> <\/div><\/div>\n<\/div>\n<p>Hace unos d\u00edas <a href=\"https:\/\/www.trendencias.com\/belleza\/olaplex-marca-capilar-reparadora-top-momento-os-contamos-como-funciona-sirve-cada-uno-sus-productos\">os habl\u00e1bamos de los productos de Olaplex y c\u00f3mo se usaba cada uno<\/a>, pues justo <strong>este kit de tres productos<\/strong> nos parece perfecto para vovler a recuperar el cabello, ya que la tecnolog\u00eda de Olaplex repara el pelo desde el interior de la fibra. Encontramos el <strong>No.0<\/strong> y<strong> No.3<\/strong> que ambos se complementan para multiplicar los enlaces del cabello.<\/p>\n<p><!-- BREAK 2 --> <\/p>\n<p>Y el<strong> No.6<\/strong> es un tratamiento sin aclarado que <strong>se encarga de ligar los enlaces de disulfuro rotos en el cabello<\/strong>, reparando el da\u00f1o y fortaleciendo la estructura del mismo. Precio <a href=\"https:\/\/www.trendencias.com\/redirect?url=https%3A%2F%2Fwww.lookfantastic.es%2Folaplex-no.0-no.3-and-no.6-bundle%2F12689233.html&amp;category=belleza\">82,45 euros<\/a>.<\/p>\n<p><!-- BREAK 3 --><!-- PIVOT START --><\/p>\n<div class=\"pivot-ecommerce-container\">\n<div class=\"pivot-ecommerce\" readability=\"3.5546875\">\n<div class=\"pivot-ecommerce-figure\"> <img alt=\"Olaplex No.0, No.3 and No.6 Bundle\" src=\"http:\/\/hoycordobaweb.com\/wp-content\/uploads\/2021\/08\/nueve-tratamientos-para-recuperar-el-cabello-despues-del-verano-y-comenzar-la-rentree-con-la-mejor-melena-2.jpg\"> <\/div>\n<div class=\"pivot-ecommerce-summary\" readability=\"4.375\">\n<p class=\"pivot-ecommerce-desc\">Olaplex No.0, No.3 and No.6 Bundle<\/p>\n<\/p><\/div><\/div>\n<\/div>\n<p><!-- PIVOT END --><\/p>\n<div class=\"article-asset-image article-asset-normal article-asset-center\">\n<div class=\"asset-content\">\n<div class=\"base-wrapper-image\"> <img class=\"sf-lazy centro_sinmarco\" data-sf-srcset=\"http:\/\/hoycordobaweb.com\/wp-content\/uploads\/2021\/08\/nueve-tratamientos-para-recuperar-el-cabello-despues-del-verano-y-comenzar-la-rentree-con-la-mejor-melena-3.jpg 450w, http:\/\/hoycordobaweb.com\/wp-content\/uploads\/2021\/08\/nueve-tratamientos-para-recuperar-el-cabello-despues-del-verano-y-comenzar-la-rentree-con-la-mejor-melena-23.jpg 681w,http:\/\/hoycordobaweb.com\/wp-content\/uploads\/2021\/08\/nueve-tratamientos-para-recuperar-el-cabello-despues-del-verano-y-comenzar-la-rentree-con-la-mejor-melena-24.jpg 1024w, http:\/\/hoycordobaweb.com\/wp-content\/uploads\/2021\/08\/nueve-tratamientos-para-recuperar-el-cabello-despues-del-verano-y-comenzar-la-rentree-con-la-mejor-melena-25.jpg 1366w,\" data-sf-src=\"http:\/\/hoycordobaweb.com\/wp-content\/uploads\/2021\/08\/nueve-tratamientos-para-recuperar-el-cabello-despues-del-verano-y-comenzar-la-rentree-con-la-mejor-melena-3.jpg\" alt=\"pelo\"> <noscript><img alt=\"pelo\" class=\"centro_sinmarco\" src=\"http:\/\/hoycordobaweb.com\/wp-content\/uploads\/2021\/08\/nueve-tratamientos-para-recuperar-el-cabello-despues-del-verano-y-comenzar-la-rentree-con-la-mejor-melena-3.jpg\"><\/noscript> <\/div><\/div>\n<\/div>\n<p>Otros productos capilares que viene perfectos para el rescate del cabello, son los de <strong>K\u00e9rastase concretamente la l\u00ednea R\u00e9sistance<\/strong>, que es espec\u00edfica para el cabello da\u00f1ado que necesita restaurar profundamente el cabello.<\/p>\n<p><!-- BREAK 4 --><\/p>\n<p>Este set combina un champ\u00fa restaurador, un tratamiento capilar reparador, &nbsp;una mascarilla nutritiva y un protector contra el calor. Estos productos <strong>act\u00faan protegiendo y repar\u00e1ndo las fibras capilares <\/strong>para devolverle al cabello su aspecto suave, liso y sedoso. Precio <a href=\"https:\/\/www.trendencias.com\/redirect?url=https%3A%2F%2Fwww.lookfantastic.es%2Fkerastase-resistance-complete-strengthening-routine-for-damaged-hair%2F12529843.html&amp;category=belleza\">97,50 euros<\/a>.<\/p>\n<p><!-- BREAK 5 --><!-- PIVOT START --><\/p>\n<div class=\"pivot-ecommerce-container\">\n<div class=\"pivot-ecommerce\" readability=\"4.26\">\n<div class=\"pivot-ecommerce-figure\"> <img alt=\"K\u00e9rastase R\u00e9sistance Complete Strengthening Routine for Damaged Hair\" src=\"http:\/\/hoycordobaweb.com\/wp-content\/uploads\/2021\/08\/nueve-tratamientos-para-recuperar-el-cabello-despues-del-verano-y-comenzar-la-rentree-con-la-mejor-melena-4.jpg\"> <\/div>\n<div class=\"pivot-ecommerce-summary\" readability=\"4.97\">\n<p class=\"pivot-ecommerce-desc\">K\u00e9rastase R\u00e9sistance Complete Strengthening Routine for Damaged Hair<\/p>\n<\/p><\/div><\/div>\n<\/div>\n<p><!-- PIVOT END --><\/p>\n<div class=\"article-asset-image article-asset-normal article-asset-center\">\n<div class=\"asset-content\">\n<div class=\"base-wrapper-image\"> <img class=\"sf-lazy centro_sinmarco\" data-sf-srcset=\"http:\/\/hoycordobaweb.com\/wp-content\/uploads\/2021\/08\/nueve-tratamientos-para-recuperar-el-cabello-despues-del-verano-y-comenzar-la-rentree-con-la-mejor-melena-5.jpg 450w, http:\/\/hoycordobaweb.com\/wp-content\/uploads\/2021\/08\/nueve-tratamientos-para-recuperar-el-cabello-despues-del-verano-y-comenzar-la-rentree-con-la-mejor-melena-26.jpg 681w,http:\/\/hoycordobaweb.com\/wp-content\/uploads\/2021\/08\/nueve-tratamientos-para-recuperar-el-cabello-despues-del-verano-y-comenzar-la-rentree-con-la-mejor-melena-27.jpg 1024w, http:\/\/hoycordobaweb.com\/wp-content\/uploads\/2021\/08\/nueve-tratamientos-para-recuperar-el-cabello-despues-del-verano-y-comenzar-la-rentree-con-la-mejor-melena-28.jpg 1366w,\" data-sf-src=\"http:\/\/hoycordobaweb.com\/wp-content\/uploads\/2021\/08\/nueve-tratamientos-para-recuperar-el-cabello-despues-del-verano-y-comenzar-la-rentree-con-la-mejor-melena-5.jpg\" alt=\"pelo\"> <noscript><img alt=\"pelo\" class=\"centro_sinmarco\" src=\"http:\/\/hoycordobaweb.com\/wp-content\/uploads\/2021\/08\/nueve-tratamientos-para-recuperar-el-cabello-despues-del-verano-y-comenzar-la-rentree-con-la-mejor-melena-5.jpg\"><\/noscript> <\/div><\/div>\n<\/div>\n<p>Y si hay algo que se sufre mucho en verano y se arrastra durante el oto\u00f1o, es el encrespamiento. Algo que se puede suavizar con <strong>productos espec\u00edficos de keratina <\/strong>como este kit de <strong>Alfaparf Recuperaci\u00f3n Expr\u00e9s, <\/strong>que combina tres productos como un champ\u00fa, un fluido alisante y una mascarilla rehidratante; todos ellos formulados con keratina para sellar la cut\u00edcula del pelo y que este se vuelva a ver liso, hidratado y con brillo. Precio <a href=\"https:\/\/www.trendencias.com\/redirect?url=https%3A%2F%2Fwww.amazon.es%2FAlfaparf-Kit-Recuperaci%25C3%25B3n-Expr%25C3%25A9s-250%2Fdp%2FB00WT3VJQ0%2Fref%3Dsr_1_20%3F__mk_es_ES%3D%25C3%2585M%25C3%2585%25C5%25BD%25C3%2595%25C3%2591%26crid%3D2BB1RF80EQ31N%26dchild%3D1%26keywords%3Dtratamiento%2Bkeratina%2Bcabello%26qid%3D1628847118%26sprefix%3Dtratamiento%2Bker%252Caps%252C202%26sr%3D8-20%26tag%3Dtrendencias-21&amp;category=belleza\">23,78 euros<\/a>.<\/p>\n<p><!-- BREAK 6 --><!-- PIVOT START --><\/p>\n<div class=\"pivot-ecommerce-container\">\n<div class=\"pivot-ecommerce\" readability=\"3.5625\">\n<div class=\"pivot-ecommerce-figure\"> <img alt=\"Alfaparf Kit de Recuperaci\u00f3n Expr\u00e9s\" src=\"http:\/\/hoycordobaweb.com\/wp-content\/uploads\/2021\/08\/nueve-tratamientos-para-recuperar-el-cabello-despues-del-verano-y-comenzar-la-rentree-con-la-mejor-melena-6.jpg\"> <\/div>\n<div class=\"pivot-ecommerce-summary\" readability=\"4.15625\">\n<p class=\"pivot-ecommerce-desc\">Alfaparf Kit de Recuperaci\u00f3n Expr\u00e9s<\/p>\n<\/p><\/div><\/div>\n<\/div>\n<p><!-- PIVOT END --><\/p>\n<div class=\"article-asset-image article-asset-normal article-asset-center\">\n<div class=\"asset-content\">\n<div class=\"base-wrapper-image\"> <img class=\"sf-lazy centro_sinmarco\" data-sf-srcset=\"http:\/\/hoycordobaweb.com\/wp-content\/uploads\/2021\/08\/nueve-tratamientos-para-recuperar-el-cabello-despues-del-verano-y-comenzar-la-rentree-con-la-mejor-melena-7.jpg 450w, http:\/\/hoycordobaweb.com\/wp-content\/uploads\/2021\/08\/nueve-tratamientos-para-recuperar-el-cabello-despues-del-verano-y-comenzar-la-rentree-con-la-mejor-melena-29.jpg 681w,http:\/\/hoycordobaweb.com\/wp-content\/uploads\/2021\/08\/nueve-tratamientos-para-recuperar-el-cabello-despues-del-verano-y-comenzar-la-rentree-con-la-mejor-melena-30.jpg 1024w, http:\/\/hoycordobaweb.com\/wp-content\/uploads\/2021\/08\/nueve-tratamientos-para-recuperar-el-cabello-despues-del-verano-y-comenzar-la-rentree-con-la-mejor-melena-31.jpg 1366w,\" data-sf-src=\"http:\/\/hoycordobaweb.com\/wp-content\/uploads\/2021\/08\/nueve-tratamientos-para-recuperar-el-cabello-despues-del-verano-y-comenzar-la-rentree-con-la-mejor-melena-7.jpg\" alt=\"pelo\"> <noscript><img alt=\"pelo\" class=\"centro_sinmarco\" src=\"http:\/\/hoycordobaweb.com\/wp-content\/uploads\/2021\/08\/nueve-tratamientos-para-recuperar-el-cabello-despues-del-verano-y-comenzar-la-rentree-con-la-mejor-melena-7.jpg\"><\/noscript> <\/div><\/div>\n<\/div>\n<p>Como tratamiento reparador, esta mascarilla de <strong>Penetraitt Sebastian Professional<\/strong> nos ofrece <strong>una reparaci\u00f3n profunda de los cabellos castigado<\/strong>, realizando una reparaci\u00f3n desde el interior del cabello d\u00e9bil, ya sea porque ha sido tratado con qu\u00edmicos o expuesto al sol. <strong>Los cabellos secos y sin vida se fortalecen<\/strong> y se ven m\u00e1s brillantes y sin estr\u00e9s. Precio <a href=\"https:\/\/www.trendencias.com\/redirect?url=https%3A%2F%2Fwww.elcorteingles.es%2Fcanarias%2Fperfumeria%2FA36683221-tratamiento-reparador-para-cabello-danado-penetraitt-500-ml-sebastian-professional%2F&amp;category=belleza\">52,78 euros<\/a>.<\/p>\n<p><!-- BREAK 7 --><!-- PIVOT START --><\/p>\n<div class=\"pivot-ecommerce-container\">\n<div class=\"pivot-ecommerce\" readability=\"4.3448275862069\">\n<div class=\"pivot-ecommerce-figure\"> <img alt=\"Tratamiento reparador para cabello da\u00f1ado Penetraitt 500 ml Sebastian Professional\" src=\"http:\/\/hoycordobaweb.com\/wp-content\/uploads\/2021\/08\/nueve-tratamientos-para-recuperar-el-cabello-despues-del-verano-y-comenzar-la-rentree-con-la-mejor-melena-8.jpg\"> <\/div>\n<div class=\"pivot-ecommerce-summary\" readability=\"5.0689655172414\">\n<p class=\"pivot-ecommerce-desc\">Tratamiento reparador para cabello da\u00f1ado Penetraitt 500 ml Sebastian Professional<\/p>\n<\/p><\/div><\/div>\n<\/div>\n<p><!-- PIVOT END --><\/p>\n<div class=\"article-asset-image article-asset-normal article-asset-center\">\n<div class=\"asset-content\">\n<div class=\"base-wrapper-image\"> <img class=\"sf-lazy centro_sinmarco\" data-sf-srcset=\"http:\/\/hoycordobaweb.com\/wp-content\/uploads\/2021\/08\/nueve-tratamientos-para-recuperar-el-cabello-despues-del-verano-y-comenzar-la-rentree-con-la-mejor-melena-9.jpg 450w, http:\/\/hoycordobaweb.com\/wp-content\/uploads\/2021\/08\/nueve-tratamientos-para-recuperar-el-cabello-despues-del-verano-y-comenzar-la-rentree-con-la-mejor-melena-32.jpg 681w,http:\/\/hoycordobaweb.com\/wp-content\/uploads\/2021\/08\/nueve-tratamientos-para-recuperar-el-cabello-despues-del-verano-y-comenzar-la-rentree-con-la-mejor-melena-33.jpg 1024w, http:\/\/hoycordobaweb.com\/wp-content\/uploads\/2021\/08\/nueve-tratamientos-para-recuperar-el-cabello-despues-del-verano-y-comenzar-la-rentree-con-la-mejor-melena-34.jpg 1366w,\" data-sf-src=\"http:\/\/hoycordobaweb.com\/wp-content\/uploads\/2021\/08\/nueve-tratamientos-para-recuperar-el-cabello-despues-del-verano-y-comenzar-la-rentree-con-la-mejor-melena-9.jpg\" alt=\"pelo\"> <noscript><img alt=\"pelo\" class=\"centro_sinmarco\" src=\"http:\/\/hoycordobaweb.com\/wp-content\/uploads\/2021\/08\/nueve-tratamientos-para-recuperar-el-cabello-despues-del-verano-y-comenzar-la-rentree-con-la-mejor-melena-9.jpg\"><\/noscript> <\/div><\/div>\n<\/div>\n<p>La nutrici\u00f3n intensa es lo que m\u00e1s necesita el cabello tras el verano, por eso esta mascarilla <strong>Fusion de Wella Professionals<\/strong> es una gran aliada gracia a su textura cremosa que trata el cabello da\u00f1ado y necesitado de nutrici\u00f3n. Su f\u00f3rmula cuenta con el complejo \u00abSilksteel Fusion\u00bb de la firma, que utiliza amino\u00e1cidos de seda<strong> para reparar y proteger el cabello contra la rotura y el da\u00f1o desde el interior<\/strong>. Precio <a href=\"https:\/\/www.trendencias.com\/redirect?url=https%3A%2F%2Fwww.lookfantastic.es%2Fwella-professionals-fusion-mask-500ml%2F11467524.html&amp;category=belleza\">28,45 euros<\/a>.<\/p>\n<p><!-- BREAK 8 --><!-- PIVOT START --><\/p>\n<div class=\"pivot-ecommerce-container\">\n<div class=\"pivot-ecommerce\" readability=\"3.5142857142857\">\n<div class=\"pivot-ecommerce-figure\"> <img alt=\"Mascarilla Fusion de Wella Professionals\" src=\"http:\/\/hoycordobaweb.com\/wp-content\/uploads\/2021\/08\/nueve-tratamientos-para-recuperar-el-cabello-despues-del-verano-y-comenzar-la-rentree-con-la-mejor-melena-10.jpg\"> <\/div>\n<div class=\"pivot-ecommerce-summary\" readability=\"4.1\">\n<p class=\"pivot-ecommerce-desc\">Mascarilla Fusion de Wella Professionals<\/p>\n<\/p><\/div><\/div>\n<\/div>\n<p><!-- PIVOT END --><\/p>\n<div class=\"article-asset-image article-asset-normal article-asset-center\">\n<div class=\"asset-content\">\n<div class=\"base-wrapper-image\"> <img class=\"sf-lazy centro_sinmarco\" data-sf-srcset=\"http:\/\/hoycordobaweb.com\/wp-content\/uploads\/2021\/08\/nueve-tratamientos-para-recuperar-el-cabello-despues-del-verano-y-comenzar-la-rentree-con-la-mejor-melena-11.jpg 450w, http:\/\/hoycordobaweb.com\/wp-content\/uploads\/2021\/08\/nueve-tratamientos-para-recuperar-el-cabello-despues-del-verano-y-comenzar-la-rentree-con-la-mejor-melena-35.jpg 681w,http:\/\/hoycordobaweb.com\/wp-content\/uploads\/2021\/08\/nueve-tratamientos-para-recuperar-el-cabello-despues-del-verano-y-comenzar-la-rentree-con-la-mejor-melena-36.jpg 1024w, http:\/\/hoycordobaweb.com\/wp-content\/uploads\/2021\/08\/nueve-tratamientos-para-recuperar-el-cabello-despues-del-verano-y-comenzar-la-rentree-con-la-mejor-melena-37.jpg 1366w,\" data-sf-src=\"http:\/\/hoycordobaweb.com\/wp-content\/uploads\/2021\/08\/nueve-tratamientos-para-recuperar-el-cabello-despues-del-verano-y-comenzar-la-rentree-con-la-mejor-melena-11.jpg\" alt=\"pelo\"> <noscript><img alt=\"pelo\" class=\"centro_sinmarco\" src=\"http:\/\/hoycordobaweb.com\/wp-content\/uploads\/2021\/08\/nueve-tratamientos-para-recuperar-el-cabello-despues-del-verano-y-comenzar-la-rentree-con-la-mejor-melena-11.jpg\"><\/noscript> <\/div><\/div>\n<\/div>\n<p>Esta mascarilla de pelo es estupenda porque tiene diez acciones en una, la <strong>Superfruit Complex 10 in 1 de<\/strong> <strong>Shea Moisture<\/strong>. Transforma el cabello opaco y quebradizo gracias al aceite de marula y &nbsp;biotina para restaurar e hidratar el pelo desde la ra\u00edz hasta las puntas y dejarlo con un aspecto nuevo. Precio <a href=\"https:\/\/www.trendencias.com\/redirect?url=https%3A%2F%2Fwww.lookfantastic.es%2Fshea-moisture-superfruit-complex-10-in-1-renewal-system-hair-masque-355ml%2F11309670.html%3Faffil%3Dawin%26utm_content%3Dhttp%253A%252F%252Fwww.trendencias.com%26utm_term%3DEditorial%2BContent%26utm_source%3DAWin-331905%26utm_medium%3Daffiliate%26utm_campaign%3DAffiliateWin%26awc%3D10486_1628871792_7ebb9539234536ddeedff159444aebd9&amp;category=belleza\">14,95 euros<\/a>.<\/p>\n<p><!-- BREAK 9 --><!-- PIVOT START --><\/p>\n<div class=\"pivot-ecommerce-container\">\n<div class=\"pivot-ecommerce\" readability=\"4.3738317757009\">\n<div class=\"pivot-ecommerce-figure\"> <img alt=\"Mascarilla de Pelo Superfruit Complex 10 in 1 Renewal System de Shea Moisture\" src=\"http:\/\/hoycordobaweb.com\/wp-content\/uploads\/2021\/08\/nueve-tratamientos-para-recuperar-el-cabello-despues-del-verano-y-comenzar-la-rentree-con-la-mejor-melena-12.jpg\"> <\/div>\n<div class=\"pivot-ecommerce-summary\" readability=\"5.1028037383178\">\n<p class=\"pivot-ecommerce-desc\">Mascarilla de Pelo Superfruit Complex 10 in 1 Renewal System de Shea Moisture<\/p>\n<\/p><\/div><\/div>\n<\/div>\n<p><!-- PIVOT END --><\/p>\n<div class=\"article-asset-image article-asset-normal article-asset-center\">\n<div class=\"asset-content\">\n<div class=\"base-wrapper-image\"> <img class=\"sf-lazy centro_sinmarco\" data-sf-srcset=\"http:\/\/hoycordobaweb.com\/wp-content\/uploads\/2021\/08\/nueve-tratamientos-para-recuperar-el-cabello-despues-del-verano-y-comenzar-la-rentree-con-la-mejor-melena-13.jpg 450w, http:\/\/hoycordobaweb.com\/wp-content\/uploads\/2021\/08\/nueve-tratamientos-para-recuperar-el-cabello-despues-del-verano-y-comenzar-la-rentree-con-la-mejor-melena-38.jpg 681w,http:\/\/hoycordobaweb.com\/wp-content\/uploads\/2021\/08\/nueve-tratamientos-para-recuperar-el-cabello-despues-del-verano-y-comenzar-la-rentree-con-la-mejor-melena-39.jpg 1024w, http:\/\/hoycordobaweb.com\/wp-content\/uploads\/2021\/08\/nueve-tratamientos-para-recuperar-el-cabello-despues-del-verano-y-comenzar-la-rentree-con-la-mejor-melena-40.jpg 1366w,\" data-sf-src=\"http:\/\/hoycordobaweb.com\/wp-content\/uploads\/2021\/08\/nueve-tratamientos-para-recuperar-el-cabello-despues-del-verano-y-comenzar-la-rentree-con-la-mejor-melena-13.jpg\" alt=\"sos\"> <noscript><img alt=\"sos\" class=\"centro_sinmarco\" src=\"http:\/\/hoycordobaweb.com\/wp-content\/uploads\/2021\/08\/nueve-tratamientos-para-recuperar-el-cabello-despues-del-verano-y-comenzar-la-rentree-con-la-mejor-melena-13.jpg\"><\/noscript> <\/div><\/div>\n<\/div>\n<p>Como tratamiento de reparaci\u00f3n intensivo tenemos el <strong>acondicionador SOS Repair de Aussie<\/strong> que es ideal para el pelo da\u00f1ado y debilitado que necesita una reparaci\u00f3n de urgencia. Act\u00faa de manera inmediata aportando reparaci\u00f3n y vitalidad en un momento, <strong>contiene mirto lim\u00f3n australiano <\/strong>que revitaliza al instante. Precio <a href=\"https:\/\/www.trendencias.com\/redirect?url=https%3A%2F%2Fwww.elcorteingles.es%2Fcanarias%2Fperfumeria-general%2FA34983479-tratamiento-de-reparacion-intensivo-sos-repair-para-pelo-danado-aussie%2F&amp;category=belleza\">2,99 euros<\/a>.<\/p>\n<p><!-- BREAK 10 --><!-- PIVOT START --><\/p>\n<div class=\"pivot-ecommerce-container\">\n<div class=\"pivot-ecommerce\" readability=\"4.2115384615385\">\n<div class=\"pivot-ecommerce-figure\"> <img alt=\"Tratamiento de reparaci\u00f3n intensivo SOS Repair para pelo da\u00f1ado Aussie\" src=\"http:\/\/hoycordobaweb.com\/wp-content\/uploads\/2021\/08\/nueve-tratamientos-para-recuperar-el-cabello-despues-del-verano-y-comenzar-la-rentree-con-la-mejor-melena-14.jpg\"> <\/div>\n<div class=\"pivot-ecommerce-summary\" readability=\"4.9134615384615\">\n<p class=\"pivot-ecommerce-desc\">Tratamiento de reparaci\u00f3n intensivo SOS Repair para pelo da\u00f1ado Aussie<\/p>\n<\/p><\/div><\/div>\n<\/div>\n<p><!-- PIVOT END --><\/p>\n<div class=\"article-asset-image article-asset-normal article-asset-center\">\n<div class=\"asset-content\">\n<div class=\"base-wrapper-image\"> <img class=\"sf-lazy centro_sinmarco\" data-sf-srcset=\"http:\/\/hoycordobaweb.com\/wp-content\/uploads\/2021\/08\/nueve-tratamientos-para-recuperar-el-cabello-despues-del-verano-y-comenzar-la-rentree-con-la-mejor-melena-15.jpg 450w, http:\/\/hoycordobaweb.com\/wp-content\/uploads\/2021\/08\/nueve-tratamientos-para-recuperar-el-cabello-despues-del-verano-y-comenzar-la-rentree-con-la-mejor-melena-41.jpg 681w,http:\/\/hoycordobaweb.com\/wp-content\/uploads\/2021\/08\/nueve-tratamientos-para-recuperar-el-cabello-despues-del-verano-y-comenzar-la-rentree-con-la-mejor-melena-42.jpg 1024w, http:\/\/hoycordobaweb.com\/wp-content\/uploads\/2021\/08\/nueve-tratamientos-para-recuperar-el-cabello-despues-del-verano-y-comenzar-la-rentree-con-la-mejor-melena-43.jpg 1366w,\" data-sf-src=\"http:\/\/hoycordobaweb.com\/wp-content\/uploads\/2021\/08\/nueve-tratamientos-para-recuperar-el-cabello-despues-del-verano-y-comenzar-la-rentree-con-la-mejor-melena-15.jpg\" alt=\"pelo\"> <noscript><img alt=\"pelo\" class=\"centro_sinmarco\" src=\"http:\/\/hoycordobaweb.com\/wp-content\/uploads\/2021\/08\/nueve-tratamientos-para-recuperar-el-cabello-despues-del-verano-y-comenzar-la-rentree-con-la-mejor-melena-15.jpg\"><\/noscript> <\/div><\/div>\n<\/div>\n<p>Otro acondiconador reparador es este <strong>Keratina Brasile\u00f1a Ogx, <\/strong>que mezcla antioxidantes del <strong>aceite de coco con prote\u00ednas de keratina<\/strong>, para suavizar y fortalecer el cabello, mientra que el aceite de aguacate y la manteca de cacao nutren intensamente el pelo. Precio <a href=\"https:\/\/www.trendencias.com\/redirect?url=https%3A%2F%2Fwww.elcorteingles.es%2Fcanarias%2Fperfumeria-general%2FA24343953-acondicionador-keratina-brasilena-ogx%2F&amp;category=belleza\">7,25 euros<\/a>.<\/p>\n<p><!-- BREAK 11 --><!-- PIVOT START --><\/p>\n<div class=\"pivot-ecommerce-container\">\n<div class=\"pivot-ecommerce\" readability=\"3.3428571428571\">\n<div class=\"pivot-ecommerce-figure\"> <img alt=\"Acondicionador Keratina Brasile\u00f1a Ogx\" src=\"http:\/\/hoycordobaweb.com\/wp-content\/uploads\/2021\/08\/nueve-tratamientos-para-recuperar-el-cabello-despues-del-verano-y-comenzar-la-rentree-con-la-mejor-melena-16.jpg\"> <\/div>\n<div class=\"pivot-ecommerce-summary\" readability=\"3.9\">\n<p class=\"pivot-ecommerce-desc\">Acondicionador Keratina Brasile\u00f1a Ogx<\/p>\n<\/p><\/div><\/div>\n<\/div>\n<p><!-- PIVOT END --><\/p>\n<div class=\"article-asset-image article-asset-normal article-asset-center\">\n<div class=\"asset-content\">\n<div class=\"base-wrapper-image\"> <img class=\"sf-lazy centro_sinmarco\" data-sf-srcset=\"http:\/\/hoycordobaweb.com\/wp-content\/uploads\/2021\/08\/nueve-tratamientos-para-recuperar-el-cabello-despues-del-verano-y-comenzar-la-rentree-con-la-mejor-melena-17.jpg 450w, http:\/\/hoycordobaweb.com\/wp-content\/uploads\/2021\/08\/nueve-tratamientos-para-recuperar-el-cabello-despues-del-verano-y-comenzar-la-rentree-con-la-mejor-melena-44.jpg 681w,http:\/\/hoycordobaweb.com\/wp-content\/uploads\/2021\/08\/nueve-tratamientos-para-recuperar-el-cabello-despues-del-verano-y-comenzar-la-rentree-con-la-mejor-melena-45.jpg 1024w, http:\/\/hoycordobaweb.com\/wp-content\/uploads\/2021\/08\/nueve-tratamientos-para-recuperar-el-cabello-despues-del-verano-y-comenzar-la-rentree-con-la-mejor-melena-46.jpg 1366w,\" data-sf-src=\"http:\/\/hoycordobaweb.com\/wp-content\/uploads\/2021\/08\/nueve-tratamientos-para-recuperar-el-cabello-despues-del-verano-y-comenzar-la-rentree-con-la-mejor-melena-17.jpg\" alt=\"pelo\"> <noscript><img alt=\"pelo\" class=\"centro_sinmarco\" src=\"http:\/\/hoycordobaweb.com\/wp-content\/uploads\/2021\/08\/nueve-tratamientos-para-recuperar-el-cabello-despues-del-verano-y-comenzar-la-rentree-con-la-mejor-melena-17.jpg\"><\/noscript> <\/div><\/div>\n<\/div>\n<p>Los aceites tambi\u00e9n son una estup\u00e9ndisima opci\u00f3n a la hora de elegir un tratamiento reparador. Como el aceite <strong>Densificaci\u00f3n de m\u00faltiples p\u00e9ptidos S\u00e9rum Capilar The Ordinary<\/strong> .que es un concentrado de p\u00e9ptidos que aporta grosor a los cabellos da\u00f1ados y densidad, adem\u00e1s de reparar y nutrir la fibra capilar. Precio <a href=\"https:\/\/www.trendencias.com\/redirect?url=https%3A%2F%2Fwww.sephora.es%2Fp%2Fdensificacion-de-multiples-peptidos---serum-capilar-502447.html%3Futm_source%3Dgoogle%26utm_medium%3Dcpc%26utm_campaign%3D%26gclid%3DCjwKCAjwsNiIBhBdEiwAJK4khlNnuSG9TjPzFMSqBA_OCVFUpCpjdky4oRPAgBLsiCmbBrZoqsTI7xoCKWoQAvD_BwE%23product-info&amp;category=belleza\">17,99 euros<\/a>.<\/p>\n<p><!-- BREAK 12 --><!-- PIVOT START --><\/p>\n<div class=\"pivot-ecommerce-container\">\n<div class=\"pivot-ecommerce\" readability=\"4.2077922077922\">\n<div class=\"pivot-ecommerce-figure\"> <img alt=\"Densificaci\u00f3n de m\u00faltiples p\u00e9ptidos S\u00e9rum Capilar\" src=\"http:\/\/hoycordobaweb.com\/wp-content\/uploads\/2021\/08\/nueve-tratamientos-para-recuperar-el-cabello-despues-del-verano-y-comenzar-la-rentree-con-la-mejor-melena-18.jpg\"> <\/div>\n<div class=\"pivot-ecommerce-summary\" readability=\"4.9090909090909\">\n<p class=\"pivot-ecommerce-desc\">Densificaci\u00f3n de m\u00faltiples p\u00e9ptidos S\u00e9rum Capilar<\/p>\n<\/p><\/div><\/div>\n<\/div>\n<p><!-- PIVOT END --><\/p>\n<h2><strong>M\u00e1s ofertas<\/strong><\/h2>\n<p>Si te haces de <a href=\"https:\/\/amzn.to\/3yJZ34i\" rel=\"noopener noreferrer\" data-id=\"noopener noreferrer\">Amazon Prime<\/a>, &nbsp;&nbsp;dispones de 30 d\u00edas de prueba gratis (despu\u00e9s 36 euros al a\u00f1o) para &nbsp;&nbsp;disfrutar de env\u00edos r\u00e1pidos gratis, accesorio prioritario a ofertas, &nbsp;&nbsp;servicios como <a href=\"https:\/\/amzn.to\/2RRt6qn\" rel=\"noopener noreferrer\" data-id=\"noopener noreferrer\">Prime Video<\/a>, <a href=\"https:\/\/amzn.to\/3fIqi6Q\" rel=\"noopener noreferrer\" data-id=\"noopener noreferrer\">Prime Music<\/a> y almacenamiento de fotos ilimitado. Adem\u00e1s, si eres estudiante, hacerte de <a href=\"https:\/\/amzn.to\/2SxYnyo\" rel=\"noopener noreferrer\" data-id=\"noopener noreferrer\">Prime Student<\/a> cuesta la mitad y dispones de 90 d\u00edas de prueba.<br \/>Tambi\u00e9n puedes probar gratis durante 30 d\u00edas servicios como <a href=\"https:\/\/amzn.to\/3yJSO0o\" rel=\"noopener noreferrer\" data-id=\"noopener noreferrer\">Kindle Unlimited<\/a> o <a href=\"https:\/\/amzn.to\/3yF5ENz\" rel=\"noopener noreferrer\" data-id=\"noopener noreferrer\">Audible<\/a>.<\/p>\n<p><!-- BREAK 13 --><\/p>\n<p><em>Nota: algunos de los enlaces aqu\u00ed publicados son de afiliados. A pesar de ello, ninguno de los art\u00edculos mencionados han sido propuestos ni por las marcas ni por las tiendas, siendo su introducci\u00f3n una decisi\u00f3n \u00fanica del equipo de editores.<\/em><\/p>\n<p><!-- BREAK 14 --><\/p>\n<p>Foto | <a href=\"https:\/\/www.instagram.com\/leletny\/?hl=es\">@leletny<\/a><\/p>\n","protected":false},"excerpt":{"rendered":"<p>Y tras disfrutar de las vacaciones, toca una buena puesta a punto, especialmente el cabello, que es durante el verano cuando m\u00e1s se estropea y a la vuelta, necesita una buena dosis de mimos para recuperar su hidrataci\u00f3n, suavidad y el brillo, en definitiva, un reseteo en toda regla para comenzar la rentr\u00e9e con la [&hellip;]<\/p>\n","protected":false},"author":1,"featured_media":27094,"comment_status":"closed","ping_status":"closed","sticky":false,"template":"","format":"standard","meta":[],"categories":[1],"tags":[],"_links":{"self":[{"href":"http:\/\/hoycordobaweb.com\/index.php\/wp-json\/wp\/v2\/posts\/27093"}],"collection":[{"href":"http:\/\/hoycordobaweb.com\/index.php\/wp-json\/wp\/v2\/posts"}],"about":[{"href":"http:\/\/hoycordobaweb.com\/index.php\/wp-json\/wp\/v2\/types\/post"}],"author":[{"embeddable":true,"href":"http:\/\/hoycordobaweb.com\/index.php\/wp-json\/wp\/v2\/users\/1"}],"replies":[{"embeddable":true,"href":"http:\/\/hoycordobaweb.com\/index.php\/wp-json\/wp\/v2\/comments?post=27093"}],"version-history":[{"count":0,"href":"http:\/\/hoycordobaweb.com\/index.php\/wp-json\/wp\/v2\/posts\/27093\/revisions"}],"wp:featuredmedia":[{"embeddable":true,"href":"http:\/\/hoycordobaweb.com\/index.php\/wp-json\/wp\/v2\/media\/27094"}],"wp:attachment":[{"href":"http:\/\/hoycordobaweb.com\/index.php\/wp-json\/wp\/v2\/media?parent=27093"}],"wp:term":[{"taxonomy":"category","embeddable":true,"href":"http:\/\/hoycordobaweb.com\/index.php\/wp-json\/wp\/v2\/categories?post=27093"},{"taxonomy":"post_tag","embeddable":true,"href":"http:\/\/hoycordobaweb.com\/index.php\/wp-json\/wp\/v2\/tags?post=27093"}],"curies":[{"name":"wp","href":"https:\/\/api.w.org\/{rel}","templated":true}]}}