{"id":27022,"date":"2021-08-12T20:00:51","date_gmt":"2021-08-12T20:00:51","guid":{"rendered":"https:\/\/www.trendencias.com\/shopping\/seis-vestidos-veraniegos-para-ir-a-oficina-huir-calor-ciudad"},"modified":"2021-08-12T20:00:51","modified_gmt":"2021-08-12T20:00:51","slug":"seis-vestidos-veraniegos-para-ir-a-la-oficina-y-huir-del-calor-en-la-ciudad","status":"publish","type":"post","link":"http:\/\/hoycordobaweb.com\/index.php\/2021\/08\/12\/seis-vestidos-veraniegos-para-ir-a-la-oficina-y-huir-del-calor-en-la-ciudad\/","title":{"rendered":"Seis vestidos veraniegos para ir a la oficina y huir del calor en la ciudad"},"content":{"rendered":"<p>Aunque el verano est\u00e9 en todas partes y al abrir Instagram no hagamos m\u00e1s que ver fotos de playas paradis\u00edacas, barcos y gente de vacaciones, &nbsp;la realidad de muchas (entre las que me incluyo) es otra: <strong>trabajo, oficina y un calor de la leche<\/strong>.<\/p>\n<p><!-- BREAK 1 --><\/p>\n<div class=\"article-asset article-asset-normal article-asset-center\">\n<div class=\"desvio-container\">\n<div class=\"desvio\">\n<div class=\"desvio-figure js-desvio-figure\"> <a href=\"https:\/\/www.trendencias.com\/street-style\/looks-oficina-zapatillas-para-desprender-estilo-renunciar-comodidad\"> <img alt=\"Looks de oficina con zapatillas para desprender estilo sin renunciar a la comodidad\" src=\"http:\/\/hoycordobaweb.com\/wp-content\/uploads\/2021\/08\/seis-vestidos-veraniegos-para-ir-a-la-oficina-y-huir-del-calor-en-la-ciudad.jpg\"> <\/a> <\/div><\/div><\/div>\n<\/div>\n<p>Porque no, por mucho que la gente no pare de subir fotos por ah\u00ed, no todo son viajes en verano. Y aunque no podemos rebajar el calor (m\u00e1s que <a href=\"https:\/\/www.trendencias.com\/shopping\/nueve-ventiladores-modernos-clasicos-que-nos-ayudan-a-sobrellevar-ola-calor-a-combatir-altas-temperaturas\">recomend\u00e1ndote alg\u00fan que otro ventilador<\/a>), s\u00ed podemos ayudarte a conseguir <strong>looks fresquitos y bonitos<\/strong> para ir a la oficina con un poco m\u00e1s de actitud.<\/p>\n<p><!-- BREAK 2 --> <\/p>\n<p>Por eso hemos adaptado una de nuestras prendas favoritas del verano, los <a href=\"https:\/\/www.trendencias.com\/shopping\/cinco-vestidos-flores-h-m-que-no-necesitan-que-capazo-unas-sandalias-tipo-pala-para-brillar\">vestidos<\/a>, a looks de oficina. Aunque recuerda que lo informal se cuela en todos lados as\u00ed que, \u00bfpor qu\u00e9 no probar a llevarlos con unas <a href=\"https:\/\/www.trendencias.com\/shopping\/zapatillas-cana-alta-que-fichamos-que-vamos-a-disfrutar-todo-ano-tambien-durante-verano\">zapatillas de ca\u00f1a alta<\/a>?<\/p>\n<p><!-- BREAK 3 --><\/p>\n<h2>Vestido lunares<\/h2>\n<div class=\"article-asset-image article-asset-normal article-asset-center\">\n<div class=\"asset-content\">\n<div class=\"base-wrapper-image\"> <img class=\"sf-lazy centro_sinmarco\" data-sf-srcset=\"http:\/\/hoycordobaweb.com\/wp-content\/uploads\/2021\/08\/seis-vestidos-veraniegos-para-ir-a-la-oficina-y-huir-del-calor-en-la-ciudad-1.jpg 450w, http:\/\/hoycordobaweb.com\/wp-content\/uploads\/2021\/08\/seis-vestidos-veraniegos-para-ir-a-la-oficina-y-huir-del-calor-en-la-ciudad-8.jpg 681w,http:\/\/hoycordobaweb.com\/wp-content\/uploads\/2021\/08\/seis-vestidos-veraniegos-para-ir-a-la-oficina-y-huir-del-calor-en-la-ciudad-9.jpg 1024w, http:\/\/hoycordobaweb.com\/wp-content\/uploads\/2021\/08\/seis-vestidos-veraniegos-para-ir-a-la-oficina-y-huir-del-calor-en-la-ciudad-10.jpg 1366w,\" data-sf-src=\"http:\/\/hoycordobaweb.com\/wp-content\/uploads\/2021\/08\/seis-vestidos-veraniegos-para-ir-a-la-oficina-y-huir-del-calor-en-la-ciudad-1.jpg\" alt=\"Vestido Lunares Amazon Verde\"> <noscript><img alt=\"Vestido Lunares Amazon Verde\" class=\"centro_sinmarco\" src=\"http:\/\/hoycordobaweb.com\/wp-content\/uploads\/2021\/08\/seis-vestidos-veraniegos-para-ir-a-la-oficina-y-huir-del-calor-en-la-ciudad-1.jpg\"><\/noscript> <\/div><\/div>\n<\/div>\n<p>El <strong>cuello halter<\/strong> es uno de nuestros mejores amigos en verano y perfecto para la oficina por ese toque de elegancia que aporta. Y aunque el cuello es lo que primero nos ha llamado la atenci\u00f3n de este vestido, la pieza entera es ideal: <strong>lazada a la cintura<\/strong> que nos ayuda a definir la cintura y <strong>volantes en la falda<\/strong> para dar movimiento.<\/p>\n<p><!-- BREAK 4 --><\/p>\n<p>Adem\u00e1s los <strong>lunares<\/strong> son un estampado genial para cuando no queremos llevar colores lisos pero queremos salir un poco del t\u00edpico estampado de flores. \u00bfC\u00f3mo lo combinar\u00edamos? Con unas <strong>sandalias con tac\u00f3n<\/strong> como en la foto o con unas <strong>deportivas blancas<\/strong>, preferiblemente con algo de plataforma. <a href=\"https:\/\/amzn.to\/3jSqeDL\">15,99 euros<\/a>.<\/p>\n<p><!-- BREAK 5 --><!-- PIVOT START --><\/p>\n<div class=\"pivot-ecommerce-container\">\n<div class=\"pivot-ecommerce\" readability=\"3.7627118644068\">\n<div class=\"pivot-ecommerce-figure\"> <img alt=\"Vestido de lunares con cuello halter\" src=\"http:\/\/hoycordobaweb.com\/wp-content\/uploads\/2021\/08\/seis-vestidos-veraniegos-para-ir-a-la-oficina-y-huir-del-calor-en-la-ciudad.png\"> <\/div>\n<div class=\"pivot-ecommerce-summary\" readability=\"4.3898305084746\">\n<p class=\"pivot-ecommerce-desc\">Vestido de lunares con cuello halter<\/p>\n<\/p><\/div><\/div>\n<\/div>\n<p><!-- PIVOT END --><\/p>\n<h2>Vestido estampado estilo camisero<\/h2>\n<div class=\"article-asset-image article-asset-normal article-asset-center\">\n<div class=\"asset-content\">\n<div class=\"base-wrapper-image\"> <img class=\"sf-lazy centro_sinmarco\" data-sf-srcset=\"http:\/\/hoycordobaweb.com\/wp-content\/uploads\/2021\/08\/seis-vestidos-veraniegos-para-ir-a-la-oficina-y-huir-del-calor-en-la-ciudad-2.jpg 450w, http:\/\/hoycordobaweb.com\/wp-content\/uploads\/2021\/08\/seis-vestidos-veraniegos-para-ir-a-la-oficina-y-huir-del-calor-en-la-ciudad-11.jpg 681w,http:\/\/hoycordobaweb.com\/wp-content\/uploads\/2021\/08\/seis-vestidos-veraniegos-para-ir-a-la-oficina-y-huir-del-calor-en-la-ciudad-12.jpg 1024w, http:\/\/hoycordobaweb.com\/wp-content\/uploads\/2021\/08\/seis-vestidos-veraniegos-para-ir-a-la-oficina-y-huir-del-calor-en-la-ciudad-13.jpg 1366w,\" data-sf-src=\"http:\/\/hoycordobaweb.com\/wp-content\/uploads\/2021\/08\/seis-vestidos-veraniegos-para-ir-a-la-oficina-y-huir-del-calor-en-la-ciudad-2.jpg\" alt=\"Vestido Estampado Estilo Camisero\"> <noscript><img alt=\"Vestido Estampado Estilo Camisero\" class=\"centro_sinmarco\" src=\"http:\/\/hoycordobaweb.com\/wp-content\/uploads\/2021\/08\/seis-vestidos-veraniegos-para-ir-a-la-oficina-y-huir-del-calor-en-la-ciudad-2.jpg\"><\/noscript> <\/div><\/div>\n<\/div>\n<p>Los <strong>vestidos camiseros<\/strong> son una buena opci\u00f3n para esos d\u00edas en los que no sabes que ponerte pero quieres ir c\u00f3moda. El corte <strong>midi<\/strong> y el color <strong>negro estampado<\/strong> de este lo hace perfecto para ir a la oficina en los d\u00edas m\u00e1s calurosos.<\/p>\n<p><!-- BREAK 6 --><\/p>\n<p>\u00bfNuestra recomendaci\u00f3n? Si tu <em>dress code<\/em> no es tan formal y quieres experimentar, atr\u00e9vete y ponte alguna de tus <em><strong>sneakers<\/strong><\/em> favoritas (mejor si tienen algo de color mejor, para contrastar con la monocrom\u00eda). Si no es tu caso, prueba con unas <strong>zapatillas de lona blancas o unas sandalias de cu\u00f1a<\/strong> b\u00e1sicas. Desde <a href=\"https:\/\/amzn.to\/3scHWpi\">31,48 euros<\/a>.<\/p>\n<p><!-- BREAK 7 --><!-- PIVOT START --><\/p>\n<div class=\"pivot-ecommerce-container\">\n<div class=\"pivot-ecommerce\" readability=\"3.2903225806452\">\n<div class=\"pivot-ecommerce-figure\"> <img alt=\"Vestido estampado estilo camisero\" src=\"http:\/\/hoycordobaweb.com\/wp-content\/uploads\/2021\/08\/seis-vestidos-veraniegos-para-ir-a-la-oficina-y-huir-del-calor-en-la-ciudad-1.png\"> <\/div>\n<div class=\"pivot-ecommerce-summary\" readability=\"3.8387096774194\">\n<p class=\"pivot-ecommerce-desc\">Vestido estampado estilo camisero<\/p>\n<\/p><\/div><\/div>\n<\/div>\n<p><!-- PIVOT END --><\/p>\n<h2>Vestido midi azul estampado<\/h2>\n<div class=\"article-asset-image article-asset-normal article-asset-center\">\n<div class=\"asset-content\">\n<div class=\"base-wrapper-image\"> <img class=\"sf-lazy centro_sinmarco\" data-sf-srcset=\"http:\/\/hoycordobaweb.com\/wp-content\/uploads\/2021\/08\/seis-vestidos-veraniegos-para-ir-a-la-oficina-y-huir-del-calor-en-la-ciudad-3.jpg 450w, http:\/\/hoycordobaweb.com\/wp-content\/uploads\/2021\/08\/seis-vestidos-veraniegos-para-ir-a-la-oficina-y-huir-del-calor-en-la-ciudad-14.jpg 681w,http:\/\/hoycordobaweb.com\/wp-content\/uploads\/2021\/08\/seis-vestidos-veraniegos-para-ir-a-la-oficina-y-huir-del-calor-en-la-ciudad-15.jpg 1024w, http:\/\/hoycordobaweb.com\/wp-content\/uploads\/2021\/08\/seis-vestidos-veraniegos-para-ir-a-la-oficina-y-huir-del-calor-en-la-ciudad-16.jpg 1366w,\" data-sf-src=\"http:\/\/hoycordobaweb.com\/wp-content\/uploads\/2021\/08\/seis-vestidos-veraniegos-para-ir-a-la-oficina-y-huir-del-calor-en-la-ciudad-3.jpg\" alt=\"Vestido Azul\"> <noscript><img alt=\"Vestido Azul\" class=\"centro_sinmarco\" src=\"http:\/\/hoycordobaweb.com\/wp-content\/uploads\/2021\/08\/seis-vestidos-veraniegos-para-ir-a-la-oficina-y-huir-del-calor-en-la-ciudad-3.jpg\"><\/noscript> <\/div><\/div>\n<\/div>\n<p>Este vestido entre el color <strong>azul cielo<\/strong>,<strong> <\/strong>el<strong> estampado<\/strong> y el <strong>corte relajado<\/strong> nos tiene enamoradas. Al tener un escote en uve poco pronunciado es perfecto para la oficina, y las mangas francesas con pu\u00f1o el\u00e1stico son un puntazo.<\/p>\n<p><!-- BREAK 8 --><\/p>\n<p>Es ideal para cualquier ocasi\u00f3n m\u00e1s all\u00e1 de la oficina: paseo por la playa, tarde con amigas, cita en el parque&#8230; Porque adem\u00e1s de bonito es c\u00f3modo. \u00bfPara conjuntar? Unas <strong>sandalias de pala<\/strong>, unos <strong>mules<\/strong> o incluso unas <strong>zapatillas<\/strong> y lista para tu d\u00eda de trabajo (y para el <em>afterwork<\/em>). Desde <a href=\"https:\/\/amzn.to\/3lXW98c\">51,43 euros<\/a>.<\/p>\n<p><!-- BREAK 9 --><!-- PIVOT START --><\/p>\n<div class=\"pivot-ecommerce-container\">\n<div class=\"pivot-ecommerce\" readability=\"3\">\n<div class=\"pivot-ecommerce-figure\"> <img alt=\"Vestido midi azul estampado\" src=\"http:\/\/hoycordobaweb.com\/wp-content\/uploads\/2021\/08\/seis-vestidos-veraniegos-para-ir-a-la-oficina-y-huir-del-calor-en-la-ciudad-2.png\"> <\/div>\n<div class=\"pivot-ecommerce-summary\" readability=\"3.5\">\n<p class=\"pivot-ecommerce-desc\">Vestido midi azul estampado<\/p>\n<\/p><\/div><\/div>\n<\/div>\n<p><!-- PIVOT END --><\/p>\n<h2>Vestido largo de lunares blanco<\/h2>\n<div class=\"article-asset-image article-asset-normal article-asset-center\">\n<div class=\"asset-content\">\n<div class=\"base-wrapper-image\"> <img class=\"sf-lazy centro_sinmarco\" data-sf-srcset=\"http:\/\/hoycordobaweb.com\/wp-content\/uploads\/2021\/08\/seis-vestidos-veraniegos-para-ir-a-la-oficina-y-huir-del-calor-en-la-ciudad-4.jpg 450w, http:\/\/hoycordobaweb.com\/wp-content\/uploads\/2021\/08\/seis-vestidos-veraniegos-para-ir-a-la-oficina-y-huir-del-calor-en-la-ciudad-17.jpg 681w,http:\/\/hoycordobaweb.com\/wp-content\/uploads\/2021\/08\/seis-vestidos-veraniegos-para-ir-a-la-oficina-y-huir-del-calor-en-la-ciudad-18.jpg 1024w, http:\/\/hoycordobaweb.com\/wp-content\/uploads\/2021\/08\/seis-vestidos-veraniegos-para-ir-a-la-oficina-y-huir-del-calor-en-la-ciudad-19.jpg 1366w,\" data-sf-src=\"http:\/\/hoycordobaweb.com\/wp-content\/uploads\/2021\/08\/seis-vestidos-veraniegos-para-ir-a-la-oficina-y-huir-del-calor-en-la-ciudad-4.jpg\" alt=\"Vestido Lunares Blancos\"> <noscript><img alt=\"Vestido Lunares Blancos\" class=\"centro_sinmarco\" src=\"http:\/\/hoycordobaweb.com\/wp-content\/uploads\/2021\/08\/seis-vestidos-veraniegos-para-ir-a-la-oficina-y-huir-del-calor-en-la-ciudad-4.jpg\"><\/noscript> <\/div><\/div>\n<\/div>\n<p>Lo hemos dicho en el primer vestido de la selecci\u00f3n y nos reafirmamos ahora: los <strong>lunares<\/strong> son un estampado de lo m\u00e1s socorrido. Este es m\u00e1s cl\u00e1sico, eso s\u00ed, porque combina negro y blanco. Pero sin duda el escote en uve y el largo maxi son un acierto para la ofi (y para ponernos fuera de ella).<\/p>\n<p><!-- BREAK 10 --><\/p>\n<p>Si refresca, con una chaqueta vaquera tendr\u00e1s m\u00e1s que hecho el look. Y si quieres darle un toque especial <strong>prueba a ponerle un cintur\u00f3n<\/strong>. Para el calzado nuestra propuesta no podr\u00eda ser otra que unas <strong>sandalias planas<\/strong> (o con plataforma) de colores neutros ( marr\u00f3n, beige o negro sobre todo), aunque unas zapatillas bien escogidas tambi\u00e9n pueden servirnos. <a href=\"https:\/\/amzn.to\/2VSKOM1\">20,99 euros<\/a>.<\/p>\n<p><!-- BREAK 11 --><!-- PIVOT START --><\/p>\n<div class=\"pivot-ecommerce-container\">\n<div class=\"pivot-ecommerce\" readability=\"3.5555555555556\">\n<div class=\"pivot-ecommerce-figure\"> <img alt=\"Vestido largo de lunares blanco\" src=\"http:\/\/hoycordobaweb.com\/wp-content\/uploads\/2021\/08\/seis-vestidos-veraniegos-para-ir-a-la-oficina-y-huir-del-calor-en-la-ciudad-3.png\"> <\/div>\n<div class=\"pivot-ecommerce-summary\" readability=\"4.1481481481481\">\n<p class=\"pivot-ecommerce-desc\">Vestido largo de lunares blanco<\/p>\n<\/p><\/div><\/div>\n<\/div>\n<p><!-- PIVOT END --><\/p>\n<h2>Vestido largo rom\u00e1ntico beige de Pepe Jeans<\/h2>\n<div class=\"article-asset-image article-asset-normal article-asset-center\">\n<div class=\"asset-content\">\n<div class=\"base-wrapper-image\"> <img class=\"sf-lazy centro_sinmarco\" data-sf-srcset=\"http:\/\/hoycordobaweb.com\/wp-content\/uploads\/2021\/08\/seis-vestidos-veraniegos-para-ir-a-la-oficina-y-huir-del-calor-en-la-ciudad-5.jpg 450w, http:\/\/hoycordobaweb.com\/wp-content\/uploads\/2021\/08\/seis-vestidos-veraniegos-para-ir-a-la-oficina-y-huir-del-calor-en-la-ciudad-20.jpg 681w,http:\/\/hoycordobaweb.com\/wp-content\/uploads\/2021\/08\/seis-vestidos-veraniegos-para-ir-a-la-oficina-y-huir-del-calor-en-la-ciudad-21.jpg 1024w, http:\/\/hoycordobaweb.com\/wp-content\/uploads\/2021\/08\/seis-vestidos-veraniegos-para-ir-a-la-oficina-y-huir-del-calor-en-la-ciudad-22.jpg 1366w,\" data-sf-src=\"http:\/\/hoycordobaweb.com\/wp-content\/uploads\/2021\/08\/seis-vestidos-veraniegos-para-ir-a-la-oficina-y-huir-del-calor-en-la-ciudad-5.jpg\" alt=\"Vestido Pepe Jeans\"> <noscript><img alt=\"Vestido Pepe Jeans\" class=\"centro_sinmarco\" src=\"http:\/\/hoycordobaweb.com\/wp-content\/uploads\/2021\/08\/seis-vestidos-veraniegos-para-ir-a-la-oficina-y-huir-del-calor-en-la-ciudad-5.jpg\"><\/noscript> <\/div><\/div>\n<\/div>\n<p>Los detalles <strong>calados<\/strong> y la forma de este vestido son ideales para crear un look rom\u00e1ntico y formal, para llevar a la oficina o donde prefieras. El que sea <strong>beige<\/strong> y no blanco nos gusta mucho para combinar con colores c\u00e1lidos m\u00e1s f\u00e1cilmente. Est\u00e1 compuesto en un 70% de <strong>algod\u00f3n<\/strong> (el resto es viscosa), por lo que tiene forma y a la vez vuelo.<\/p>\n<p><!-- BREAK 12 --><\/p>\n<p>\u00bfA los pies? En este vestido lo tenemos claro: sandalias a tutipl\u00e9n. Porque todo tipo de <strong>sandalia<\/strong> en (pr\u00e1cticamente) cualquier color le ir\u00e1 bien: altas, planas, estilo romana, con plataforma&#8230; <a href=\"https:\/\/amzn.to\/3xQYdBv\">77 euros<\/a>.<\/p>\n<p><!-- BREAK 13 --><!-- PIVOT START --><\/p>\n<div class=\"pivot-ecommerce-container\">\n<div class=\"pivot-ecommerce\" readability=\"4.0298507462687\">\n<div class=\"pivot-ecommerce-figure\"> <img alt=\"Vestido largo rom\u00e1ntico beige de Pepe Jeans\" src=\"http:\/\/hoycordobaweb.com\/wp-content\/uploads\/2021\/08\/seis-vestidos-veraniegos-para-ir-a-la-oficina-y-huir-del-calor-en-la-ciudad-4.png\"> <\/div>\n<div class=\"pivot-ecommerce-summary\" readability=\"4.7014925373134\">\n<p class=\"pivot-ecommerce-desc\">Vestido largo rom\u00e1ntico beige de Pepe Jeans<\/p>\n<\/p><\/div><\/div>\n<\/div>\n<p><!-- PIVOT END --><\/p>\n<h2>Vestido de flores de Guess<\/h2>\n<div class=\"article-asset-image article-asset-normal article-asset-center\">\n<div class=\"asset-content\">\n<div class=\"base-wrapper-image\"> <img class=\"sf-lazy centro_sinmarco\" data-sf-srcset=\"http:\/\/hoycordobaweb.com\/wp-content\/uploads\/2021\/08\/seis-vestidos-veraniegos-para-ir-a-la-oficina-y-huir-del-calor-en-la-ciudad-6.jpg 450w, http:\/\/hoycordobaweb.com\/wp-content\/uploads\/2021\/08\/seis-vestidos-veraniegos-para-ir-a-la-oficina-y-huir-del-calor-en-la-ciudad-23.jpg 681w,http:\/\/hoycordobaweb.com\/wp-content\/uploads\/2021\/08\/seis-vestidos-veraniegos-para-ir-a-la-oficina-y-huir-del-calor-en-la-ciudad-24.jpg 1024w, http:\/\/hoycordobaweb.com\/wp-content\/uploads\/2021\/08\/seis-vestidos-veraniegos-para-ir-a-la-oficina-y-huir-del-calor-en-la-ciudad-25.jpg 1366w,\" data-sf-src=\"http:\/\/hoycordobaweb.com\/wp-content\/uploads\/2021\/08\/seis-vestidos-veraniegos-para-ir-a-la-oficina-y-huir-del-calor-en-la-ciudad-6.jpg\" alt=\"Vestido Flores Guess\"> <noscript><img alt=\"Vestido Flores Guess\" class=\"centro_sinmarco\" src=\"http:\/\/hoycordobaweb.com\/wp-content\/uploads\/2021\/08\/seis-vestidos-veraniegos-para-ir-a-la-oficina-y-huir-del-calor-en-la-ciudad-6.jpg\"><\/noscript> <\/div><\/div>\n<\/div>\n<p>Este <strong>vestido de Guess<\/strong> es perfecto para salir a la calle, tomar algo con tus amigas o para lo que m\u00e1s buscamos en este art\u00edculo: ir a la oficina. Al ser de <strong>manga larga<\/strong> podremos llevarlo desde finales de agosto hasta principios de octubre (si el tiempo nos deja).<\/p>\n<p><!-- BREAK 14 --><\/p>\n<p>Y si refresca con unas medias podremos llevarlo incluso con temperaturas m\u00e1s bajas. Porque la verdad que el <strong>estampado tropical florido<\/strong> es ideal para todo el a\u00f1o. \u00bfC\u00f3mo combinarlo? Aunque pide a gritos zapatos m\u00e1s <strong>elegantes<\/strong> como los de la foto, si quieres ir c\u00f3moda prueba a pon\u00e9rtelo con algunas <strong>zapatillas de lona<\/strong>. Desde <a href=\"https:\/\/amzn.to\/3semD6K\">92 euros<\/a>.<\/p>\n<p><!-- BREAK 15 --><!-- PIVOT START --><\/p>\n<div class=\"pivot-ecommerce-container\">\n<div class=\"pivot-ecommerce\" readability=\"2.9454545454545\">\n<div class=\"pivot-ecommerce-figure\"> <img alt=\"Vestido de flores de Guess\" src=\"http:\/\/hoycordobaweb.com\/wp-content\/uploads\/2021\/08\/seis-vestidos-veraniegos-para-ir-a-la-oficina-y-huir-del-calor-en-la-ciudad-5.png\"> <\/div>\n<div class=\"pivot-ecommerce-summary\" readability=\"3.4363636363636\">\n<p class=\"pivot-ecommerce-desc\">Vestido de flores de Guess<\/p>\n<\/p><\/div><\/div>\n<\/div>\n<p><!-- PIVOT END --><\/p>\n<h2><strong>M\u00e1s ofertas<\/strong><\/h2>\n<p>Si te haces de <a href=\"https:\/\/amzn.to\/3yJZ34i\" rel=\"noopener noreferrer\" data-id=\"noopener noreferrer\">Amazon Prime<\/a>, dispones de 30 d\u00edas de prueba gratis (despu\u00e9s 36 euros al a\u00f1o) para disfrutar de env\u00edos r\u00e1pidos gratis, accesorio prioritario a ofertas, servicios como <a href=\"https:\/\/amzn.to\/2RRt6qn\" rel=\"noopener noreferrer\" data-id=\"noopener noreferrer\">Prime Video<\/a>, <a href=\"https:\/\/amzn.to\/3fIqi6Q\" rel=\"noopener noreferrer\" data-id=\"noopener noreferrer\">Prime Music<\/a> y almacenamiento de fotos ilimitado. Adem\u00e1s, si eres estudiante, hacerte de <a href=\"https:\/\/amzn.to\/2SxYnyo\" rel=\"noopener noreferrer\" data-id=\"noopener noreferrer\">Prime Student<\/a> cuesta la mitad y dispones de 90 d\u00edas de prueba.<br \/>Tambi\u00e9n puedes probar gratis durante 30 d\u00edas servicios como <a href=\"https:\/\/amzn.to\/3yJSO0o\" rel=\"noopener noreferrer\" data-id=\"noopener noreferrer\">Kindle Unlimited<\/a> o <a href=\"https:\/\/amzn.to\/3yF5ENz\" rel=\"noopener noreferrer\" data-id=\"noopener noreferrer\">Audible<\/a>.<\/p>\n<p><!-- BREAK 16 --><\/p>\n<p><em>Nota: algunos de los enlaces aqu\u00ed publicados son de afiliados. A pesar de ello, ninguno de los art\u00edculos mencionados han sido propuestos ni por las marcas ni por las tiendas, siendo su introducci\u00f3n una decisi\u00f3n \u00fanica del equipo de editores.<\/em><\/p>\n<p><!-- BREAK 17 --><\/p>\n<p>Fotograf\u00eda de portada | @collagevintage<\/p>\n<p>Fotos | Amazon<\/p>\n","protected":false},"excerpt":{"rendered":"<p>Aunque el verano est\u00e9 en todas partes y al abrir Instagram no hagamos m\u00e1s que ver fotos de playas paradis\u00edacas, barcos y gente de vacaciones, &nbsp;la realidad de muchas (entre las que me incluyo) es otra: trabajo, oficina y un calor de la leche. Porque no, por mucho que la gente no pare de subir [&hellip;]<\/p>\n","protected":false},"author":1,"featured_media":27023,"comment_status":"closed","ping_status":"closed","sticky":false,"template":"","format":"standard","meta":[],"categories":[1],"tags":[],"_links":{"self":[{"href":"http:\/\/hoycordobaweb.com\/index.php\/wp-json\/wp\/v2\/posts\/27022"}],"collection":[{"href":"http:\/\/hoycordobaweb.com\/index.php\/wp-json\/wp\/v2\/posts"}],"about":[{"href":"http:\/\/hoycordobaweb.com\/index.php\/wp-json\/wp\/v2\/types\/post"}],"author":[{"embeddable":true,"href":"http:\/\/hoycordobaweb.com\/index.php\/wp-json\/wp\/v2\/users\/1"}],"replies":[{"embeddable":true,"href":"http:\/\/hoycordobaweb.com\/index.php\/wp-json\/wp\/v2\/comments?post=27022"}],"version-history":[{"count":0,"href":"http:\/\/hoycordobaweb.com\/index.php\/wp-json\/wp\/v2\/posts\/27022\/revisions"}],"wp:featuredmedia":[{"embeddable":true,"href":"http:\/\/hoycordobaweb.com\/index.php\/wp-json\/wp\/v2\/media\/27023"}],"wp:attachment":[{"href":"http:\/\/hoycordobaweb.com\/index.php\/wp-json\/wp\/v2\/media?parent=27022"}],"wp:term":[{"taxonomy":"category","embeddable":true,"href":"http:\/\/hoycordobaweb.com\/index.php\/wp-json\/wp\/v2\/categories?post=27022"},{"taxonomy":"post_tag","embeddable":true,"href":"http:\/\/hoycordobaweb.com\/index.php\/wp-json\/wp\/v2\/tags?post=27022"}],"curies":[{"name":"wp","href":"https:\/\/api.w.org\/{rel}","templated":true}]}}