{"id":26993,"date":"2021-08-12T15:33:06","date_gmt":"2021-08-12T15:33:06","guid":{"rendered":"https:\/\/manoamanocba.com.ar\/?p=4635"},"modified":"2021-08-12T15:33:06","modified_gmt":"2021-08-12T15:33:06","slug":"elecciones-2021-cuando-se-votan-las-paso-y-las-generales","status":"publish","type":"post","link":"http:\/\/hoycordobaweb.com\/index.php\/2021\/08\/12\/elecciones-2021-cuando-se-votan-las-paso-y-las-generales\/","title":{"rendered":"Elecciones 2021: cu\u00e1ndo se votan las PASO y las generales"},"content":{"rendered":"<div><img src=\"http:\/\/hoycordobaweb.com\/wp-content\/uploads\/2021\/08\/elecciones-2021-cuando-se-votan-las-paso-y-las-generales.jpg\" class=\"ff-og-image-inserted\"><\/div>\n<p>Los comicios debieron cambiar de fecha por \u00fanica vez debido a la pandemia de coronavirus, luego de la aprobaci\u00f3n de la ley en el Congreso.<\/p>\n<p>Las elecciones legislativas en Argentina de este a\u00f1o sufrieron un cambio de fecha \u201cpor \u00fanica vez debido contexto de pandemia por COVID-19\u2033, seg\u00fan lo estableci\u00f3 el Bolet\u00edn Oficial que promulg\u00f3 la ley que aprob\u00f3 el Congreso. Si bien se sol\u00edan realizar en los meses de agosto y octubre, este 2021 las fechas ser\u00e1n en septiembre y noviembre.<\/p>\n<p>La ley N\u00b0 27.631 sancionada por el Congreso Nacional el pasado 2 de junio estableci\u00f3 el nuevo cronograma electoral a ra\u00edz de la situaci\u00f3n epidemiol\u00f3gica que atraviesa el pa\u00eds. De esta forma, por \u00fanica vez, las elecciones Primarias, Abiertas, Simult\u00e1neas y Obligatorias (PASO) se realizar\u00e1n el domingo 12 de septiembre, mientras que las generales para votar el recambio de legisladores tendr\u00e1 su lugar el domingo 14 de noviembre.<\/p>\n<p>En esas fechas se votar\u00e1 para renovar la mitad de la C\u00e1mara de Diputados (127 de 257 bancas) y un tercio del Senado (24 de 72). Las provincias que eligen senadores son Catamarca, Chubut, C\u00f3rdoba, Corrientes, La Pampa, Mendoza, Santa Fe y Tucum\u00e1n.<\/p>\n<p>El art\u00edculo 3 de la norma tambi\u00e9n modific\u00f3 \u201cpor \u00fanica vez\u201d, \u201ccon car\u00e1cter de excepci\u00f3n\u201d y \u201csolo para las elecciones nacionales 2021\u2033, el plazo que estaba previsto para el registro de candidatos y pedido de oficializaci\u00f3n de listas, que fue \u201cde hasta 45 d\u00edas anteriores a la elecci\u00f3n\u201d, como ocurri\u00f3 el pasado 24 de julio.<\/p>\n","protected":false},"excerpt":{"rendered":"<p>Los comicios debieron cambiar de fecha por \u00fanica vez debido a la pandemia de coronavirus, luego de la aprobaci\u00f3n de la ley en el Congreso. Las elecciones legislativas en Argentina de este a\u00f1o sufrieron un cambio de fecha \u201cpor \u00fanica vez debido contexto de pandemia por COVID-19\u2033, seg\u00fan lo estableci\u00f3 el Bolet\u00edn Oficial que promulg\u00f3 [&hellip;]<\/p>\n","protected":false},"author":1,"featured_media":26994,"comment_status":"closed","ping_status":"closed","sticky":false,"template":"","format":"standard","meta":[],"categories":[19],"tags":[],"_links":{"self":[{"href":"http:\/\/hoycordobaweb.com\/index.php\/wp-json\/wp\/v2\/posts\/26993"}],"collection":[{"href":"http:\/\/hoycordobaweb.com\/index.php\/wp-json\/wp\/v2\/posts"}],"about":[{"href":"http:\/\/hoycordobaweb.com\/index.php\/wp-json\/wp\/v2\/types\/post"}],"author":[{"embeddable":true,"href":"http:\/\/hoycordobaweb.com\/index.php\/wp-json\/wp\/v2\/users\/1"}],"replies":[{"embeddable":true,"href":"http:\/\/hoycordobaweb.com\/index.php\/wp-json\/wp\/v2\/comments?post=26993"}],"version-history":[{"count":0,"href":"http:\/\/hoycordobaweb.com\/index.php\/wp-json\/wp\/v2\/posts\/26993\/revisions"}],"wp:featuredmedia":[{"embeddable":true,"href":"http:\/\/hoycordobaweb.com\/index.php\/wp-json\/wp\/v2\/media\/26994"}],"wp:attachment":[{"href":"http:\/\/hoycordobaweb.com\/index.php\/wp-json\/wp\/v2\/media?parent=26993"}],"wp:term":[{"taxonomy":"category","embeddable":true,"href":"http:\/\/hoycordobaweb.com\/index.php\/wp-json\/wp\/v2\/categories?post=26993"},{"taxonomy":"post_tag","embeddable":true,"href":"http:\/\/hoycordobaweb.com\/index.php\/wp-json\/wp\/v2\/tags?post=26993"}],"curies":[{"name":"wp","href":"https:\/\/api.w.org\/{rel}","templated":true}]}}