{"id":2697,"date":"2020-10-02T13:18:30","date_gmt":"2020-10-02T13:18:30","guid":{"rendered":"https:\/\/ladecimaweb.com\/?p=6958"},"modified":"2020-10-02T13:18:30","modified_gmt":"2020-10-02T13:18:30","slug":"asciende-al-59-el-nivel-de-ocupacion-de-camas-criticas-para-covid-19-en-cordoba","status":"publish","type":"post","link":"http:\/\/hoycordobaweb.com\/index.php\/2020\/10\/02\/asciende-al-59-el-nivel-de-ocupacion-de-camas-criticas-para-covid-19-en-cordoba\/","title":{"rendered":"Asciende al 59% el nivel de ocupaci\u00f3n de camas cr\u00edticas para Covid-19 en C\u00f3rdoba"},"content":{"rendered":"<p><a href=\"https:\/\/www.cba.gov.ar\/covid-19-informe-diario-de-la-situacion-en-la-provincia-20\/\">(Web oficial)<\/a> El Ministerio de Salud de C\u00f3rdoba inform\u00f3\u00a0 que este jueves se confirmaron <strong>1.965 nuevos casos de Covid-19<\/strong>, de los cuales\u00a0<strong>810 corresponden a C\u00f3rdoba capital y 1.155 al interior,\u00a0<\/strong>con la siguiente distribuci\u00f3n por departamentos<strong>:<\/strong><\/p>\n<ul>\n<li><strong>Calamuchita:\u00a0<\/strong>Embalse 15; R\u00edo de los Sauces 1; Santa Rosa de Calamuchita 6; Segunda Usina 1; Villa Rumipal 1.<\/li>\n<li><strong>Col\u00f3n:<\/strong>\u00a0Colonia Caroya 5; Colonia Tirolesa 3; Estaci\u00f3n General Paz 1; Estaci\u00f3n Ju\u00e1rez Celman 1; Jes\u00fas Mar\u00eda 7; La Calera 18; Malvinas Argentinas 7; Mendiolaza 8; Mi Granja 1; R\u00edo Ceballos 4; Sald\u00e1n 14; Salsipuedes 4; Unquillo 7; Villa Allende 13; Sin datos de localidad 12.<\/li>\n<li><strong>Cruz del Eje:<\/strong>\u00a0Ciudad de Cruz del Eje 9; Villa de Soto 1.<\/li>\n<li><strong>General Roca:<\/strong>\u00a0Huinca Renanc\u00f3 5; Ital\u00f3 4; Pincen 2; Villa Valeria 1; Sin datos de localidad 2.<\/li>\n<li><strong>General San Mart\u00edn:<\/strong>\u00a0Arroyo Cabral 4; Etruria 2; La Laguna 11; La Palestina 1; Luca 2; Pasco 1; Ticino 3; T\u00edo Pujio 6; Villa Mar\u00eda 125; Villa Nueva 25.<\/li>\n<li><strong>Ischil\u00edn:<\/strong>\u00a0De\u00e1n Funes 10; Quilino 3.<\/li>\n<li><strong>Ju\u00e1rez Celman:<\/strong>\u00a0Carnerillo 1; General Cabrera 4; General Deheza 15; La Carlota 13; Santa Eufemia 1; Sin datos de localidad 1.<\/li>\n<li><strong>Marcos Ju\u00e1rez:<\/strong>\u00a0Arias 1; Camilo Aldao 7; Colonia Italiana 2; Corral de Bustos 19; Cruz Alta 34; General Roca 2; Guatimoz\u00edn 1; Inriville 1; Leones 11; Los Surgentes 3; ciudad de Marcos Ju\u00e1rez 22; Monte Buey 13; Sin datos de localidad 1.<\/li>\n<li><strong>Presidente R. S\u00e1enz Pe\u00f1a:\u00a0<\/strong>Laboulaye 12.<\/li>\n<li><strong>Punilla:<\/strong>\u00a0Capilla del Monte 3; Cosqu\u00edn 1; Estancia Vieja 1; San Antonio de Arredondo 2; Villa Carlos Paz 22; Villa Santa Cruz del Lago 1.<\/li>\n<li><strong>R\u00edo Cuarto:<\/strong>\u00a0Adelia Mar\u00eda 30; Alcira Gigena 1; Berrotar\u00e1n 18; Chaj\u00e1n 1; Coronel Baigorria 2; Coronel Moldes 3; Las Acequias 1; Las Higueras 21; ciudad de R\u00edo Cuarto 134; Sampacho 13; Vicu\u00f1a Mackenna 1.<\/li>\n<li><strong>R\u00edo Primero:<\/strong>\u00a0Monte Cristo 7; Obispo Trejo 1; Pedro E. Vivas 1; Piquill\u00edn 2; ciudad de R\u00edo Primero 6; Villa Santa Rosa 6.<\/li>\n<li><strong>R\u00edo Seco:<\/strong>\u00a0Cerro Colorado 1; Villa de Mar\u00eda 1; Sin datos de localidad 2.<\/li>\n<li><strong>R\u00edo Segundo:<\/strong>\u00a0Calch\u00edn 1; Calch\u00edn Oeste 2; Costa Sacate 1; Laguna Larga 2; Las Junturas 3; Luque 7; Matorrales 2; Oncativo 20; Pilar 2; Pozo del Molle 4; ciudad de R\u00edo Segundo 1; Villa del Rosario 21.<\/li>\n<li><strong>San Alberto:<\/strong>\u00a0Villa Sarmiento 3; Sin datos de localidad 3.<\/li>\n<li><strong>San Javier:<\/strong>\u00a0Villa Dolores 14.<\/li>\n<li><strong>San Justo:<\/strong>\u00a0Arroyito 2; Balnearia 2; Colonia Marina 1; Devoto 4; Las Varillas 1; Morteros 1; Sacanta 2; San Francisco 43.<\/li>\n<li><strong>Santa Mar\u00eda:\u00a0<\/strong>Alta Gracia 34; Despe\u00f1aderos 1; Malague\u00f1o 7; Toledo 1; Villa Los Aromos 1; Sin dato de localidad 1.<\/li>\n<li><strong>Sobremonte:\u00a0<\/strong>Caminiaga 1; San Francisco del Cha\u00f1ar 4.<\/li>\n<li><strong>Tercero Arriba:\u00a0<\/strong>Almafuerte 6; Corralito 4; Dalmacio V\u00e9lez Sarsfield 1; General Fotheringham 1; Hernando 7; James Craik 4; Las Perdices 12; Los Zorros 1; Oliva 11; R\u00edo Tercero 56; Tancacha 3.<\/li>\n<li><strong>Totoral:\u00a0<\/strong>Villa del Totoral 3.<\/li>\n<li><strong>Tulumba:\u00a0<\/strong>Villa Tulumba 1.<\/li>\n<li><strong>Uni\u00f3n:\u00a0<\/strong>Ballesteros 5; Bell Ville 4; Canals 3; Justiniano Posse 27; Laborde 7; Noetinger 8; Pueblo Italiano 2; Wenceslao Escalante 2; Sin datos de localidad 3.<\/li>\n<\/ul>\n<p>Por otra parte,\u00a0<strong>en el d\u00eda de hoy se notific\u00f3 un caso al Sistema Nacional de Vigilancia de la Salud (SNVS<\/strong>), correspondiente a una persona con residencia en Ciudad Aut\u00f3noma de Buenos Aires, pero con domicilio legal en C\u00f3rdoba capital.<\/p>\n<p>De esta manera, la provincia de C\u00f3rdoba registra a la fecha un\u00a0<strong>total de 1.966 casos nuevos y un acumulado de 36.150 casos.<\/strong><\/p>\n<p>Desde el inicio de la pandemia hasta la fecha, en la provincia se realizaron\u00a0<strong>testeos con PCR (hisopados) a 287.560 personas<\/strong>. Esto resulta en una tasa de\u00a0<strong>76.469 personas estudiadas con PCR por mill\u00f3n de habitantes<\/strong>. Hoy se efectuaron\u00a0<strong>5.653\u00a0<\/strong><strong>estudios, de los cuales 4.180 son PCR, 73 test de ant\u00edgenos y 1.400 test serol\u00f3gicos<\/strong>.<\/p>\n<p><strong>Hoy se notificaron 16 fallecimientos por Covid-19\u00a0<\/strong>en la provincia de C\u00f3rdoba, seg\u00fan el detalle a continuaci\u00f3n:<\/p>\n<p><strong>Hombres<\/strong><\/p>\n<ul>\n<li>9 residentes de C\u00f3rdoba capital, de 27, 46, 58, 62, 71, 82, 85, 87 y 94 a\u00f1os.<\/li>\n<li>1 residente de Vicu\u00f1a Mackenna, de 73 a\u00f1os.<\/li>\n<li>1 residente de Charras, de 56 a\u00f1os.<\/li>\n<li>1 residente de Las Perdices, de 60 a\u00f1os.<\/li>\n<\/ul>\n<p><strong>Mujeres<\/strong><\/p>\n<ul>\n<li>3 residentes de C\u00f3rdoba capital, de 86, 91 y 91 a\u00f1os.<\/li>\n<li>1 residente de R\u00edo Cuarto, de 60 a\u00f1os.<\/li>\n<\/ul>\n<p>Todas las personas se encontraban internadas y presentaban antecedentes de patolog\u00edas previas.\u00a0<strong>Hasta la fecha se han producido en total 411 decesos por esta causa.<\/strong><\/p>\n<p>En cuanto a\u00a0<strong>las personas recuperadas<\/strong>, la proporci\u00f3n de altas en relaci\u00f3n con el total de casos confirmados en la provincia de C\u00f3rdoba es de\u00a0<strong>47%.<\/strong><\/p>\n<p><strong>Ocupaci\u00f3n de camas cr\u00edticas para adultos<\/strong><\/p>\n<p>Al d\u00eda de la fecha,\u00a0<strong>se encuentran internadas 1.638 personas<\/strong>\u00a0en\u00a0<strong>camas de unidades cr\u00edticas para adultos (Covid-19\/no Covid-19)<\/strong>, lo\u00a0<strong>que representa un 61,6%<\/strong>\u00a0del total de camas de los sectores p\u00fablico y privado de la provincia C\u00f3rdoba.<\/p>\n<p>En relaci\u00f3n con las\u00a0<strong>camas cr\u00edticas para adultos Covid-19<\/strong>,\u00a0<strong>se encuentran internadas 970 personas<\/strong>, lo\u00a0<strong>que representa un 58,6%<\/strong>\u00a0del total de camas de los sectores p\u00fablico y privado de la provincia C\u00f3rdoba.<\/p>\n<p><strong>Operativos identificar<\/strong><\/p>\n<p>Con el objetivo de desarrollar estrategias de b\u00fasqueda activa de casos sospechosos de Covid-19, contin\u00faan los Operativos del Programa Identificar.<\/p>\n<p>Hoy se llevaron a cabo en las localidades de\u00a0<strong>Marcos Ju\u00e1rez (Marcos Ju\u00e1rez),<\/strong>\u00a0<strong>Villa Dolores (San Javier), Oncativo (R\u00edo Segundo), Calch\u00edn (R\u00edo Segundo), Colazo (R\u00edo Segundo), Oliva (Tercero Arriba), James Craik (Tercero Arriba), Pampayasta (Tercero Arriba), Cosqu\u00edn (Punilla),\u00a0<\/strong>y en barrios<strong>\u00a0General Bustos y San Roque de C\u00f3rdoba capital,\u00a0<\/strong>y en diversas<strong>\u00a0instituciones y controles de accesos a la Provincia<\/strong>. Durante esta estrategia sanitaria se realizaron en total\u00a0<strong>1.855 estudios<\/strong>, de los cuales\u00a0<strong>382 corresponden a toma de muestra con hisopados (PCR)<\/strong>\u00a0a quienes tuvieron contacto estrecho con casos positivos o presentaban s\u00edntomas,\u00a0<strong>73 test de ant\u00edgenos<\/strong>\u00a0y\u00a0<strong>1.400 a test serol\u00f3gicos<\/strong>\u00a0en el marco de muestreos poblacionales en esas zonas y de controles a quienes ingresan al territorio provincial. Las muestras de los hisopados est\u00e1n siendo procesadas por el Laboratorio Central de la Provincia.<\/p>\n<p>En el d\u00eda de hoy se reclasificaron 8 casos:<\/p>\n<ul>\n<li>7 asignados a Bell Ville, pero que pertenecen dos a Ballesteros, dos a Noetinger, dos a Laborde y uno a Pascanas.<\/li>\n<li>1 asignado a Impira, pero pertenece a Villa del Rosario. Por tal motivo, se elimina Impira de la tabla por no contar con casos positivos y se agrega ese caso al total de Villa del Rosario.<\/li>\n<\/ul>\n<div class=\"ubm_banner\"><a href=\"https:\/\/youtu.be\/Aprl8f4mZCk\" target=\"_blank\" rel=\"dofollow noopener noreferrer\"><img src=\"http:\/\/hoycordobaweb.com\/wp-content\/uploads\/2020\/10\/asciende-al-59-el-nivel-de-ocupacion-de-camas-criticas-para-covid-19-en-cordoba.gif\" alt=\"\"><\/a><\/div>\n<p>&nbsp;<\/p>\n<p>La entrada <a rel=\"nofollow\" href=\"https:\/\/ladecimaweb.com\/asciende-al-59-el-nivel-de-ocupacion-de-camas-criticas-para-covid-19-en-cordoba\/\">Asciende al 59% el nivel de ocupaci\u00f3n de camas cr\u00edticas para Covid-19 en C\u00f3rdoba<\/a> se public\u00f3 primero en <a rel=\"nofollow\" href=\"https:\/\/ladecimaweb.com\">LaDecima<\/a>.<\/p>\n","protected":false},"excerpt":{"rendered":"<p>(Web oficial) El Ministerio de Salud de C\u00f3rdoba inform\u00f3\u00a0 que este jueves se confirmaron 1.965 nuevos casos de Covid-19, de los cuales\u00a0810 corresponden a C\u00f3rdoba capital y 1.155 al interior,\u00a0con la siguiente distribuci\u00f3n por departamentos: Calamuchita:\u00a0Embalse 15; R\u00edo de los Sauces 1; Santa Rosa de Calamuchita 6; Segunda Usina 1; Villa Rumipal 1. Col\u00f3n:\u00a0Colonia Caroya [&hellip;]<\/p>\n","protected":false},"author":1,"featured_media":2698,"comment_status":"closed","ping_status":"closed","sticky":false,"template":"","format":"standard","meta":[],"categories":[19],"tags":[],"_links":{"self":[{"href":"http:\/\/hoycordobaweb.com\/index.php\/wp-json\/wp\/v2\/posts\/2697"}],"collection":[{"href":"http:\/\/hoycordobaweb.com\/index.php\/wp-json\/wp\/v2\/posts"}],"about":[{"href":"http:\/\/hoycordobaweb.com\/index.php\/wp-json\/wp\/v2\/types\/post"}],"author":[{"embeddable":true,"href":"http:\/\/hoycordobaweb.com\/index.php\/wp-json\/wp\/v2\/users\/1"}],"replies":[{"embeddable":true,"href":"http:\/\/hoycordobaweb.com\/index.php\/wp-json\/wp\/v2\/comments?post=2697"}],"version-history":[{"count":0,"href":"http:\/\/hoycordobaweb.com\/index.php\/wp-json\/wp\/v2\/posts\/2697\/revisions"}],"wp:featuredmedia":[{"embeddable":true,"href":"http:\/\/hoycordobaweb.com\/index.php\/wp-json\/wp\/v2\/media\/2698"}],"wp:attachment":[{"href":"http:\/\/hoycordobaweb.com\/index.php\/wp-json\/wp\/v2\/media?parent=2697"}],"wp:term":[{"taxonomy":"category","embeddable":true,"href":"http:\/\/hoycordobaweb.com\/index.php\/wp-json\/wp\/v2\/categories?post=2697"},{"taxonomy":"post_tag","embeddable":true,"href":"http:\/\/hoycordobaweb.com\/index.php\/wp-json\/wp\/v2\/tags?post=2697"}],"curies":[{"name":"wp","href":"https:\/\/api.w.org\/{rel}","templated":true}]}}