{"id":26956,"date":"2021-08-12T01:59:00","date_gmt":"2021-08-12T01:59:00","guid":{"rendered":"http:\/\/hoycordobaweb.com\/index.php\/2021\/08\/12\/marziotta-si-no-tenes-garantizada-la-conectividad-quedas-fuera-del-sistema\/"},"modified":"2021-08-12T01:59:00","modified_gmt":"2021-08-12T01:59:00","slug":"marziotta-si-no-tenes-garantizada-la-conectividad-quedas-fuera-del-sistema","status":"publish","type":"post","link":"http:\/\/hoycordobaweb.com\/index.php\/2021\/08\/12\/marziotta-si-no-tenes-garantizada-la-conectividad-quedas-fuera-del-sistema\/","title":{"rendered":"Marziotta: \u00abSi no ten\u00e9s garantizada la conectividad, qued\u00e1s fuera del sistema\u00bb"},"content":{"rendered":"<p><img src=\"http:\/\/hoycordobaweb.com\/wp-content\/uploads\/2021\/08\/marziotta-si-no-tenes-garantizada-la-conectividad-quedas-fuera-del-sistema.jpg\"><\/p>\n<div class=\"image\" id=\"image\" readability=\"7\"> <img src=\"http:\/\/hoycordobaweb.com\/wp-content\/uploads\/2021\/08\/marziotta-si-no-tenes-garantizada-la-conectividad-quedas-fuera-del-sistema-2.jpg\" alt=\"Marziotta: &quot;Tenemos un plan que pone foco en la producci\u00f3n y el trabajo&quot;.\" title=\"Marziotta: &quot;Tenemos un plan que pone foco en la producci\u00f3n y el trabajo&quot;.\"><\/p>\n<p>Marziotta: \u00abTenemos un plan que pone foco en la producci\u00f3n y el trabajo\u00bb.<\/p>\n<\/div>\n<p>La diputada nacional porte\u00f1a y precandidata a renovar su banca Gisela Marziotta (Frente de Todos) expres\u00f3 que quien no tiene \u00abgarantizada la conectividad\u00bb queda \u00abfuera del sistema\u00bb, al respaldar los dichos del presidente Alberto Fern\u00e1ndez sobre la necesidad de que Internet sea un servicio p\u00fablico.<\/p>\n<p>\u00abMi prioridad es la educaci\u00f3n y sin duda hoy va de la mano de la conectividad. Conectividad como derecho humano, ya que es lo que te permite el acceso real a la igualdad de oportunidades. Conectividad y computadora son herramientas b\u00e1sicas, y no solo en educaci\u00f3n, sino tambi\u00e9n para trabajar y hasta en los v\u00ednculos humanos tiene un rol fundamental\u00bb, asever\u00f3 a la prensa.<\/p>\n<p>La legisladora remarc\u00f3: \u00abDesde el Frente de Todos presentamos una campa\u00f1a con propuestas concretas, y buscamos interpelar al electorado respecto al proyecto que defendemos\u00bb. Y advirti\u00f3 que quien no tiene \u00abgarantizada la conectividad queda fuera del sistema\u00bb.<\/p>\n<p>\u00abTenemos un plan que pone foco en la producci\u00f3n y el trabajo, y estamos empezando a salir hacia la vida que queremos\u00bb, concluy\u00f3.<\/p>\n<p>En la continuidad de su agenda de campa\u00f1a, Marziotta, junto al primer precandidato de su lista, Leandro Santoro, participar\u00e1 este jueves de una visita encabezada por el ministro de Educaci\u00f3n, Nicolas Trotta, a la planta del Grupo N\u00facleo (fabricante de computadoras para el Programa Conectar Igualdad \u00abJuana Manso\u00bb).<\/p>\n<p>La recorrida ser\u00e1 a las 9 en Luna 55 (Parque Patricios) y se prev\u00e9 la entrega de equipamiento tecnol\u00f3gico para estudiantes. <\/p>\n","protected":false},"excerpt":{"rendered":"<p>Marziotta: \u00abTenemos un plan que pone foco en la producci\u00f3n y el trabajo\u00bb. La diputada nacional porte\u00f1a y precandidata a renovar su banca Gisela Marziotta (Frente de Todos) expres\u00f3 que quien no tiene \u00abgarantizada la conectividad\u00bb queda \u00abfuera del sistema\u00bb, al respaldar los dichos del presidente Alberto Fern\u00e1ndez sobre la necesidad de que Internet sea [&hellip;]<\/p>\n","protected":false},"author":1,"featured_media":26957,"comment_status":"open","ping_status":"closed","sticky":false,"template":"","format":"standard","meta":[],"categories":[19],"tags":[],"_links":{"self":[{"href":"http:\/\/hoycordobaweb.com\/index.php\/wp-json\/wp\/v2\/posts\/26956"}],"collection":[{"href":"http:\/\/hoycordobaweb.com\/index.php\/wp-json\/wp\/v2\/posts"}],"about":[{"href":"http:\/\/hoycordobaweb.com\/index.php\/wp-json\/wp\/v2\/types\/post"}],"author":[{"embeddable":true,"href":"http:\/\/hoycordobaweb.com\/index.php\/wp-json\/wp\/v2\/users\/1"}],"replies":[{"embeddable":true,"href":"http:\/\/hoycordobaweb.com\/index.php\/wp-json\/wp\/v2\/comments?post=26956"}],"version-history":[{"count":0,"href":"http:\/\/hoycordobaweb.com\/index.php\/wp-json\/wp\/v2\/posts\/26956\/revisions"}],"wp:featuredmedia":[{"embeddable":true,"href":"http:\/\/hoycordobaweb.com\/index.php\/wp-json\/wp\/v2\/media\/26957"}],"wp:attachment":[{"href":"http:\/\/hoycordobaweb.com\/index.php\/wp-json\/wp\/v2\/media?parent=26956"}],"wp:term":[{"taxonomy":"category","embeddable":true,"href":"http:\/\/hoycordobaweb.com\/index.php\/wp-json\/wp\/v2\/categories?post=26956"},{"taxonomy":"post_tag","embeddable":true,"href":"http:\/\/hoycordobaweb.com\/index.php\/wp-json\/wp\/v2\/tags?post=26956"}],"curies":[{"name":"wp","href":"https:\/\/api.w.org\/{rel}","templated":true}]}}