{"id":26954,"date":"2021-08-12T02:35:00","date_gmt":"2021-08-12T02:35:00","guid":{"rendered":"http:\/\/hoycordobaweb.com\/index.php\/2021\/08\/12\/con-gol-de-nacho-fernandez-mineiro-le-gano-a-river-en-el-monumental\/"},"modified":"2021-08-12T02:35:00","modified_gmt":"2021-08-12T02:35:00","slug":"con-gol-de-nacho-fernandez-mineiro-le-gano-a-river-en-el-monumental","status":"publish","type":"post","link":"http:\/\/hoycordobaweb.com\/index.php\/2021\/08\/12\/con-gol-de-nacho-fernandez-mineiro-le-gano-a-river-en-el-monumental\/","title":{"rendered":"Con gol de Nacho Fern\u00e1ndez Mineiro le gan\u00f3 a River en el Monumental"},"content":{"rendered":"<p><img src=\"http:\/\/hoycordobaweb.com\/wp-content\/uploads\/2021\/08\/con-gol-de-nacho-fernandez-mineiro-le-gano-a-river-en-el-monumental.jpg\"><\/p>\n<div class=\"image\" id=\"image\" readability=\"7\"> <img src=\"http:\/\/hoycordobaweb.com\/wp-content\/uploads\/2021\/08\/con-gol-de-nacho-fernandez-mineiro-le-gano-a-river-en-el-monumental-2.jpg\" alt=\"El uruguayo De la Cruz controla el bal\u00f3n. (Foto: Alejandro Santa Cruz)\" title=\"El uruguayo De la Cruz controla el bal\u00f3n. (Foto: Alejandro Santa Cruz)\"><\/p>\n<p>El uruguayo De la Cruz controla el bal\u00f3n. (Foto: Alejandro Santa Cruz)<\/p>\n<\/div>\n<p>Con gol de Nacho Fern\u00e1ndez, Atl\u00e9tico Mineiro venci\u00f3 a River este mi\u00e9rcoles por 1 a 0 en el partido de ida de los cuartos de final de la Copa Libertadores, que se disput\u00f3 en el estadio Monumental.<\/p>\n<p>Con un primer tiempo bien jugado, River tuvo varias situaciones de gol pero no pudo convertir y ambos equipos se retiraron a los vestuarios sin abrir el marcador.<\/p>\n<div class=\"image\" id=\"image\" readability=\"7\"> <img src=\"http:\/\/hoycordobaweb.com\/wp-content\/uploads\/2021\/08\/con-gol-de-nacho-fernandez-mineiro-le-gano-a-river-en-el-monumental-3.jpg\" alt=\"El colombiano Carrascal intenta pasar a un jugador del Mineiro.(Foto: Alejandro Santa Cruz)\" title=\"El colombiano Carrascal intenta pasar a un jugador del Mineiro.(Foto: Alejandro Santa Cruz)\"><\/p>\n<p>El colombiano Carrascal intenta pasar a un jugador del Mineiro.(Foto: Alejandro Santa Cruz)<\/p>\n<\/div>\n<p>El segundo tiempo lo encontr\u00f3 mejor parado al equipo brasile\u00f1o que a los 13 del complemento y luego de una interesante jugada colectiva logr\u00f3 ponerse en ventaja a trav\u00e9s de un remate del exvolante de River.<\/p>\n<p>Fern\u00e1ndez sali\u00f3 expulsado a los 38 minutos, luego de una tremenda plancha contra Angileri en la puerta del \u00e1rea del conjunto brasile\u00f1o, y se perder\u00e1 el duelo de vuelta.<\/p>\n<p>River deber\u00e1 ganar en precisi\u00f3n si aspira a dar vuelta la serie que habilita un boleto para la semifinal de la Libertadores, donde el vencedor de este duelo deber\u00e1 enfrentar al que pase de la disputa entre Palmeiras y San Pablo, que en la ida empataron 1 a 1.<\/p>\n","protected":false},"excerpt":{"rendered":"<p>El uruguayo De la Cruz controla el bal\u00f3n. (Foto: Alejandro Santa Cruz) Con gol de Nacho Fern\u00e1ndez, Atl\u00e9tico Mineiro venci\u00f3 a River este mi\u00e9rcoles por 1 a 0 en el partido de ida de los cuartos de final de la Copa Libertadores, que se disput\u00f3 en el estadio Monumental. Con un primer tiempo bien jugado, [&hellip;]<\/p>\n","protected":false},"author":1,"featured_media":26955,"comment_status":"open","ping_status":"closed","sticky":false,"template":"","format":"standard","meta":[],"categories":[19],"tags":[],"_links":{"self":[{"href":"http:\/\/hoycordobaweb.com\/index.php\/wp-json\/wp\/v2\/posts\/26954"}],"collection":[{"href":"http:\/\/hoycordobaweb.com\/index.php\/wp-json\/wp\/v2\/posts"}],"about":[{"href":"http:\/\/hoycordobaweb.com\/index.php\/wp-json\/wp\/v2\/types\/post"}],"author":[{"embeddable":true,"href":"http:\/\/hoycordobaweb.com\/index.php\/wp-json\/wp\/v2\/users\/1"}],"replies":[{"embeddable":true,"href":"http:\/\/hoycordobaweb.com\/index.php\/wp-json\/wp\/v2\/comments?post=26954"}],"version-history":[{"count":0,"href":"http:\/\/hoycordobaweb.com\/index.php\/wp-json\/wp\/v2\/posts\/26954\/revisions"}],"wp:featuredmedia":[{"embeddable":true,"href":"http:\/\/hoycordobaweb.com\/index.php\/wp-json\/wp\/v2\/media\/26955"}],"wp:attachment":[{"href":"http:\/\/hoycordobaweb.com\/index.php\/wp-json\/wp\/v2\/media?parent=26954"}],"wp:term":[{"taxonomy":"category","embeddable":true,"href":"http:\/\/hoycordobaweb.com\/index.php\/wp-json\/wp\/v2\/categories?post=26954"},{"taxonomy":"post_tag","embeddable":true,"href":"http:\/\/hoycordobaweb.com\/index.php\/wp-json\/wp\/v2\/tags?post=26954"}],"curies":[{"name":"wp","href":"https:\/\/api.w.org\/{rel}","templated":true}]}}