{"id":2695,"date":"2020-10-02T23:09:10","date_gmt":"2020-10-02T23:09:10","guid":{"rendered":"https:\/\/ladecimaweb.com\/?p=6961"},"modified":"2020-10-02T23:09:10","modified_gmt":"2020-10-02T23:09:10","slug":"equipan-a-los-centros-de-salud-municipal-para-la-realizacion-de-2-mil-testeos-covid-diarios","status":"publish","type":"post","link":"http:\/\/hoycordobaweb.com\/index.php\/2020\/10\/02\/equipan-a-los-centros-de-salud-municipal-para-la-realizacion-de-2-mil-testeos-covid-diarios\/","title":{"rendered":"Equipan a los centros de salud municipal para la realizaci\u00f3n de 2 mil testeos covid diarios"},"content":{"rendered":"<p><em><strong>La Provincia entreg\u00f3 equipos de testeo a 64 CAPS para <\/strong><strong>2.000 test diarios con el objeto de disminuir la circulaci\u00f3n de personas y ampliar la capacidad diagn\u00f3stica.<\/strong><strong>\u00a0<\/strong><\/em><\/p>\n<p><a href=\"https:\/\/www.cba.gov.ar\/caps-de-capital-recibieron-kits-para-testear-coronavirus\/\"><em>(Web oficial)<\/em><\/a> El ministro de Salud, Diego Cardozo; junto al secretario de Salud provincial, Pablo Carvajal; y su par de la Municipalidad de C\u00f3rdoba, Ariel Aleksandroff; dieron a conocer este viernes la <strong>estrategia articulada<\/strong> que llevaran adelante para testear Covid-19 entre ambos organismos.<\/p>\n<p>La medida contempla la entrega de\u00a0<strong>kits de testeos para diagn\u00f3stico por PCR, serol\u00f3gicos y ant\u00edgenos a 64 Centros de Atenci\u00f3n Primaria de la Salud<\/strong>\u00a0(CAPS) y a las sedes oeste, centro y norte de la Direcci\u00f3n de Especialidades M\u00e9dicas. De esta manera, estas instituciones continuar\u00e1n trabajando con los an\u00e1lisis de Covid-19 e incorporar\u00e1n 2.000 nuevos testeos diarios.<\/p>\n<p>Cardozo manifest\u00f3 que la estrategia apunta a la descentralizaci\u00f3n de testeos que realizan el Polo Sanitario, y los centros de salud p\u00fablicos y privados.<\/p>\n<p>Entre los centros de la zona sur que har\u00e1n testeos figura el de <strong>Villa El Libertador, Comercial, Cabo Farina, Albert Sabin, Villa Rivadavia y Bella Vista.\u00a0<\/strong><\/p>\n<p>Los referentes coincidieron en la importancia de continuar trabajando articuladamente entre los organismos municipales y provinciales, as\u00ed como en la estrategia de ampliar la\u00a0<strong>capacidad diagn\u00f3stica, mantener la vigilancia epidemiol\u00f3gica y realizar la identificaci\u00f3n y seguimiento del virus en la comunidad.<\/strong><\/p>\n<p><img loading=\"lazy\" class=\"alignnone size-full wp-image-6962\" src=\"http:\/\/hoycordobaweb.com\/wp-content\/uploads\/2020\/10\/equipan-a-los-centros-de-salud-municipal-para-la-realizacion-de-2-mil-testeos-covid-diarios.jpg\" alt=\"\" width=\"753\" height=\"581\" srcset=\"http:\/\/hoycordobaweb.com\/wp-content\/uploads\/2020\/10\/equipan-a-los-centros-de-salud-municipal-para-la-realizacion-de-2-mil-testeos-covid-diarios.jpg 753w, http:\/\/hoycordobaweb.com\/wp-content\/uploads\/2020\/10\/equipan-a-los-centros-de-salud-municipal-para-la-realizacion-de-2-mil-testeos-covid-diarios-1.jpg 575w\" sizes=\"(max-width: 753px) 100vw, 753px\" \/><\/p>\n<p>En relaci\u00f3n al abordaje de la contingencia sanitaria, Aleksandroff expres\u00f3: \u201c<em>Esta es una acci\u00f3n m\u00e1s realizada en conjunto entre la Provincia y el Municipio\u201d<\/em>. En este sentido, refiri\u00f3 que \u201c<em>suman hoy nuevos elementos de diagn\u00f3stico<\/em>\u201d a los 100 centros de salud que fueron adaptados y cuentan con consultorios de febriles \u201c<em>a trav\u00e9s de m\u00f3dulos externos, adem\u00e1s de las DEM y los hospitales municipales<\/em>\u201d.<\/p>\n<p>En cuanto al uso de los\u00a0<strong>test por ant\u00edgenos<\/strong>, incorporado recientemente en la provincia, el Secretario de Salud municipal expres\u00f3:\u00a0<em>\u201cYa estamos capacitando a nuestro personal de salud municipal para incorporar esta nueva tecnolog\u00eda. A los test por PCR y serol\u00f3gicos que venimos realizando en nuestros centros de salud, vamos a sumar esta cantidad de test diarias en las pr\u00f3ximas semanas.\u201d<\/em><\/p>\n<p>Aleksandroff indic\u00f3 adem\u00e1s: <strong>\u201cTenemos el m\u00f3vil\u00a0<a href=\"https:\/\/static.cdn.cadena3.com\/pagina\/tag\/?q=Covid-19\">Covid-19<\/a>\u00a0que va a estar recorriendo los barrios<\/strong> para\u00a0pacientes sintom\u00e1ticos o personas que han estado en contacto estrecho con positivos, o son poblaci\u00f3n de riesgo\u201d.<\/p>\n<p><strong>Ant\u00edgenos: especificidad y sensibilidad<\/strong><\/p>\n<p>El m\u00e9todo de testeo por ant\u00edgenos permite la detecci\u00f3n espec\u00edfica de prote\u00ednas virales en muestras obtenidas mediante hisopados nasofar\u00edngeos.<\/p>\n<p><em>\u00abEl test tiene excelente especificidad y sensibilidad para personas que presentan s\u00edntomas dentro de los primeros 7 d\u00edas de evoluci\u00f3n. A trav\u00e9s de esta t\u00e9cnica, la persona si resulta positiva para la detecci\u00f3n de Ant\u00edgenos se confirma la infecci\u00f3n por COVID- 19 y si es negativo necesita otra evoluci\u00f3n posterior seg\u00fan corresponda\u00bb<\/em>, explic\u00f3 el ministro.<\/p>\n<p>Vale destacar que los testeos de Covid-19 que se realizan en toda la provincia, se llevan adelante en base a\u00a0<strong>criterios epidemiol\u00f3gicos<\/strong>. En la ciudad capital, la ampliaci\u00f3n de la capacidad diagn\u00f3stica se vincula con una estrategia territorial, ya que las personas que consultan en los CAPS, en su mayor\u00eda, presentan s\u00edntomas.<\/p>\n<p>Al respecto, los referentes de salud, enfatizaron en que es clave facilitar el acceso a estos espacios de testeo y disminuir la circulaci\u00f3n.<\/p>\n<p>El secretario de Salud municipal record\u00f3 que la modalidad se suma a los denominados\u00a0<strong>consultorios m\u00f3viles Covid-19,<\/strong>\u00a0que recorren distintos barrios de la ciudad.<\/p>\n<p>&nbsp;<\/p>\n<div class=\"ubm_banner\"><a href=\"https:\/\/youtu.be\/Aprl8f4mZCk\" target=\"_blank\" rel=\"dofollow noopener noreferrer\"><img src=\"http:\/\/hoycordobaweb.com\/wp-content\/uploads\/2020\/10\/equipan-a-los-centros-de-salud-municipal-para-la-realizacion-de-2-mil-testeos-covid-diarios.gif\" alt=\"\"><\/a><\/div>\n<p>&nbsp;<\/p>\n<p>La entrada <a rel=\"nofollow\" href=\"https:\/\/ladecimaweb.com\/equipan-a-los-centros-de-salud-municipal-para-la-realizacion-de-2-mil-testeos-covid-diarios\/\">Equipan a los centros de salud municipal para la realizaci\u00f3n de 2 mil testeos covid diarios<\/a> se public\u00f3 primero en <a rel=\"nofollow\" href=\"https:\/\/ladecimaweb.com\">LaDecima<\/a>.<\/p>\n","protected":false},"excerpt":{"rendered":"<p>La Provincia entreg\u00f3 equipos de testeo a 64 CAPS para 2.000 test diarios con el objeto de disminuir la circulaci\u00f3n de personas y ampliar la capacidad diagn\u00f3stica.\u00a0 (Web oficial) El ministro de Salud, Diego Cardozo; junto al secretario de Salud provincial, Pablo Carvajal; y su par de la Municipalidad de C\u00f3rdoba, Ariel Aleksandroff; dieron a [&hellip;]<\/p>\n","protected":false},"author":1,"featured_media":2696,"comment_status":"closed","ping_status":"closed","sticky":false,"template":"","format":"standard","meta":[],"categories":[19],"tags":[],"_links":{"self":[{"href":"http:\/\/hoycordobaweb.com\/index.php\/wp-json\/wp\/v2\/posts\/2695"}],"collection":[{"href":"http:\/\/hoycordobaweb.com\/index.php\/wp-json\/wp\/v2\/posts"}],"about":[{"href":"http:\/\/hoycordobaweb.com\/index.php\/wp-json\/wp\/v2\/types\/post"}],"author":[{"embeddable":true,"href":"http:\/\/hoycordobaweb.com\/index.php\/wp-json\/wp\/v2\/users\/1"}],"replies":[{"embeddable":true,"href":"http:\/\/hoycordobaweb.com\/index.php\/wp-json\/wp\/v2\/comments?post=2695"}],"version-history":[{"count":0,"href":"http:\/\/hoycordobaweb.com\/index.php\/wp-json\/wp\/v2\/posts\/2695\/revisions"}],"wp:featuredmedia":[{"embeddable":true,"href":"http:\/\/hoycordobaweb.com\/index.php\/wp-json\/wp\/v2\/media\/2696"}],"wp:attachment":[{"href":"http:\/\/hoycordobaweb.com\/index.php\/wp-json\/wp\/v2\/media?parent=2695"}],"wp:term":[{"taxonomy":"category","embeddable":true,"href":"http:\/\/hoycordobaweb.com\/index.php\/wp-json\/wp\/v2\/categories?post=2695"},{"taxonomy":"post_tag","embeddable":true,"href":"http:\/\/hoycordobaweb.com\/index.php\/wp-json\/wp\/v2\/tags?post=2695"}],"curies":[{"name":"wp","href":"https:\/\/api.w.org\/{rel}","templated":true}]}}