{"id":26924,"date":"2021-08-10T16:52:30","date_gmt":"2021-08-10T16:52:30","guid":{"rendered":"http:\/\/ladecimaweb.com\/?p=10444"},"modified":"2021-08-10T16:52:30","modified_gmt":"2021-08-10T16:52:30","slug":"concejales-realizaron-un-reconocimiento-al-futbol-femenino-del-club-belgrano","status":"publish","type":"post","link":"http:\/\/hoycordobaweb.com\/index.php\/2021\/08\/10\/concejales-realizaron-un-reconocimiento-al-futbol-femenino-del-club-belgrano\/","title":{"rendered":"Concejales realizaron un reconocimiento al f\u00fatbol femenino del club Belgrano"},"content":{"rendered":"<p><em>(Enviado por prensa del Concejo)<\/em> El viceintendente Daniel Passerini encabez\u00f3 ayer un acto en Reconocimiento al Club Atl\u00e9tico Belgrano <strong>por ser el primer representante de C\u00f3rdoba en ingresar a los cert\u00e1menes de f\u00fatbol femenino de AFA.<\/strong><\/p>\n<p>Dirigi\u00e9ndose a las jugadoras del plantel femenino, Passerini expres\u00f3: \u201cSimplemente decirles que estamos muy contentos y muy orgullosos; claramente Belgrano ten\u00eda que seguir haciendo historia, y que nuestro futbol femenino est\u00e9 dando este <strong>enorme paso es un hecho destacable en la historia del club\u201d.<\/strong><\/p>\n<p>\u201c<strong>Ustedes est\u00e1n abriendo un camino<\/strong>, seguramente muchas pibas van a querer empezar a jugar al futbol y en la primera de Belgrano gracias a ustedes, y me parece que eso que suena muy f\u00e1cil es muy grande y requiere de sacrificios\u201d agreg\u00f3 Passerini.<\/p>\n<p><img loading=\"lazy\" class=\"wp-image-10446 aligncenter\" src=\"http:\/\/hoycordobaweb.com\/wp-content\/uploads\/2021\/08\/concejales-realizaron-un-reconocimiento-al-futbol-femenino-del-club-belgrano.jpg\" alt=\"\" width=\"411\" height=\"274\" srcset=\"http:\/\/hoycordobaweb.com\/wp-content\/uploads\/2021\/08\/concejales-realizaron-un-reconocimiento-al-futbol-femenino-del-club-belgrano.jpg 1280w, http:\/\/hoycordobaweb.com\/wp-content\/uploads\/2021\/08\/concejales-realizaron-un-reconocimiento-al-futbol-femenino-del-club-belgrano-2.jpg 665w, http:\/\/hoycordobaweb.com\/wp-content\/uploads\/2021\/08\/concejales-realizaron-un-reconocimiento-al-futbol-femenino-del-club-belgrano-3.jpg 768w\" sizes=\"(max-width: 411px) 100vw, 411px\" \/><\/p>\n<p>Luego de felicitar al presidente Luis Artime y a los integrantes de la Comisi\u00f3n Directiva, Passerini adelant\u00f3 que se van a tramitar los permisos necesarios para la consecuci\u00f3n de la <strong>2da edici\u00f3n del torneo Copa del Concejo Deliberant<\/strong>e, que en su primera edici\u00f3n fuera ganada por el equipo femenino del club Belgrano.<\/p>\n<p>El evento fue llevado a cabo en el predio Camino a Villa Esqui\u00fa. Participaron los concejales Sandra Trigo, Soledad Ferraro, Marcos V\u00e1zquez, Ileana Quaglino, Martin C\u00f3rdoba y Juan Negri. La titular del ministerio de la Mujer Claudia Martinez, el presidente Luifa Artime, integrantes de la Comisi\u00f3n Directiva y las futbolistas.<\/p>\n<p><img loading=\"lazy\" class=\"wp-image-10447 aligncenter\" src=\"http:\/\/hoycordobaweb.com\/wp-content\/uploads\/2021\/08\/concejales-realizaron-un-reconocimiento-al-futbol-femenino-del-club-belgrano-1.jpg\" alt=\"\" width=\"628\" height=\"419\" srcset=\"http:\/\/hoycordobaweb.com\/wp-content\/uploads\/2021\/08\/concejales-realizaron-un-reconocimiento-al-futbol-femenino-del-club-belgrano-1.jpg 1280w, http:\/\/hoycordobaweb.com\/wp-content\/uploads\/2021\/08\/concejales-realizaron-un-reconocimiento-al-futbol-femenino-del-club-belgrano-4.jpg 665w, http:\/\/hoycordobaweb.com\/wp-content\/uploads\/2021\/08\/concejales-realizaron-un-reconocimiento-al-futbol-femenino-del-club-belgrano-5.jpg 768w\" sizes=\"(max-width: 628px) 100vw, 628px\" \/><\/p>\n<p>Belgrano comenzar\u00e1 a competir en la categor\u00eda Primera C en tercera divisi\u00f3n del f\u00fatbol femenino nacional, con <strong>debut previsto para el 28 de agosto.<\/strong> Ser\u00e1 un certamen corto que otorgar\u00e1 dos ascensos a Primera B.<\/p>\n<div class=\"ubm_banner\"><a href=\"https:\/\/youtu.be\/PPZcx3DZupk\" target=\"_blank\" rel=\"dofollow noopener noreferrer\"><img src=\"http:\/\/hoycordobaweb.com\/wp-content\/uploads\/2021\/08\/concejales-realizaron-un-reconocimiento-al-futbol-femenino-del-club-belgrano.gif\" alt=\"\"><\/a><\/div>\n<p>La entrada <a rel=\"nofollow\" href=\"https:\/\/ladecimaweb.com\/concejales-realizaron-un-reconocimiento-al-futbol-femenino-del-club-belgrano\/\">Concejales realizaron un reconocimiento al f\u00fatbol femenino del club Belgrano<\/a> se public\u00f3 primero en <a rel=\"nofollow\" href=\"https:\/\/ladecimaweb.com\">LaDecima<\/a>.<\/p>\n","protected":false},"excerpt":{"rendered":"<p>(Enviado por prensa del Concejo) El viceintendente Daniel Passerini encabez\u00f3 ayer un acto en Reconocimiento al Club Atl\u00e9tico Belgrano por ser el primer representante de C\u00f3rdoba en ingresar a los cert\u00e1menes de f\u00fatbol femenino de AFA. Dirigi\u00e9ndose a las jugadoras del plantel femenino, Passerini expres\u00f3: \u201cSimplemente decirles que estamos muy contentos y muy orgullosos; claramente [&hellip;]<\/p>\n","protected":false},"author":1,"featured_media":26925,"comment_status":"closed","ping_status":"closed","sticky":false,"template":"","format":"standard","meta":[],"categories":[19],"tags":[],"_links":{"self":[{"href":"http:\/\/hoycordobaweb.com\/index.php\/wp-json\/wp\/v2\/posts\/26924"}],"collection":[{"href":"http:\/\/hoycordobaweb.com\/index.php\/wp-json\/wp\/v2\/posts"}],"about":[{"href":"http:\/\/hoycordobaweb.com\/index.php\/wp-json\/wp\/v2\/types\/post"}],"author":[{"embeddable":true,"href":"http:\/\/hoycordobaweb.com\/index.php\/wp-json\/wp\/v2\/users\/1"}],"replies":[{"embeddable":true,"href":"http:\/\/hoycordobaweb.com\/index.php\/wp-json\/wp\/v2\/comments?post=26924"}],"version-history":[{"count":0,"href":"http:\/\/hoycordobaweb.com\/index.php\/wp-json\/wp\/v2\/posts\/26924\/revisions"}],"wp:featuredmedia":[{"embeddable":true,"href":"http:\/\/hoycordobaweb.com\/index.php\/wp-json\/wp\/v2\/media\/26925"}],"wp:attachment":[{"href":"http:\/\/hoycordobaweb.com\/index.php\/wp-json\/wp\/v2\/media?parent=26924"}],"wp:term":[{"taxonomy":"category","embeddable":true,"href":"http:\/\/hoycordobaweb.com\/index.php\/wp-json\/wp\/v2\/categories?post=26924"},{"taxonomy":"post_tag","embeddable":true,"href":"http:\/\/hoycordobaweb.com\/index.php\/wp-json\/wp\/v2\/tags?post=26924"}],"curies":[{"name":"wp","href":"https:\/\/api.w.org\/{rel}","templated":true}]}}